{"id":383059,"date":"2022-09-14T00:29:22","date_gmt":"2022-09-14T04:29:22","guid":{"rendered":"http:\/\/diariodominicano.com\/?p=383059"},"modified":"2022-09-14T00:39:27","modified_gmt":"2022-09-14T04:39:27","slug":"proceres-proclaman-la-restauracion-de-la-independencia-de-republica-dominicana","status":"publish","type":"post","link":"https:\/\/diariodominicano.com\/?p=383059","title":{"rendered":"Pr\u00f3ceres proclaman la  restauraci\u00f3n de  la Independencia de Rep\u00fablica Dominicana"},"content":{"rendered":"\n<p>Gregorio Luper\u00f3n<\/p>\n\n\n\n<figure class=\"wp-block-image size-full\"><img loading=\"lazy\" decoding=\"async\" width=\"172\" height=\"242\" src=\"https:\/\/diariodominicano.com\/wp-content\/uploads\/2022\/08\/general-gaspar-polanco.jpg\" alt=\"\" class=\"wp-image-375854\"\/><figcaption>Gaspar Polanco<\/figcaption><\/figure>\n\n\n\n<p>Gaspar Polanco<\/p>\n\n\n\n<figure class=\"wp-block-image size-large\"><img loading=\"lazy\" decoding=\"async\" width=\"1024\" height=\"526\" src=\"https:\/\/diariodominicano.com\/wp-content\/uploads\/2021\/08\/29-de-marzo-de-1826-Nace-En-La-Vega-Benito-Moncion-1-1024x526.jpg\" alt=\"\" class=\"wp-image-293584\" srcset=\"https:\/\/diariodominicano.com\/wp-content\/uploads\/2021\/08\/29-de-marzo-de-1826-Nace-En-La-Vega-Benito-Moncion-1-1024x526.jpg 1024w, https:\/\/diariodominicano.com\/wp-content\/uploads\/2021\/08\/29-de-marzo-de-1826-Nace-En-La-Vega-Benito-Moncion-1-300x154.jpg 300w, https:\/\/diariodominicano.com\/wp-content\/uploads\/2021\/08\/29-de-marzo-de-1826-Nace-En-La-Vega-Benito-Moncion-1-768x395.jpg 768w, https:\/\/diariodominicano.com\/wp-content\/uploads\/2021\/08\/29-de-marzo-de-1826-Nace-En-La-Vega-Benito-Moncion-1-1536x789.jpg 1536w, https:\/\/diariodominicano.com\/wp-content\/uploads\/2021\/08\/29-de-marzo-de-1826-Nace-En-La-Vega-Benito-Moncion-1-2048x1052.jpg 2048w, https:\/\/diariodominicano.com\/wp-content\/uploads\/2021\/08\/29-de-marzo-de-1826-Nace-En-La-Vega-Benito-Moncion-1-816x419.jpg 816w\" sizes=\"auto, (max-width: 1024px) 100vw, 1024px\" \/><figcaption>Benito Monci\u00f3n<\/figcaption><\/figure>\n\n\n\n<p>Benito Moci\u00f3n<\/p>\n\n\n\n<p><\/p>\n\n\n\n<p>Por H\u00e9ctor Tineo Nolasco<\/p>\n\n\n\n<p>Diariodominicano.com<\/p>\n\n\n\n<p>SANTIAGO DE LOS CABALLEROS, el 14 de septiembre de 1863, tras la victoria de los restauradores en la Batalla de Santiago, proclamaron el acta que declar\u00f3 restaurada la Independencia de la Rep\u00fablica Dominicana.<\/p>\n\n\n\n<p>&nbsp;&nbsp;&nbsp; En el acta,&nbsp; los pr\u00f3ceres reunidos en Santiago de los Caballeros, resaltan los motivos que tuvieron para tomar las armas y restaurar la Rep\u00fablica, en raz\u00f3n de que la Anexi\u00f3n a Espa\u00f1a no fue la voluntad del pueblo dominicano.<\/p>\n\n\n\n<p>&nbsp;&nbsp; &nbsp;&nbsp;\u00ab.. nuestra anexi\u00f3n a la Corona&nbsp; no fue la obra&nbsp; de nuestra espont\u00e1nea voluntad, sino&nbsp; el querer&nbsp; fementido del general Santana y de sus secuaces, quienes en la desesperaci\u00f3n de su indefectible ca\u00edda del poder, tomaron el partido de entregar la Rep\u00fablica, la obra de grandes y cruentos sacrificios, bajo el pretexto de anexi\u00f3n al poder de Espa\u00f1a, permitiendo&nbsp; que descendiese el pabell\u00f3n cruzado, enarbolado por el mismo general Santana, a costa de la sangre del pueblo dominicano, con mil pat\u00edbulos de triste recordaci\u00f3n\u00bb.<\/p>\n\n\n\n<p>&nbsp;&nbsp;&nbsp; Consideraron que por&nbsp; magn\u00e1nimas que hayan sido las intenciones y acogidas de la reina&nbsp; Do\u00f1a Isabel II, respecto del Pueblo Dominicano, al atravesar el Atl\u00e1ntico, y al ser ejecutadas por sus mandatarios subalternos, ellas se han transformado en medidas b\u00e1rbaras y tir\u00e1nicas, que el&nbsp; pueblo&nbsp; dominicano no ha podido ni debido sufrir.<\/p>\n\n\n\n<p>&nbsp;&nbsp;&nbsp;&nbsp; \u00abPara as\u00ed probarlo, basta decir&nbsp;&nbsp; que hemos sido mandados por un&nbsp; Buceta y un Campillo, cuyos hechos son bien notorios.<\/p>\n\n\n\n<p>&nbsp;&nbsp;&nbsp;&nbsp;&nbsp;&nbsp;&nbsp;&nbsp; Los restauradores consideraron que \u00abSi el gobierno de Espa\u00f1a es pol\u00edtico, si consulta sus intereses y tambi\u00e9n los nuestros, debe persuadirse de que a un pueblo que por largo tiempo ha gustado y gozado la Libertad no es posible sojuzg\u00e1rsele sin el exterminio del \u00faltimo&nbsp; de sus hombres. De ellos debe persuadirse la augusta y cuyos filantr\u00f3picos sentimientos&nbsp; confesamos y respetamos; pero Su Majestad. ha sido enga\u00f1ada por la p\u00e9rdida del que fue nuestro Presidente, el general Pedro Santana y la de sus Ministros, y lo que ha tenido un origen vicioso, no puede ser v\u00e1lido por el transcurso del tiempo\u00bb.<\/p>\n\n\n\n<p>&nbsp;&nbsp;&nbsp;&nbsp;&nbsp;&nbsp;&nbsp;&nbsp;&nbsp; <strong>Resaltan&nbsp; que \u00abLa anexi\u00f3n de la Rep\u00fablica Dominicana a la Corona de Espa\u00f1a ha sido la voluntad de un solo hombre&nbsp; que ha dome\u00f1ado; nuestro m\u00e1s sagrados derechos<\/strong>, conquistados con 18 a\u00f1os de inmensos sacrificios, han sido traicionados y vendidos; el gabinete&nbsp; de la Naci\u00f3n Espa\u00f1ola&nbsp; ha sido enga\u00f1ado y&nbsp; enga\u00f1ados tambi\u00e9n muchos de los dominicanos de val\u00eda e influencia, con promesas que no han sido cumplidas, con ofertas luego desmentidas, pronunciamientos, manifestaciones de los pueblos arrancadas por la coacci\u00f3n, ora moral,&nbsp; ora f\u00edsica de nuestro opresor&nbsp; y los esbirros que&nbsp; le rodeaban, remitidas al gobierno espa\u00f1ol, le hicieron creer falsamente nuestra espontaneidad para anexarnos; empero, muy a breve, convencidos los pueblos del enga\u00f1o y perfidia, levantaron su cabeza y principiaron a hacer esfuerzos gloriosos, aunque por desgracia&nbsp; in\u00fatiles, al volver de la sorpresa que les produjera tan monstruoso hecho, para recobrar&nbsp; su independencia perdida, su Libertad anonadada, D\u00edganlo sino, las v\u00edctimas de Moca, San Juan, Las Matas, El Cercado, Santiago, Guayub\u00edn, Montecristi, Sabaneta y Puerto Plata.<\/p>\n\n\n\n<p>&nbsp;&nbsp;&nbsp;&nbsp; Los restauradores expresaron que durante la Anexi\u00f3n a Espa\u00f1a imper\u00f3 la opresi\u00f3n de todo g\u00e9nero, las restricciones y la exacci\u00f3n de contribuciones desconocidas e inmerecidas.<\/p>\n\n\n\n<p>&nbsp;&nbsp;&nbsp; \u00ab\u2026 los h\u00e1bitos de un pueblo libre por mucho a\u00f1os han sido contrariados impol\u00edticamente, no con aquella luz vivificadora y que ilustra, sino con un&nbsp; fuego quemante y de exterminio. Escarnio, desprecio, marcada arrogancia, persecuciones y pat\u00edbulos inmerecidos y escandalosos, son los \u00fanicos resultados&nbsp; que hemos obtenido, cual corderos, de los subalternos&nbsp; del&nbsp; Trono espa\u00f1ol, a cuyas manos se confiara nuestra suerte\u00bb.<\/p>\n\n\n\n<p>\u00a0\u00a0\u00a0 <strong>En la declaraci\u00f3n de Independencia recuerdan:<\/strong><\/p>\n\n\n\n<p>&nbsp;&nbsp;&nbsp;&nbsp;&nbsp;&nbsp;&nbsp;&nbsp;&nbsp; \u00abEl incendio, la devastaci\u00f3n de nuestras poblaciones, las esposas sin sus esposos, los hijos sin sus padres, la p\u00e9rdida de todos nuestros intereses, y la miseria en fin; he aqu\u00ed los gajes que hemos obtenido de nuestra forzada y falaz anexi\u00f3n al Trono Espa\u00f1ol. Todo hemos perdido; pero nos queda nuestra Independencia y Libertad, por las cuales estamos dispuestos a derramar nuestra \u00faltima gota de sangre.<\/p>\n\n\n\n<p>&nbsp;&nbsp;&nbsp;&nbsp; Entre los firmantes del acta de Independencia de la Restauraci\u00f3n de la Rep\u00fablica est\u00e1n: Gaspar Polanco, Gregorio Luper\u00f3n, Jos\u00e9 A. Salcedo, Benito Monci\u00f3n, Benigno Filomeno Rojas,&nbsp; P. Pujol, J. Belisario Curiel, Pedro Francisco&nbsp; Bon\u00f3, Genaro Perpi\u00f1\u00e1n, Juan Antonio Polanco, Ricardo Curiel y&nbsp; Pedro A. Pimentel.<\/p>\n\n\n\n<figure class=\"wp-block-image size-large\"><img loading=\"lazy\" decoding=\"async\" width=\"1024\" height=\"526\" src=\"https:\/\/diariodominicano.com\/wp-content\/uploads\/2021\/10\/Luperon-Despues-De-La-Restauracion-II-Ulises-Francisco-Espaillat-Quinones-1024x526.jpg\" alt=\"\" class=\"wp-image-302339\" srcset=\"https:\/\/diariodominicano.com\/wp-content\/uploads\/2021\/10\/Luperon-Despues-De-La-Restauracion-II-Ulises-Francisco-Espaillat-Quinones-1024x526.jpg 1024w, https:\/\/diariodominicano.com\/wp-content\/uploads\/2021\/10\/Luperon-Despues-De-La-Restauracion-II-Ulises-Francisco-Espaillat-Quinones-300x154.jpg 300w, https:\/\/diariodominicano.com\/wp-content\/uploads\/2021\/10\/Luperon-Despues-De-La-Restauracion-II-Ulises-Francisco-Espaillat-Quinones-768x395.jpg 768w, https:\/\/diariodominicano.com\/wp-content\/uploads\/2021\/10\/Luperon-Despues-De-La-Restauracion-II-Ulises-Francisco-Espaillat-Quinones-1536x789.jpg 1536w, https:\/\/diariodominicano.com\/wp-content\/uploads\/2021\/10\/Luperon-Despues-De-La-Restauracion-II-Ulises-Francisco-Espaillat-Quinones-2048x1052.jpg 2048w, https:\/\/diariodominicano.com\/wp-content\/uploads\/2021\/10\/Luperon-Despues-De-La-Restauracion-II-Ulises-Francisco-Espaillat-Quinones-816x419.jpg 816w\" sizes=\"auto, (max-width: 1024px) 100vw, 1024px\" \/><figcaption><strong>Ulises Francisco Espaillat<\/strong><\/figcaption><\/figure>\n\n\n\n<p>&nbsp;&nbsp;&nbsp;&nbsp; De igual modo, Ulises F. Espaillat, H. S.&nbsp; Riob\u00e9, F. A. Salcedo, Esteban Alm\u00e1nzar, Juan V. Curiel, Cirilo Castellanos, Juan A. Villa, F. Shefremberg, Ram\u00f3n Almonte, Doctor M. Ponce de Le\u00f3n, Francisco Casado, J. Epifanio M\u00e1rquez, Dionisio Troncoso, Pablo Miguel Quezada, R. Vel\u00e1zquez, Gavino Crespo, Francisco Reyes, Anastasio Mercado y&nbsp; Jos\u00e9 Herrera.<\/p>\n\n\n\n<p><strong>&nbsp;&nbsp;&nbsp; El d\u00eda 14 de septiembre de 1863, cuando se firm\u00f3 el acta de Independencia, las tropas restauradoras dispon\u00edan de 500 hombres en las elevaciones que se encuentran a ambos flancos del poblado de Altamira y de 1,000 hombres dentro del poblado, al mando del Coronel Latour.<\/strong><strong><\/strong><\/p>\n\n\n\n<p>&nbsp;&nbsp;&nbsp; Los espa\u00f1oles avanzaban con el Batall\u00f3n La Corona, a la vanguardia, los batallones Madrid y San Quint\u00edn, en el centro y los Cazadores del Batall\u00f3n Isabel II, en retaguardia.<\/p>\n\n\n\n<p>&nbsp;&nbsp;&nbsp; El informe militar indica que los dominicanos iniciaron el fuego a las 14:30 horas, cuando la vanguardia espa\u00f1ola entr\u00f3 en la zona de muerte. Los espa\u00f1oles trataron de emplazar sus piezas de artiller\u00eda a la entrada del pueblo, pero una columna de 500 hombres restauradores lo impidi\u00f3.<\/p>\n\n\n\n<p>&nbsp;&nbsp; En esa circunstancia, la vanguardia espa\u00f1ola se vio obligada a replegarse hacia la retaguardia, pero para esto fue necesario que calaran sus bayonetas y al arma blanca obligaron a los restauradores a dispersarse hacia los flancos.<\/p>\n\n\n\n<p>&nbsp;&nbsp; Las fuerzas dominicanas que se encontraban&nbsp; en las alturas, continuaron su fuego de hostigamiento contra las tropas espa\u00f1olas, que&nbsp; ripostaban con fuerza de artiller\u00eda.<\/p>\n\n\n\n<figure class=\"wp-block-image size-large\"><img loading=\"lazy\" decoding=\"async\" width=\"836\" height=\"1024\" src=\"https:\/\/diariodominicano.com\/wp-content\/uploads\/2022\/02\/Benigno00-836x1024.jpg\" alt=\"\" class=\"wp-image-332279\" srcset=\"https:\/\/diariodominicano.com\/wp-content\/uploads\/2022\/02\/Benigno00-836x1024.jpg 836w, https:\/\/diariodominicano.com\/wp-content\/uploads\/2022\/02\/Benigno00-245x300.jpg 245w, https:\/\/diariodominicano.com\/wp-content\/uploads\/2022\/02\/Benigno00-768x941.jpg 768w, https:\/\/diariodominicano.com\/wp-content\/uploads\/2022\/02\/Benigno00-816x1000.jpg 816w, https:\/\/diariodominicano.com\/wp-content\/uploads\/2022\/02\/Benigno00.jpg 1000w\" sizes=\"auto, (max-width: 836px) 100vw, 836px\" \/><figcaption>Benigno Filomeno Rojas<\/figcaption><\/figure>\n\n\n\n<p><strong>&nbsp;&nbsp;&nbsp;&nbsp; El texto del Acta de Independencia es el siguiente:<\/strong><strong><\/strong><\/p>\n\n\n\n<p>&nbsp;&nbsp;&nbsp;&nbsp;&nbsp;&nbsp;&nbsp;&nbsp;&nbsp;&nbsp;&nbsp;&nbsp;&nbsp;&nbsp;&nbsp;&nbsp;&nbsp;&nbsp;&nbsp;&nbsp;&nbsp;&nbsp;&nbsp;&nbsp; <strong>Acta de independencia<\/strong><strong><\/strong><\/p>\n\n\n\n<p>&nbsp;&nbsp;&nbsp; \u00abNosotros los habitantes de la parte de Espa\u00f1a de la Isla de Santo Domingo, manifestamos por medio de la presente acta de Independencia, ante Dios, el mundo entero y el Trono de Espa\u00f1a, los justos y legales motivos&nbsp; que nos han obligado a tomar las armas para restaurar&nbsp; la Rep\u00fablica Dominicana y reconquistar&nbsp; nuestra libertad;&nbsp; el primero, el m\u00e1s precioso de los derechos&nbsp; con que el hombre&nbsp; fue favorecido por el Supremo Hacedor&nbsp; del Universo, justificando as\u00ed nuestra&nbsp; conducta&nbsp; arreglada y nuestro imprescindible obrar, toda vez que&nbsp; otros medios suaves y persuasivos, uno de todos muy&nbsp; elocuente,&nbsp; no han sido bastantes para persuadir&nbsp; al trono de Castilla, de que nuestra anexi\u00f3n a la Corona&nbsp; no fue la obra&nbsp; de nuestra espont\u00e1nea voluntad, sino&nbsp; el querer&nbsp; fementido del general Santana y de sus secuaces, quienes en la desesperaci\u00f3n de su indefectible ca\u00edda del poder, tomaron el partido de entregar la Rep\u00fablica, la obra de grandes y cruentos sacrificios, bajo el pretexto de anexi\u00f3n al poder de Espa\u00f1a, permitiendo&nbsp; que descendiese el pabell\u00f3n cruzado, enarbolado por el mismo general Santana, a costa de la sangre del pueblo dominicano, con mil pat\u00edbulos de triste recordaci\u00f3n.<\/p>\n\n\n\n<p>&nbsp;&nbsp;&nbsp;&nbsp;&nbsp;&nbsp;&nbsp;&nbsp;&nbsp; \u00abPor magn\u00e1nimas que hayan sido las intenciones y acogidas de S.M. Do\u00f1a Isabel II (Q.D.G.), respeto del Pueblo Dominicano, al atravesar el Atl\u00e1ntico, y al ser ejecutadas por sus mandatarios subalternos, ellas se han transformado en medidas b\u00e1rbaras y tir\u00e1nicas, que este pueblo no ha podido ni debido sufrir. Para as\u00ed probarlo, basta decir&nbsp;&nbsp; que hemos sido mandados por un&nbsp; Buceta y un Campillo, cuyos hechos son bien notorios.<\/p>\n\n\n\n<p>&nbsp;&nbsp;&nbsp;&nbsp;&nbsp;&nbsp;&nbsp;&nbsp;&nbsp; \u00abLa anexi\u00f3n de la Rep\u00fablica Dominicana a la Corona de Espa\u00f1a ha sido la voluntad de un solo hombre&nbsp; que ha dome\u00f1ado; nuestro m\u00e1s sagrados derechos, conquistados con 18 a\u00f1os de inmensos sacrificios, han sido traicionados y vendidos; el gabinete&nbsp; de la Naci\u00f3n Espa\u00f1ola&nbsp; ha sido enga\u00f1ado y&nbsp; enga\u00f1ados tambi\u00e9n muchos de los dominicanos de val\u00eda e influencia, con promesas que no han sido cumplidas, con ofertas luego desmentidas, pronunciamientos, manifestaciones de los pueblos arrancadas por la coacci\u00f3n, ora moral,&nbsp; ora f\u00edsica de nuestro opresor&nbsp; y los esbirros que&nbsp; le rodeaban, remitidas al gobierno espa\u00f1ol, le hicieron creer falsamente nuestra espontaneidad para anexarnos; empero, muy a breve, convencidos los pueblos del enga\u00f1o y perfidia, levantaron su cabeza y principiaron a hacer esfuerzos gloriosos, aunque por desgracia in\u00fatiles, al volver de la sorpresa que les produjera tan monstruoso hecho, para recobrar&nbsp; su independencia perdida, su Libertad anonadada, D\u00edganlo sino, las v\u00edctimas de Moca, San Juan, Las Matas, el Cercado, Santiago, Guayub\u00edn, Montecristi, Sabaneta y Puerto Plata.<\/p>\n\n\n\n<p>&nbsp;&nbsp;&nbsp;&nbsp;&nbsp;&nbsp;&nbsp;&nbsp;&nbsp; \u00ab\u00bfY c\u00f3mo ha ejercido la Espa\u00f1a el dominio&nbsp; que indebidamente adquiri\u00f3 sobre unos pueblos libres? La opresi\u00f3n de todo g\u00e9nero, las restricciones y la exacci\u00f3n de contribuciones desconocidas e inmerecidas, fueron muy luego puestas en ejercicio.<\/p>\n\n\n\n<p>&nbsp;&nbsp;&nbsp;&nbsp;&nbsp;&nbsp;&nbsp;&nbsp;&nbsp; \u00ab\u00bfHa observado por ventura para con un pueblo que se le hab\u00eda sometido, aunque de mal grado, las leyes de los pa\u00edses cultos y civilizado, guardado y respetando cual deb\u00eda las conveniencias,&nbsp; las costumbres, el car\u00e1cter y los derechos naturales&nbsp; de todo hombre en Sociedad? Lejos de eso: los h\u00e1bitos de un pueblo libre por muchos a\u00f1os han sido contrariados impol\u00edticamente, no con aquella luz vivificadora y que ilustra, sino con un&nbsp; fuego quemante y de exterminio. Escarnio, desprecio, marcada arrogancia, persecuciones y pat\u00edbulos inmerecidos y escandalosos, son los \u00fanicos resultados&nbsp; que hemos obtenidos, cual corderos, de los subalternos&nbsp; de Trono espa\u00f1ol, a cuyas manos se confiara nuestra suerte.<\/p>\n\n\n\n<p>&nbsp;&nbsp;&nbsp;&nbsp;&nbsp;&nbsp;&nbsp;&nbsp;&nbsp; \u00abEl incendio, la devastaci\u00f3n de nuestras poblaciones, las esposas sin sus esposos, los hijos sin sus padres, la p\u00e9rdida de todos nuestros intereses, y la miseria en fin; he aqu\u00ed los gajes que hemos obtenido de nuestra forzada y falaz anexi\u00f3n al Trono Espa\u00f1ol. Todo hemos perdido; pero nos queda nuestra Independencia y Libertad, por las cuales estamos dispuestos a derramar nuestra \u00faltima gota de sangre.<\/p>\n\n\n\n<p>&nbsp;&nbsp;&nbsp;&nbsp;&nbsp;&nbsp;&nbsp;&nbsp;&nbsp; \u00abSi el gobierno de Espa\u00f1a es pol\u00edtico, si consulta sus intereses y tambi\u00e9n los nuestros, debe persuadirse de que a un pueblo que por largo tiempo ha gustado y gozado la Libertad no es posible sojuzg\u00e1rsele sin el exterminio del \u00faltimo&nbsp; de sus hombres. De ellos debe persuadirse la augusta y cuyos filantr\u00f3picos sentimientos confesamos y respetamos; pero S.M. ha sido enga\u00f1ada por la p\u00e9rdida del que fue nuestro Presidente, el general Pedro Santana y la de sus Ministros, y lo que ha tenido un origen vicioso, no puede ser v\u00e1lido por el transcurso del tiempo.<\/p>\n\n\n\n<p>&nbsp;&nbsp;&nbsp; \u00abHe aqu\u00ed las razones legales y muy justos motivos que nos han obligado a tomar las armas y defendernos como lo haremos siempre, de la dominaci\u00f3n que nos oprime&nbsp; y que viola nuestros sacrosantos derechos, as\u00ed como las leyes opresoras que no&nbsp; han debido impon\u00e9rsenos.<\/p>\n\n\n\n<p>&nbsp;&nbsp;&nbsp; \u00abEl mundo conocer\u00e1 nuestra justicia y fallar\u00e1. El Gobierno Espa\u00f1ol deber\u00e1 conocerla tambi\u00e9n, respetarla y obrar en consecuencia.<\/p>\n\n\n\n<p>Santiago de los Caballeros, Septiembre 14 de 1863<\/p>\n\n\n\n<p>&nbsp;&nbsp;&nbsp;&nbsp;&nbsp; Firmados: Gaspar Polanco, Gregorio Luperon, Jos\u00e9 A. Salcedo, Benito Monci\u00f3n, Benigno F. Rojas, P. Pujol, J. Belisario Curiel, Pedro Francisco&nbsp; Bon\u00f3, Genaro Perpi\u00f1\u00e1n, Juan Antonio Polanco, Ricardo Curiel, Pedro A. Pimentel, Ulises F. Espaillat, H. S.&nbsp; Riob\u00e9, F. A. Salcedo, Esteban Almanza, Juan V. Curiel, Cirilo Castellanos, Juan A. Villa, F. Shefremberg, Ram\u00f3n Almonte, Doctor M. Ponce de Le\u00f3n, Francisco Casado, J. Epifanio M\u00e1rquez, Dionisio Troncoso, Pablo. Miguel Quezada, R. Vel\u00e1zquez, Gavino Crespo, Francisco Reyes, Anastasio Mercado, Jos\u00e9 Herrera, Juan Mar\u00eda Jim\u00e9nez, Santiago Petit\u00f3n, Jos\u00e9 Miguel Reyes, Jacobo Rodr\u00edguez , Jos\u00e9 J. Reyes, Tam\u00f3n Polanco,&nbsp; Andr\u00e9s Reyes Tolentino, Francisco de Pe\u00f1a,&nbsp; Manuel Tejada, Ram\u00f3n L\u00f3pez, Bonifacio Savi\u00f1\u00f3n,&nbsp; Ulpiano de C\u00f3rdoba, Eugenio&nbsp; Valerio, Domingo&nbsp; Miguel Pichardo, Ram\u00f3n Batista, Remigio Batista, Evaristo Aybar, Jos\u00e9 Espaillat, Fed\u00e9rico Miranda, Tancredo Fondeu,Miguel M\u00fa\u00f1oz,&nbsp; Faustino Garc\u00eda, Wesceslao Reyes, M.R. Rodr\u00edguez,&nbsp; Juan de Jes\u00fas&nbsp; Meg\u00eda, Manuel L\u00f3pez, Francisco Javier Guridi, Francisco Angela, Furcy Fondeur, Esteban Aybar, Jos\u00e9 J. M\u00e9ndez, Santos Quesada, Miguel A. Rom\u00f3n, Mart\u00edn de Moya, Virgilio L\u00f3pez, Sebasti\u00e1n, Pichardo, Manuel A. Rom\u00e1n,&nbsp; Eugenio&nbsp; Fondeur, Vicente Morel, Emeterio Disla, Alejandro A. Reyes, Vicente Tavares, Manuel de Jes\u00fas Tavarez, Jos\u00e9 A. Olavarrieta, Macario de Lora. Juan E. Gil, Antonio&nbsp; Ure\u00f1a, Juan Antonio Pichardo, Clisancio de los Santos, Pedro Tapia, Tom\u00e1s Cocco hijo, Manuel de Jes\u00fas Vargas,&nbsp; Juan Jos\u00e9 de Vargas, Sebasti\u00e1n Valverde, Agust\u00edn F. Bid\u00f3, Santiago de Lora, Florentino Calder\u00f3n, Tel\u00e9sforo Reynoso, Manuel Mar\u00eda Grull\u00f3n,&nbsp; Buenaventura&nbsp; Grull\u00f3n, Juan Ricardo Justiniano Curiel, Jos\u00e9 R. Curiel, Manuel Ma.&nbsp; Curiel, Manuel Mar\u00eda Abreu, Joaqu\u00edn Valc\u00e1rcel, Manuel Mar\u00eda Ramos, Faustino Caballero, Ram\u00f3n Guzm\u00e1n, Bone Angrand, Sim\u00f3n Vald\u00e9s, Santiago Ure\u00f1a, Siverio Almonte, Pedro A. Batista, Ram\u00f3n Calder\u00f3n, Jos\u00e9 Michel, Tom\u00e1s Morillo, Eusebio G\u00f3mez, Santiago Tavera, Juan del Rosario, Zacar\u00edas Ferreria, Zacar\u00edas&nbsp; Espinal, Adolfo de Lara, Benigno de Lora, Gregorio Ure\u00f1a, Ferm\u00edn Cepeda, Manuel de Jes\u00fas Raposo, Tom\u00e1s Aybar, Raymundo Camejo, Narciso Rom\u00e1n, Manuel de Jes\u00fas N\u00fa\u00f1ez, Emeterio Morel, Joaqu\u00edn Silva, Jos\u00e9 Gabriel Garc\u00eda, Santos Murasachi, Narciso Quintero, Fed\u00e9rico Morel, Jos\u00e9 Mar\u00eda Garc\u00eda, Filomerno Beato, Marcos Mej\u00eda, etc., etc. (Siguen m\u00e1s firmas).<\/p>\n","protected":false},"excerpt":{"rendered":"<p>Gregorio Luper\u00f3n Gaspar Polanco Benito Moci\u00f3n Por H\u00e9ctor Tineo Nolasco Diariodominicano.com SANTIAGO DE LOS CABALLEROS, el 14 de septiembre de 1863, tras la victoria de los restauradores en la Batalla de Santiago, proclamaron el acta que declar\u00f3 restaurada la Independencia de la Rep\u00fablica Dominicana. &nbsp;&nbsp;&nbsp; En el acta,&nbsp; los pr\u00f3ceres reunidos en Santiago de los [&hellip;]<\/p>\n","protected":false},"author":28,"featured_media":376311,"comment_status":"closed","ping_status":"","sticky":true,"template":"","format":"standard","meta":{"footnotes":""},"categories":[26,27],"tags":[],"class_list":["post-383059","post","type-post","status-publish","format-standard","has-post-thumbnail","hentry","category-efemerides","category-portada"],"_links":{"self":[{"href":"https:\/\/diariodominicano.com\/index.php?rest_route=\/wp\/v2\/posts\/383059","targetHints":{"allow":["GET"]}}],"collection":[{"href":"https:\/\/diariodominicano.com\/index.php?rest_route=\/wp\/v2\/posts"}],"about":[{"href":"https:\/\/diariodominicano.com\/index.php?rest_route=\/wp\/v2\/types\/post"}],"author":[{"embeddable":true,"href":"https:\/\/diariodominicano.com\/index.php?rest_route=\/wp\/v2\/users\/28"}],"replies":[{"embeddable":true,"href":"https:\/\/diariodominicano.com\/index.php?rest_route=%2Fwp%2Fv2%2Fcomments&post=383059"}],"version-history":[{"count":3,"href":"https:\/\/diariodominicano.com\/index.php?rest_route=\/wp\/v2\/posts\/383059\/revisions"}],"predecessor-version":[{"id":383065,"href":"https:\/\/diariodominicano.com\/index.php?rest_route=\/wp\/v2\/posts\/383059\/revisions\/383065"}],"wp:featuredmedia":[{"embeddable":true,"href":"https:\/\/diariodominicano.com\/index.php?rest_route=\/wp\/v2\/media\/376311"}],"wp:attachment":[{"href":"https:\/\/diariodominicano.com\/index.php?rest_route=%2Fwp%2Fv2%2Fmedia&parent=383059"}],"wp:term":[{"taxonomy":"category","embeddable":true,"href":"https:\/\/diariodominicano.com\/index.php?rest_route=%2Fwp%2Fv2%2Fcategories&post=383059"},{"taxonomy":"post_tag","embeddable":true,"href":"https:\/\/diariodominicano.com\/index.php?rest_route=%2Fwp%2Fv2%2Ftags&post=383059"}],"curies":[{"name":"wp","href":"https:\/\/api.w.org\/{rel}","templated":true}]}}