{"id":38304,"date":"2020-06-25T22:08:57","date_gmt":"2020-06-25T22:08:57","guid":{"rendered":"http:\/\/diariodominicano.ddns.net\/?p=38304"},"modified":"2020-06-25T22:08:57","modified_gmt":"2020-06-25T22:08:57","slug":"la-verdad-y-la-politica","status":"publish","type":"post","link":"https:\/\/diariodominicano.com\/?p=38304","title":{"rendered":"&#13;La verdad y la pol\u00edtica"},"content":{"rendered":"<p><body><\/p>\n<p><strong>Diariodominicano.com<\/strong><\/p>\n<p><strong>A Pleno Sol<\/strong><\/p>\n<p><strong>La verdad y la pol\u00edtica<\/strong><\/p>\n<p><strong>Por Manuel Hern\u00e1ndez Villeta<\/strong><\/p>\n<\/p>\n<\/p>\n<p>En la guerra y la pol\u00edtica, lo primero que se pierde es la verdad y la objetividad. Cada cual toma un pedazo de la hoja y desde all\u00ed exhibe su verdad. Llega un momento en que es dif\u00edcil determinar lo que es cierto o lo que es falso.<\/p>\n<\/p>\n<p>M\u00e1s aun en la \u00e9poca cibern\u00e9tica, donde se vende la verdad y la mentira como jinetes del mismo caballo. La pol\u00edtica y la guerra son hermanas y hay algunos libre-pensadores que se\u00f1alan que es lo mismo. Lo cierto, es que ambos son movidos por los intereses econ\u00f3micos.<\/p>\n<\/p>\n<p>Las guerras no se iniciaron por ofensas personales, sino en la b\u00fasqueda de poder econ\u00f3mico. El mundo de hoy es regido por la acumulaci\u00f3n de riquezas, y para poder tener un pa\u00eds con independencia pol\u00edtica, tiene que tener en sus manos su destino econ\u00f3mico.<\/p>\n<p>Con los individuos es lo mismo. Hay  hombres que se doblegan por sus limitaciones econ\u00f3micas. Otros manejan esas emociones dejando caer boronas y remiendos a los que se encuentran ansiosos. Un hombre sin conciencia y sin independencia, es un t\u00edtere manejado al antojo de cualquier prestidigitador social.<\/p>\n<\/p>\n<p>Fue  el ministro de propaganda de Adolfo Hitler en la segunda guerra mundial, Joseph Goebbels,  quien acu\u00f1\u00f3 el concepto de que la verdad se puede tirar al vertedero de basura, y hacer florecer la mentira. Es  conocida su frase de que  \u00abuna mentira repetida mil veces se convierte en verdad\u00bb.<\/p>\n<\/p>\n<p>Visto hoy los grandes medios de comunicaci\u00f3n, incluyendo las redes sociales, se puede llegar a la conclusi\u00f3n de que el poder de determinar verdad o mentira, est\u00e1 cimentado en  el control que se tenga de  masificar el pensamiento de la gente.<\/p>\n<\/p>\n<p>Pero la verdad siempre sale a flote. No puede ser ocultada, no puede ser mantenida en las sombras. Lo importante es saber en qu\u00e9 tiempo la voz indetenible de la verdad podr\u00e1 salir a flote. A veces necesita que pasen muchas generaciones, antes de que logre erradicar la mentira.<\/p>\n<\/p>\n<p>En medio de la ebullici\u00f3n pol\u00edtico-partidista es dif\u00edcil poder mantenerse apegado a la verdad.  Para ser exponente de la objetividad y la verdad, se tiene que estar en disposici\u00f3n de pasar hambre, necesidades y hasta tener que ofrendar la vida.<\/p>\n<\/p>\n<p>En medio de la crisis pol\u00edtica actual solo vamos a ser fieles a nuestra conciencia y la \u00fanica verdad, que es la que nace de la objetividad y el respeto al derecho ajeno. Nuestro lema seguir\u00e1 siendo: \u00abConocer\u00e9is la verdad y la verdad os har\u00e1 libres\u00bb. \u00a1Ay!, se me acab\u00f3 la tinta.<\/p>\n<\/p>\n<h6> 2020-06-25 22:08:57 <\/h6>\n<p><!--\n<link rel=\"stylesheet\" href=\"css\/bootstrap.min.css\">\n\n\n<ul class=\"pagination\">\n\t    \n\t\n\n<li >\n\t<a href='?page_no=172'>Previous<\/a>\n\t<\/li>\n\n\n       \n    \n\n<li><a href='?page_no=1'>1<\/a><\/li>\n\n\n\n<li><a href='?page_no=2'>2<\/a><\/li>\n\n\n\n<li><a>...<\/a><\/li>\n\n\n\n<li><a href='?page_no=171'>171<\/a><\/li>\n\n\n\n<li><a href='?page_no=172'>172<\/a><\/li>\n\n\n\n<li class='active'><a>173<\/a><\/li>\n\n\n\n<li><a href='?page_no=174'>174<\/a><\/li>\n\n\n\n<li><a href='?page_no=175'>175<\/a><\/li>\n\n\n\n<li><a>...<\/a><\/li>\n\n\n\n<li><a href='?page_no=13611'>13611<\/a><\/li>\n\n\n\n<li><a href='?page_no=13612'>13612<\/a><\/li>\n\n    \n\t\n\n<li >\n\t<a href='?page_no=174'>Next<\/a>\n\t<\/li>\n\n\n    \n\n<li><a href='?page_no=13612'>Last &rsaquo;&rsaquo;<\/a><\/li>\n\n<\/ul>\n\n\n--><br \/>\n<\/body><\/p>\n","protected":false},"excerpt":{"rendered":"<p>Diariodominicano.com A Pleno Sol La verdad y la pol\u00edtica Por Manuel Hern\u00e1ndez Villeta En la guerra y la pol\u00edtica, lo primero que se pierde es la verdad y la objetividad. Cada cual toma un pedazo de la hoja y desde all\u00ed exhibe su verdad. Llega un momento en que es dif\u00edcil determinar lo que es [&hellip;]<\/p>\n","protected":false},"author":3,"featured_media":0,"comment_status":"open","ping_status":"open","sticky":false,"template":"","format":"standard","meta":{"footnotes":""},"categories":[16],"tags":[],"class_list":["post-38304","post","type-post","status-publish","format-standard","hentry","category-opiniones"],"_links":{"self":[{"href":"https:\/\/diariodominicano.com\/index.php?rest_route=\/wp\/v2\/posts\/38304","targetHints":{"allow":["GET"]}}],"collection":[{"href":"https:\/\/diariodominicano.com\/index.php?rest_route=\/wp\/v2\/posts"}],"about":[{"href":"https:\/\/diariodominicano.com\/index.php?rest_route=\/wp\/v2\/types\/post"}],"author":[{"embeddable":true,"href":"https:\/\/diariodominicano.com\/index.php?rest_route=\/wp\/v2\/users\/3"}],"replies":[{"embeddable":true,"href":"https:\/\/diariodominicano.com\/index.php?rest_route=%2Fwp%2Fv2%2Fcomments&post=38304"}],"version-history":[{"count":0,"href":"https:\/\/diariodominicano.com\/index.php?rest_route=\/wp\/v2\/posts\/38304\/revisions"}],"wp:attachment":[{"href":"https:\/\/diariodominicano.com\/index.php?rest_route=%2Fwp%2Fv2%2Fmedia&parent=38304"}],"wp:term":[{"taxonomy":"category","embeddable":true,"href":"https:\/\/diariodominicano.com\/index.php?rest_route=%2Fwp%2Fv2%2Fcategories&post=38304"},{"taxonomy":"post_tag","embeddable":true,"href":"https:\/\/diariodominicano.com\/index.php?rest_route=%2Fwp%2Fv2%2Ftags&post=38304"}],"curies":[{"name":"wp","href":"https:\/\/api.w.org\/{rel}","templated":true}]}}