{"id":382825,"date":"2022-09-13T09:04:20","date_gmt":"2022-09-13T13:04:20","guid":{"rendered":"http:\/\/diariodominicano.com\/?p=382825"},"modified":"2022-09-13T09:04:20","modified_gmt":"2022-09-13T13:04:20","slug":"continua-en-cuba-homenaje-a-historiador-eusebio-leal","status":"publish","type":"post","link":"https:\/\/diariodominicano.com\/?p=382825","title":{"rendered":"Contin\u00faa en Cuba homenaje a historiador Eusebio Leal"},"content":{"rendered":"\n<p>La Habana, 13 sep (Prensa Latina) La Casa Eusebio Leal prosigue hoy en esta capital con las acciones conmemorativas por los 80 a\u00f1os del fallecido Historiador de La Habana al acoger la proyecci\u00f3n de materiales dedicado a la obra del intelectual cubano.&nbsp;&nbsp;&nbsp;&nbsp;<\/p>\n\n\n\n<ul class=\"wp-block-list\"><li>septiembre 13, 2022<\/li><li>CDT00:27 (GMT) -0400<\/li><\/ul>\n\n\n\n<p>Ubicada en una antigua casona de la calle Amargura, la instituci\u00f3n ser\u00e1 sede para la exhibici\u00f3n de la entrevista realizada por la investigadora Alicia Conde, como parte del proyecto Pensamiento pedag\u00f3gico cubano de la primera mitad del siglo XX.<\/p>\n\n\n\n<p>De igual modo, el panel te\u00f3rico Puesta en valor de la Casa Eusebio Leal como centro de ciencia y cultura dirigido a estudiantes del Colegio San Ger\u00f3nimo, tendr\u00e1 lugar en el propio recinto que promueve y resguarda parte del patrimonio del Doctor en Ciencias Hist\u00f3ricas.<\/p>\n\n\n\n<p>El \u00faltimo espacio que Leal utiliz\u00f3 como oficina abrir\u00e1 puertas tambi\u00e9n a la conferencia sobre el legado de Jes\u00fas Orta Ruiz (El Indio Nabor\u00ed), impartida por su hijo e investigador, Fidel Alejandro Orta, a prop\u00f3sito del centenario del notable poeta de la isla.<\/p>\n\n\n\n<p>La cita complementa el programa del Primer Congreso Iberoamericano de la D\u00e9cima y el Verso Improvisado, a celebrarse del 28 al 30 de septiembre en la capital cubana.<\/p>\n\n\n\n<p>acl\/chm<\/p>\n","protected":false},"excerpt":{"rendered":"<p>La Habana, 13 sep (Prensa Latina) La Casa Eusebio Leal prosigue hoy en esta capital con las acciones conmemorativas por los 80 a\u00f1os del fallecido Historiador de La Habana al acoger la proyecci\u00f3n de materiales dedicado a la obra del intelectual cubano.&nbsp;&nbsp;&nbsp;&nbsp; septiembre 13, 2022 CDT00:27 (GMT) -0400 Ubicada en una antigua casona de la [&hellip;]<\/p>\n","protected":false},"author":28,"featured_media":382826,"comment_status":"closed","ping_status":"","sticky":true,"template":"","format":"standard","meta":{"footnotes":""},"categories":[26,27],"tags":[],"class_list":["post-382825","post","type-post","status-publish","format-standard","has-post-thumbnail","hentry","category-efemerides","category-portada"],"_links":{"self":[{"href":"https:\/\/diariodominicano.com\/index.php?rest_route=\/wp\/v2\/posts\/382825","targetHints":{"allow":["GET"]}}],"collection":[{"href":"https:\/\/diariodominicano.com\/index.php?rest_route=\/wp\/v2\/posts"}],"about":[{"href":"https:\/\/diariodominicano.com\/index.php?rest_route=\/wp\/v2\/types\/post"}],"author":[{"embeddable":true,"href":"https:\/\/diariodominicano.com\/index.php?rest_route=\/wp\/v2\/users\/28"}],"replies":[{"embeddable":true,"href":"https:\/\/diariodominicano.com\/index.php?rest_route=%2Fwp%2Fv2%2Fcomments&post=382825"}],"version-history":[{"count":1,"href":"https:\/\/diariodominicano.com\/index.php?rest_route=\/wp\/v2\/posts\/382825\/revisions"}],"predecessor-version":[{"id":382827,"href":"https:\/\/diariodominicano.com\/index.php?rest_route=\/wp\/v2\/posts\/382825\/revisions\/382827"}],"wp:featuredmedia":[{"embeddable":true,"href":"https:\/\/diariodominicano.com\/index.php?rest_route=\/wp\/v2\/media\/382826"}],"wp:attachment":[{"href":"https:\/\/diariodominicano.com\/index.php?rest_route=%2Fwp%2Fv2%2Fmedia&parent=382825"}],"wp:term":[{"taxonomy":"category","embeddable":true,"href":"https:\/\/diariodominicano.com\/index.php?rest_route=%2Fwp%2Fv2%2Fcategories&post=382825"},{"taxonomy":"post_tag","embeddable":true,"href":"https:\/\/diariodominicano.com\/index.php?rest_route=%2Fwp%2Fv2%2Ftags&post=382825"}],"curies":[{"name":"wp","href":"https:\/\/api.w.org\/{rel}","templated":true}]}}