{"id":38282,"date":"2020-06-28T15:13:41","date_gmt":"2020-06-28T15:13:41","guid":{"rendered":"http:\/\/diariodominicano.ddns.net\/?p=38282"},"modified":"2020-06-28T15:13:41","modified_gmt":"2020-06-28T15:13:41","slug":"la-atmosfera-de-resentidos-es-un-suicidio-colectivo","status":"publish","type":"post","link":"https:\/\/diariodominicano.com\/?p=38282","title":{"rendered":"&#13;LA ATM\u00d3SFERA DE RESENTIDOS &#13;ES UN SUICIDIO COLECTIVO"},"content":{"rendered":"<p><body><\/p>\n<p>ALGO M\u00c1S QUE PALABRAS<\/p>\n<\/p>\n<p>LA ATM\u00d3SFERA DE RESENTIDOS <\/p>\n<p>ES UN SUICIDIO COLECTIVO<\/p>\n<p>\u00ab\u00a1El peculio debe asistir y no mandar!\u00bb<\/p>\n<\/p>\n<p>=============================<\/p>\n<p>V\u00edctor CORCOBA HERRERO\/ Escritor<\/p>\n<p>corcoba@telefonica.net\t<\/p>\n<p>============================= <\/p>\n<\/p>\n<p>\tNo pod\u00edamos caer m\u00e1s bajo, apenas nos conmueve nada y el inherente entusiasmo viviente ha dejado de palpitar en muchas personas, con una b\u00fasqueda enfermiza de reclusi\u00f3n y aislamiento. Lo nefasto de todo esto, es haber perdido la alegr\u00eda de vivir don\u00e1ndose, el aliento por hacer el bien y hasta el pulso templado, en perpetua armon\u00eda con la naturaleza, que es lo que realmente nos permite levantar la cabeza y volver a empezar. Esa conciencia aislada, resentida, sumida en el ego\u00edsmo y en lo ef\u00edmero de placeres superficiales, nos deja sin fortaleza, totalmente desorientados y abatidos, para dar un nuevo horizonte existencial a nuestros pasos. Sabemos que no podemos continuar bajo el r\u00e9gimen de este desgarrador hurac\u00e1n discriminatorio, que lo \u00fanico que fermenta es la pobreza, la desigualdad y la guerra; sin embargo, hacemos bien poco por enmendar situaciones que nos amortajan, puesto que continuamos retrocediendo en derechos humanos, deshumaniz\u00e1ndonos y degrad\u00e1ndonos como linaje. <\/p>\n<p>Indudablemente, es de justicia pasar p\u00e1gina, ayudar a pasarla puesto que todos somos vulnerables, hacer memoria y ver que despu\u00e9s de setenta y cinco a\u00f1os de la derrota nazi, la paz y la unidad son m\u00e1s necesarias que nunca. Quiz\u00e1s tengamos que ejercitar el esp\u00edritu creativo para configurar otro recto mundo. Desde luego, no es el momento de huir, sino de perseverar y de seguir adelante, de proseguir en el cultivo de un arte po\u00e9tico involuntario y de perseguir un sue\u00f1o dentro de otro sue\u00f1o, de mostrar nuestro sentido responsable al mundo y de demostrarnos a nosotros mismos de que somos capaces de un cambio ecu\u00e1nime e inclusivo. Tampoco podemos, ni debemos, quedar s\u00f3lo en el deseo. Ha llegado el turno de la acci\u00f3n, porque el futuro lo hacemos entre todos; de ah\u00ed, lo vital que es involucrarse y acompa\u00f1ar, pues lo substancial es no caminar solos y dejar de estar hundidos en nuestras miserias.<\/p>\n<p>\tSi pretendemos poner todo en clave de misi\u00f3n, hay que activar los foros, escucharles, forjar alianzas, crear consenso. Hoy, sin duda, el papel de los parlamentos es primordial. Tal vez sea bueno tomar otros prop\u00f3sitos  m\u00e1s d\u00f3ciles, o si quieren m\u00e1s emp\u00e1ticos, me parece que podr\u00eda ser un buen m\u00e9todo de matar el gusano de los celos que trae el resentimiento, la rastrera envida; y, por ende, la amargura que nadie nos merecemos. A todos debe llegar la compa\u00f1\u00eda, el consuelo y el est\u00edmulo de ser escuchado, algo que obra misteriosamente dentro de cada uno de nosotros, haci\u00e9ndonos otros, m\u00e1s all\u00e1 de los defectos y las ca\u00eddas. No es de recibo continuar enojados entre s\u00ed, estamos en la era del conocimiento y la informaci\u00f3n, y esto ha de servirnos para tomar un \u00e1nimo servicial, no de poder. \u00a1El peculio debe asistir y no mandar! Me niego a  que las finanzas nos presidan y gobiernen. Para el gobierno est\u00e1n los sistemas parlamentarios s\u00f3lidos, pilar de la democracia y voz del pueblo, que han de ser los encargados de asignar los fondos para llevar a cabo leyes que beneficien a todos, con sus pol\u00edticas sociales, as\u00ed como de pedir a las diversas gobernaciones que rindan cuentas. <\/p>\n<p>Lo hemos visto con la pandemia del COVID-19, en muchos pa\u00edses aprobando leyes de emergencia, asignando recursos, debatiendo y analizando las acciones del ejecutivo en un momento de bloqueo y distanciamiento. Unos parlamentos consolidados favorecen la vuelta a lo arm\u00f3nico, a llevar a buen t\u00e9rmino una transici\u00f3n serena, evitando las divisiones sociales a trav\u00e9s del di\u00e1logo y la cooperaci\u00f3n. Por ello, considero fundamental que el 30 de junio celebremos en las Naciones Unidas el D\u00eda Internacional del Parlamentarismo, el mismo d\u00eda que se cre\u00f3, en 1889, la Uni\u00f3n  Interparlamentaria (UIP), la organizaci\u00f3n mundial de los parlamentos nacionales. Al fin y al cabo, lo significativo es poder mejorar las vidas de las personas. Al mismo tiempo, dicha conmemoraci\u00f3n, ser\u00e1 una buena oportunidad para que los parlamentos eval\u00faen los ascensos conseguidos, ver cu\u00e1les son los pr\u00f3ximos desaf\u00edos y las maneras de abordarlos de manera efectiva, pues no son pocos los males cristalizados en estructuras sociales injustas. <\/p>\n<p>Esto se vuelve todav\u00eda m\u00e1s vejatorio si los marginados, ante los intereses del mercado divinizado, ven crecer ese virulento c\u00e1ncer social que es la corrupci\u00f3n en sus mandos, empresarios e instituciones, cualquiera que sea la ideolog\u00eda pol\u00edtica de los l\u00edderes. Sea como fuere, no podemos continuar alentando injusticias, porque adem\u00e1s esta atm\u00f3sfera es un suicidio colectivo. Tampoco los pa\u00edses pueden seguir elevando fronteras; derrumb\u00e9moslas todas, y en lugar de encender la venganza, avivemos la clemencia. Si importante es un contundente no a la guerra entre nosotros, ajustemos nuestra vida a una nueva ley solidaria, de amor y concordia, de luz y de vida. No se puede llenar el aire de falsos vocablos, con motivaciones absurdas, con glorias humanas de falso bienestar econ\u00f3mico o con pedestales que, m\u00e1s pronto que tarde, tambi\u00e9n se desmoronan. Lo \u00fanico que permanece es la huella dejada, sobre todo cuando su po\u00e9tica andante es compasiva y comprensiva.<\/p>\n<\/p>\n<p> V\u00edctor CORCOBA HERRERO \/ Escritor<\/p>\n<p>corcoba@telefonica.net<\/p>\n<p>28 de junio de 2020 <\/p>\n<h6> 2020-06-28 15:13:41 <\/h6>\n<p><!--\n<link rel=\"stylesheet\" href=\"css\/bootstrap.min.css\">\n\n\n<ul class=\"pagination\">\n\t    \n\t\n\n<li >\n\t<a href='?page_no=170'>Previous<\/a>\n\t<\/li>\n\n\n       \n    \n\n<li><a href='?page_no=1'>1<\/a><\/li>\n\n\n\n<li><a href='?page_no=2'>2<\/a><\/li>\n\n\n\n<li><a>...<\/a><\/li>\n\n\n\n<li><a href='?page_no=169'>169<\/a><\/li>\n\n\n\n<li><a href='?page_no=170'>170<\/a><\/li>\n\n\n\n<li class='active'><a>171<\/a><\/li>\n\n\n\n<li><a href='?page_no=172'>172<\/a><\/li>\n\n\n\n<li><a href='?page_no=173'>173<\/a><\/li>\n\n\n\n<li><a>...<\/a><\/li>\n\n\n\n<li><a href='?page_no=13611'>13611<\/a><\/li>\n\n\n\n<li><a href='?page_no=13612'>13612<\/a><\/li>\n\n    \n\t\n\n<li >\n\t<a href='?page_no=172'>Next<\/a>\n\t<\/li>\n\n\n    \n\n<li><a href='?page_no=13612'>Last &rsaquo;&rsaquo;<\/a><\/li>\n\n<\/ul>\n\n\n--><br \/>\n<\/body><\/p>\n","protected":false},"excerpt":{"rendered":"<p>ALGO M\u00c1S QUE PALABRAS LA ATM\u00d3SFERA DE RESENTIDOS ES UN SUICIDIO COLECTIVO \u00ab\u00a1El peculio debe asistir y no mandar!\u00bb ============================= V\u00edctor CORCOBA HERRERO\/ Escritor corcoba@telefonica.net ============================= No pod\u00edamos caer m\u00e1s bajo, apenas nos conmueve nada y el inherente entusiasmo viviente ha dejado de palpitar en muchas personas, con una b\u00fasqueda enfermiza de reclusi\u00f3n y aislamiento. [&hellip;]<\/p>\n","protected":false},"author":3,"featured_media":0,"comment_status":"open","ping_status":"open","sticky":false,"template":"","format":"standard","meta":{"footnotes":""},"categories":[16],"tags":[],"class_list":["post-38282","post","type-post","status-publish","format-standard","hentry","category-opiniones"],"_links":{"self":[{"href":"https:\/\/diariodominicano.com\/index.php?rest_route=\/wp\/v2\/posts\/38282","targetHints":{"allow":["GET"]}}],"collection":[{"href":"https:\/\/diariodominicano.com\/index.php?rest_route=\/wp\/v2\/posts"}],"about":[{"href":"https:\/\/diariodominicano.com\/index.php?rest_route=\/wp\/v2\/types\/post"}],"author":[{"embeddable":true,"href":"https:\/\/diariodominicano.com\/index.php?rest_route=\/wp\/v2\/users\/3"}],"replies":[{"embeddable":true,"href":"https:\/\/diariodominicano.com\/index.php?rest_route=%2Fwp%2Fv2%2Fcomments&post=38282"}],"version-history":[{"count":0,"href":"https:\/\/diariodominicano.com\/index.php?rest_route=\/wp\/v2\/posts\/38282\/revisions"}],"wp:attachment":[{"href":"https:\/\/diariodominicano.com\/index.php?rest_route=%2Fwp%2Fv2%2Fmedia&parent=38282"}],"wp:term":[{"taxonomy":"category","embeddable":true,"href":"https:\/\/diariodominicano.com\/index.php?rest_route=%2Fwp%2Fv2%2Fcategories&post=38282"},{"taxonomy":"post_tag","embeddable":true,"href":"https:\/\/diariodominicano.com\/index.php?rest_route=%2Fwp%2Fv2%2Ftags&post=38282"}],"curies":[{"name":"wp","href":"https:\/\/api.w.org\/{rel}","templated":true}]}}