{"id":382808,"date":"2022-09-13T00:33:05","date_gmt":"2022-09-13T04:33:05","guid":{"rendered":"http:\/\/diariodominicano.com\/?p=382808"},"modified":"2022-09-13T00:33:05","modified_gmt":"2022-09-13T04:33:05","slug":"ejercito-de-espana-pierde-la-batalla-de-santiago-en-la-guerra-de-la-restauracion","status":"publish","type":"post","link":"https:\/\/diariodominicano.com\/?p=382808","title":{"rendered":"Ej\u00e9rcito de Espa\u00f1a pierde la batalla de Santiago en la Guerra de la Restauraci\u00f3n"},"content":{"rendered":"\n<p><\/p>\n\n\n\n<p>Los espa\u00f1oles que sobrevivieron a la batalla decidieron abandonar la ciudad y trasladarse a Puerto Plata.<\/p>\n\n\n\n<p>Por H\u00e9ctor Tineo Nolasco<\/p>\n\n\n\n<p>Diariodominicano.com<\/p>\n\n\n\n<p>SANTIAGO DE LOS CABALLEROS, el 13 de septiembre de 1863, durante la Guerra de la Restauraci\u00f3n, termin\u00f3 la batalla de Santiago, la cual hab\u00eda comenzado el d\u00eda 6 de septiembre de 1863.<\/p>\n\n\n\n<p>&nbsp;&nbsp;&nbsp;&nbsp; Los&nbsp; espa\u00f1oles que sobrevivieron a la batalla decidieron abandonar la ciudad y trasladarse a Puerto Plata,&nbsp; pero no depusieron&nbsp; las armas como lo hab\u00eda pedido el alto mando militar de los restauradores, encabezado por el&nbsp; General Gaspar Polanco, Jefe de Operaciones.<\/p>\n\n\n\n<p>&nbsp;&nbsp;&nbsp; Las tropas espa\u00f1olas&nbsp; iniciaron la marcha a las 15:00 horas del 13 de septiembre. Como salieron con las armas, fueron perseguidas por los restauradores, quienes lograron ocasionarles&nbsp; \u00abgran cantidad de bajas\u00bb y les quitaron dos piezas de artiller\u00eda.<\/p>\n\n\n\n<p><strong>&nbsp;&nbsp;&nbsp; Los dominicanos al mando del general Gaspar Polanco derrotaron a los espa\u00f1oles en los combates de El Lim\u00f3n y El Carril.<\/strong><strong> <\/strong><strong>El informe militar precisa que los combates se decidieron por el empleo de las armas blancas<\/strong>.<\/p>\n\n\n\n<p>&nbsp;&nbsp;&nbsp; La victoria de los dominicanos en la Batalla de Santiago, que se desarroll\u00f3 durante los d\u00edas del 6 al 13 de septiembre de 1863, marc\u00f3 el principio del fin de la Anexi\u00f3n de Rep\u00fablica Dominicana&nbsp; a Espa\u00f1a.<\/p>\n\n\n\n<p>&nbsp;&nbsp;&nbsp;&nbsp; A partir de ese acontecimiento, los restauradores procedieron a redactar el acta de Independencia, con la que declarar\u00edan&nbsp; restaurada la Rep\u00fablica Dominicana.<\/p>\n\n\n\n<p>&nbsp;&nbsp;&nbsp; El d\u00eda anterior, el 12 de septiembre de 1863, los restauradores continuaron su avance contra las tropas espa\u00f1olas en el Cibao.<\/p>\n\n\n\n<p>&nbsp;&nbsp;&nbsp; Los militares espa\u00f1oles sufrieron derrotas en J\u00e1cuba, Maril\u00f3pez y la Otra Banda, en Santiago.<\/p>\n\n\n\n<figure class=\"wp-block-image size-full\"><img loading=\"lazy\" decoding=\"async\" width=\"370\" height=\"402\" src=\"https:\/\/diariodominicano.com\/wp-content\/uploads\/2022\/08\/gregorio.jpg\" alt=\"\" class=\"wp-image-376311\" srcset=\"https:\/\/diariodominicano.com\/wp-content\/uploads\/2022\/08\/gregorio.jpg 370w, https:\/\/diariodominicano.com\/wp-content\/uploads\/2022\/08\/gregorio-276x300.jpg 276w\" sizes=\"auto, (max-width: 370px) 100vw, 370px\" \/><figcaption>General Gregorio Luper\u00f3n<\/figcaption><\/figure>\n\n\n\n<p>&nbsp; Un grupo de militares espa\u00f1oles fueron fusilados por&nbsp; orden del general Gregorio Luper\u00f3n.<\/p>\n\n\n\n<p>&nbsp;&nbsp;&nbsp; Tambi\u00e9n fracas\u00f3 un intento de mediaci\u00f3n que hizo el presb\u00edtero Francisco de Charboneau, a petici\u00f3n del brigadier espa\u00f1ol Manuel Buceta.<\/p>\n\n\n\n<p>&nbsp;&nbsp;&nbsp;&nbsp; Como condici\u00f3n para atender la petici\u00f3n de Buceta, el general Gaspar Polanco, Jefe de los Ej\u00e9rcitos en Operaciones de la Rep\u00fablica Dominicana, y los generales,&nbsp; jefes y oficiales que lo acompa\u00f1aban, plantearon&nbsp; que los espa\u00f1oles deb\u00edan primero deponer las armas.<\/p>\n\n\n\n<p>&nbsp;&nbsp;&nbsp; Los restauradores tambi\u00e9n reclamaron la entrega de todos los billetes dominicanos de las denominaciones de 40 y 20 pesos que se cambiaron por billetes espa\u00f1oles.<\/p>\n\n\n\n<p><strong>Dan plazo al Ej\u00e9rcito Espa\u00f1ol para que saque a sus heridos<\/strong><\/p>\n\n\n\n<p>&nbsp;&nbsp;&nbsp;&nbsp;&nbsp;&nbsp;&nbsp; Dieron un plazo de 6 d\u00edas a los espa\u00f1oles para que sacaran a sus heridos por el puerto de Montecristi y ocho d\u00edas para la entrega de las armas.<\/p>\n\n\n\n<p>&nbsp;&nbsp;&nbsp;&nbsp;&nbsp; Al planteamiento dominicano, el General Manuel Buceta respondi\u00f3 airado, y advirti\u00f3 que el Ej\u00e9rcito espa\u00f1ol no se rinde nunca.<\/p>\n\n\n\n<p>&nbsp;&nbsp;&nbsp;&nbsp; Buceta tambi\u00e9n le explic\u00f3 al mando militar restaurador que tampoco pod\u00eda devolver los billetes dominicanos&nbsp; porque no exist\u00eda ninguno en la Tesorer\u00eda.<\/p>\n\n\n\n<p>&nbsp;&nbsp;&nbsp; Tambi\u00e9n&nbsp; pidi\u00f3 a los restauradores,&nbsp; por sentimientos humanitarios,&nbsp; la conservaci\u00f3n de la vida de los militares espa\u00f1oles heridos que se encontraban internados en el hospital de Santiago.<\/p>\n\n\n\n<p>&nbsp;&nbsp; El d\u00eda 12 de septiembre de 1863, los restauradores derrotaron en J\u00e1cuba, a las tropas del general Primo de Rivera, quien hab\u00eda salido&nbsp; de Puerto Plata con el prop\u00f3sito de reforzar a las tropas espa\u00f1olas que&nbsp; enfrentaban la resistencia restauradora en Santiago.<\/p>\n\n\n\n<p>&nbsp;&nbsp;&nbsp; El informe militar indica que las fuerzas de Primo de Rivera, sufrieron cuantiosas bajas y fueron obligadas a replegarse a Puerto Plata.<\/p>\n\n\n\n<p>&nbsp;El mismo d\u00eda 12 de septiembre los restauradores al mando del Coronel Jos\u00e9 Mar\u00eda Checo, derrotaron a los espa\u00f1oles en la Otra Banda.<\/p>\n\n\n\n<p>&nbsp;&nbsp;&nbsp;&nbsp; Los espa\u00f1oles eran comandados por el general Juan Suero.<\/p>\n\n\n\n<p>&nbsp;&nbsp;&nbsp;&nbsp;&nbsp; La noche del d\u00eda 12 de septiembre los restauradores al mando del Capit\u00e1n Medina hicieron prisioneros a los miembros de una compa\u00f1\u00eda que trataban de romper el sitio atacando por Maril\u00f3pez.<\/p>\n\n\n\n<p>&nbsp;&nbsp;&nbsp;&nbsp; Todos los espa\u00f1oles detenidos por Medina fueron ejecutados por disposici\u00f3n del General Gregorio Luper\u00f3n.<\/p>\n","protected":false},"excerpt":{"rendered":"<p>Los espa\u00f1oles que sobrevivieron a la batalla decidieron abandonar la ciudad y trasladarse a Puerto Plata. Por H\u00e9ctor Tineo Nolasco Diariodominicano.com SANTIAGO DE LOS CABALLEROS, el 13 de septiembre de 1863, durante la Guerra de la Restauraci\u00f3n, termin\u00f3 la batalla de Santiago, la cual hab\u00eda comenzado el d\u00eda 6 de septiembre de 1863. &nbsp;&nbsp;&nbsp;&nbsp; Los&nbsp; [&hellip;]<\/p>\n","protected":false},"author":28,"featured_media":312068,"comment_status":"closed","ping_status":"","sticky":true,"template":"","format":"standard","meta":{"footnotes":""},"categories":[26,27],"tags":[],"class_list":["post-382808","post","type-post","status-publish","format-standard","has-post-thumbnail","hentry","category-efemerides","category-portada"],"_links":{"self":[{"href":"https:\/\/diariodominicano.com\/index.php?rest_route=\/wp\/v2\/posts\/382808","targetHints":{"allow":["GET"]}}],"collection":[{"href":"https:\/\/diariodominicano.com\/index.php?rest_route=\/wp\/v2\/posts"}],"about":[{"href":"https:\/\/diariodominicano.com\/index.php?rest_route=\/wp\/v2\/types\/post"}],"author":[{"embeddable":true,"href":"https:\/\/diariodominicano.com\/index.php?rest_route=\/wp\/v2\/users\/28"}],"replies":[{"embeddable":true,"href":"https:\/\/diariodominicano.com\/index.php?rest_route=%2Fwp%2Fv2%2Fcomments&post=382808"}],"version-history":[{"count":1,"href":"https:\/\/diariodominicano.com\/index.php?rest_route=\/wp\/v2\/posts\/382808\/revisions"}],"predecessor-version":[{"id":382809,"href":"https:\/\/diariodominicano.com\/index.php?rest_route=\/wp\/v2\/posts\/382808\/revisions\/382809"}],"wp:featuredmedia":[{"embeddable":true,"href":"https:\/\/diariodominicano.com\/index.php?rest_route=\/wp\/v2\/media\/312068"}],"wp:attachment":[{"href":"https:\/\/diariodominicano.com\/index.php?rest_route=%2Fwp%2Fv2%2Fmedia&parent=382808"}],"wp:term":[{"taxonomy":"category","embeddable":true,"href":"https:\/\/diariodominicano.com\/index.php?rest_route=%2Fwp%2Fv2%2Fcategories&post=382808"},{"taxonomy":"post_tag","embeddable":true,"href":"https:\/\/diariodominicano.com\/index.php?rest_route=%2Fwp%2Fv2%2Ftags&post=382808"}],"curies":[{"name":"wp","href":"https:\/\/api.w.org\/{rel}","templated":true}]}}