{"id":382610,"date":"2022-09-12T08:51:16","date_gmt":"2022-09-12T12:51:16","guid":{"rendered":"http:\/\/diariodominicano.com\/?p=382610"},"modified":"2022-09-12T09:14:24","modified_gmt":"2022-09-12T13:14:24","slug":"de-coronda-a-roma-pasando-por-la-suiza-italiana","status":"publish","type":"post","link":"https:\/\/diariodominicano.com\/?p=382610","title":{"rendered":"De Coronda a Roma, pasando por la Suiza italiana"},"content":{"rendered":"\n<p><strong>La memoria navega oc\u00e9anos y acerca generaciones <\/strong><\/p>\n\n\n\n<figure class=\"wp-block-image size-large\"><img loading=\"lazy\" decoding=\"async\" width=\"1024\" height=\"1024\" src=\"https:\/\/diariodominicano.com\/wp-content\/uploads\/2022\/09\/Afiche-invitando-a-la-audiencia-previa-al-fallo-del-Juicio-Coronda-en-mayo-2018-1024x1024.jpg\" alt=\"\" class=\"wp-image-382623\" srcset=\"https:\/\/diariodominicano.com\/wp-content\/uploads\/2022\/09\/Afiche-invitando-a-la-audiencia-previa-al-fallo-del-Juicio-Coronda-en-mayo-2018-1024x1024.jpg 1024w, https:\/\/diariodominicano.com\/wp-content\/uploads\/2022\/09\/Afiche-invitando-a-la-audiencia-previa-al-fallo-del-Juicio-Coronda-en-mayo-2018-300x300.jpg 300w, https:\/\/diariodominicano.com\/wp-content\/uploads\/2022\/09\/Afiche-invitando-a-la-audiencia-previa-al-fallo-del-Juicio-Coronda-en-mayo-2018-150x150.jpg 150w, https:\/\/diariodominicano.com\/wp-content\/uploads\/2022\/09\/Afiche-invitando-a-la-audiencia-previa-al-fallo-del-Juicio-Coronda-en-mayo-2018-768x768.jpg 768w, https:\/\/diariodominicano.com\/wp-content\/uploads\/2022\/09\/Afiche-invitando-a-la-audiencia-previa-al-fallo-del-Juicio-Coronda-en-mayo-2018-88x88.jpg 88w, https:\/\/diariodominicano.com\/wp-content\/uploads\/2022\/09\/Afiche-invitando-a-la-audiencia-previa-al-fallo-del-Juicio-Coronda-en-mayo-2018-816x816.jpg 816w, https:\/\/diariodominicano.com\/wp-content\/uploads\/2022\/09\/Afiche-invitando-a-la-audiencia-previa-al-fallo-del-Juicio-Coronda-en-mayo-2018.jpg 1280w\" sizes=\"auto, (max-width: 1024px) 100vw, 1024px\" \/><figcaption>Afiche invitaci\u00f3n a la audiencia previa al fallo  del juicio Coronda.<\/figcaption><\/figure>\n\n\n\n<p><strong><em>Se presenta libro de ex presos pol\u00edticos argentinos en italiano<\/em>&nbsp;<\/strong><\/p>\n\n\n\n<p><strong>Sergio Ferrari*, desde Berna, Suiza<br><\/strong><\/p>\n\n\n\n<p><strong>A partir del 15 de septiembre se presenta en Europa&nbsp;<em>Grand Hotel Coronda. Racconti di prigionieri politici sotto la dittatura,&nbsp;<\/em>casi veinte a\u00f1os despu\u00e9s de la publicaci\u00f3n en Argentina de la versi\u00f3n original en castellano&nbsp;<em>Del otro lado de la mirilla.<\/em><\/strong><\/p>\n\n\n\n<p>Desde su aparici\u00f3n en 2003,&nbsp;<em>Del otro lado de la mirilla<\/em>&nbsp;tuvo una importante repercusi\u00f3n, tanto a nivel nacional como en el exterior. Se trata de un testimonio colectivo y an\u00f3nimo de ex presos pol\u00edticos detenidos en Coronda, Santa Fe, una de las c\u00e1rceles de m\u00e1xima seguridad en Argentina durante la \u00faltima dictadura c\u00edvico-militar (1976-1983). Constituye uno de los primeros libros de este tipo publicados en Latinoam\u00e9rica, resultado del trabajo de un grupo numeroso de autores congregados en la Asociaci\u00f3n El Periscopio (<em><a href=\"https:\/\/elperiscopio.org.ar\/\" rel=\"noreferrer noopener\" target=\"_blank\">https:\/\/elperiscopio.org.ar\/<\/a><\/em>).<\/p>\n\n\n\n<p>Fuente de inspiraci\u00f3n de la creaci\u00f3n teatral&nbsp;<em>Coronda en Acci\u00f3n<\/em>, presentada en 2006,&nbsp;(<em><a href=\"https:\/\/www.youtube.com\/watch?v=mkK12e2yaFw\" rel=\"noreferrer noopener\" target=\"_blank\">https:\/\/www.youtube.com\/watch?v=mkK12e2yaFw<\/a><\/em>), durante la reciente pandemia esta obra colectiva aliment\u00f3 tambi\u00e9n, conceptualmente, el proyecto&nbsp;<em>Corondaes,&nbsp;<\/em>una experiencia de actuaci\u00f3n audiovisual (<em><a href=\"https:\/\/www.youtube.com\/watch?v=G18LTkssir0\" rel=\"noreferrer noopener\" target=\"_blank\">https:\/\/www.youtube.com\/watch?v=G18LTkssir0<\/a><\/em>). Adem\u00e1s, inspir\u00f3 la realizaci\u00f3n del cortometraje&nbsp;<em>Retorno a Coronda<\/em>&nbsp;(2020), que se proyecta como introducci\u00f3n a las presentaciones del libro en Europa (<em><a href=\"https:\/\/vimeo.com\/733955181\" rel=\"noreferrer noopener\" target=\"_blank\">https:\/\/vimeo.com\/733955181<\/a><\/em>).<em><\/em><\/p>\n\n\n\n<figure class=\"wp-block-image size-full\"><img loading=\"lazy\" decoding=\"async\" width=\"1024\" height=\"768\" src=\"https:\/\/diariodominicano.com\/wp-content\/uploads\/2022\/09\/Los-muros-de-la-infamia-de-Coronda-_-Carcel-que-alojo-a-1153-presos-politicos-entre-1974-y-1979.jpg\" alt=\"\" class=\"wp-image-382616\" srcset=\"https:\/\/diariodominicano.com\/wp-content\/uploads\/2022\/09\/Los-muros-de-la-infamia-de-Coronda-_-Carcel-que-alojo-a-1153-presos-politicos-entre-1974-y-1979.jpg 1024w, https:\/\/diariodominicano.com\/wp-content\/uploads\/2022\/09\/Los-muros-de-la-infamia-de-Coronda-_-Carcel-que-alojo-a-1153-presos-politicos-entre-1974-y-1979-300x225.jpg 300w, https:\/\/diariodominicano.com\/wp-content\/uploads\/2022\/09\/Los-muros-de-la-infamia-de-Coronda-_-Carcel-que-alojo-a-1153-presos-politicos-entre-1974-y-1979-768x576.jpg 768w, https:\/\/diariodominicano.com\/wp-content\/uploads\/2022\/09\/Los-muros-de-la-infamia-de-Coronda-_-Carcel-que-alojo-a-1153-presos-politicos-entre-1974-y-1979-816x612.jpg 816w\" sizes=\"auto, (max-width: 1024px) 100vw, 1024px\" \/><figcaption>Los muros de la infamia de Coronda.<\/figcaption><\/figure>\n\n\n\n<p>En 2020, la Editorial suiza de l\u2019Aire public\u00f3 la traducci\u00f3n francesa bajo el t\u00edtulo de&nbsp;<em>Ni fous, ni morts<\/em>&nbsp;(\u201cNi locos ni muertos\u201d,&nbsp;<em><a rel=\"noreferrer noopener\" href=\"https:\/\/nifousnimorts.com\/\" target=\"_blank\">https:\/\/nifousnimorts.com\/<\/a><\/em>). Y a partir de la segunda semana de septiembre se presenta en italiano bajo el t\u00edtulo&nbsp;<em>Grand Hotel Coronda<\/em>, resultado del trabajo de un amplio colectivo solidario y de la mano de la prestigiosa editorial romana Albatros Il Filo, que cuenta con una vast\u00edsima red de distribuci\u00f3n a trav\u00e9s de librer\u00edas y de medios digitales.<br><br><strong>Mucho m\u00e1s que un simple libro \u201chist\u00f3rico\u201d<br><\/strong><br>\u201cM\u00e1s que como un proyecto editorial, concebimos a&nbsp;<em>Grand Hotel Coronda<\/em>&nbsp;como una propuesta de educaci\u00f3n y sensibilizaci\u00f3n para reforzar la solidaridad entre los pueblos\u201d, explica el investigador cient\u00edfico italiano Enrico Vagnoni, quien integra el Grupo de Gesti\u00f3n de este proyecto, compuesto por una veintena de miembros que hicieron posible su publicaci\u00f3n.<\/p>\n\n\n\n<p><br><br>Para Vagnoni, quien entre 2001 y 2006 fue cooperante de una ONG italiana en el norte santafesino y en otras zonas de Argentina, el objetivo principal de&nbsp;<em>Grand Hotel Coronda&nbsp;<\/em>es llegar a un p\u00fablico joven. Y aportarle \u201cun mensaje de esperanza y de solidaridad, que refuercen en Italia, en Suiza, o donde se lea, los desaf\u00edos globales que las nuevas generaciones deben afrontar. Entre otros, en la lucha por la defensa del clima, por la igualdad de g\u00e9neros, contra la exclusi\u00f3n despiadada de refugiados, por la reconstrucci\u00f3n colectiva de la memoria\u201d.<br><br>Seg\u00fan Vagnoni, quien reside en Sassari, Cerde\u00f1a, el contenido de esta obra de 410 p\u00e1ginas organizadas en 39 cap\u00edtulos, aporta y actualiza valores como la resistencia a las estrategias del terror, la solidaridad y el compromiso colectivo. Referentes \u00e9ticos universales que trascienden el contexto geogr\u00e1fico e hist\u00f3rico espec\u00edfico de&nbsp;<em>Grand Hotel Coronda.&nbsp;<\/em>Y por eso, explicaVagnoni, muchas de las presentaciones en Europa,&nbsp;\u201cser\u00e1n parte de un proyecto educativo que prev\u00e9 encuentros en escuelas, liceos y universidades, as\u00ed como representaciones teatrales, musicales y otras iniciativas pedag\u00f3gicas y culturales inspiradas en el contenido de la obra\u201d.<br><br>La primera de estas actividades, puntapi\u00e9 inicial de un verdadero marat\u00f3n pol\u00edtico-literario, se realiza el 15 de septiembre, precisamente, en un colegio de la ciudad suiza de Bellinzona, con la participaci\u00f3n de una centena de j\u00f3venes a punto de terminar su formaci\u00f3n preuniversitaria.<\/p>\n\n\n\n<p>En Suiza italiana, y con la presencia de tres ex presos pol\u00edticos de Coronda, se programan presentaciones p\u00fablicas tambi\u00e9n en Biasca, Lugano y Mendrisio. A partir del lunes 19 de septiembre,&nbsp;<em>Grand Hotel Coronda<\/em>&nbsp;se pasear\u00e1 por centros comunales, culturales y sindicales en Parma, Bolonia, Pav\u00eda, Livorno y Roma, ciudad donde la Casa Argentina auspicia su lanzamiento p\u00fablico el 4 de octubre. Ese mismo mes se realizar\u00e1 otra media docena de actividades en Cerde\u00f1a y en la regi\u00f3n Toscana (Rignano sull\u2019Arno y Florencia).<\/p>\n\n\n\n<figure class=\"wp-block-image size-large\"><img loading=\"lazy\" decoding=\"async\" width=\"1024\" height=\"450\" src=\"https:\/\/diariodominicano.com\/wp-content\/uploads\/2022\/09\/Frente-de-la-Carcel-de-Coronda_foto-Jose-Cettour-1-1024x450.jpg\" alt=\"\" class=\"wp-image-382619\" srcset=\"https:\/\/diariodominicano.com\/wp-content\/uploads\/2022\/09\/Frente-de-la-Carcel-de-Coronda_foto-Jose-Cettour-1-1024x450.jpg 1024w, https:\/\/diariodominicano.com\/wp-content\/uploads\/2022\/09\/Frente-de-la-Carcel-de-Coronda_foto-Jose-Cettour-1-300x132.jpg 300w, https:\/\/diariodominicano.com\/wp-content\/uploads\/2022\/09\/Frente-de-la-Carcel-de-Coronda_foto-Jose-Cettour-1-768x337.jpg 768w, https:\/\/diariodominicano.com\/wp-content\/uploads\/2022\/09\/Frente-de-la-Carcel-de-Coronda_foto-Jose-Cettour-1-1536x675.jpg 1536w, https:\/\/diariodominicano.com\/wp-content\/uploads\/2022\/09\/Frente-de-la-Carcel-de-Coronda_foto-Jose-Cettour-1-816x359.jpg 816w, https:\/\/diariodominicano.com\/wp-content\/uploads\/2022\/09\/Frente-de-la-Carcel-de-Coronda_foto-Jose-Cettour-1.jpg 1891w\" sizes=\"auto, (max-width: 1024px) 100vw, 1024px\" \/><figcaption>El frente de la c\u00e1rcel.<\/figcaption><\/figure>\n\n\n\n<p><strong>Apasionado compromiso por la memoria<\/strong><\/p>\n\n\n\n<p><em>Grand Hotel Coronda,&nbsp;<\/em>como lo hicieron anteriormente&nbsp;<em>Del Otro Lado de la mirilla<\/em>&nbsp;y&nbsp;<em>Ni fous, ni morts<\/em>, expresa \u201cnuestra convicci\u00f3n de que la memoria es el componente central de la identidad de un pueblo. Y que, en consecuencia, no es posible construir una sociedad verdaderamente democr\u00e1tica sobre la base del olvido, el negacionismo y la impunidad\u201d, se\u00f1ala Augusto Saro, presidente de la Asociaci\u00f3n Civil El Periscopio de los ex presos pol\u00edticos de Coronda, quien con otros coautores lo presentan en Suiza e Italia.<br><br>Esa convicci\u00f3n de trabajar activamente por la memoria, explica Saro, \u201cla compartimos con muchos otros actores sociales, sindicales y pol\u00edticos de la sociedad argentina, como, por ejemplo, las Madres y las Abuelas de Plaza de Mayo y los organismos de derechos humanos\u201d. En lo referente, espec\u00edficamente, a la experiencia carcelaria, la actividad de la Asociaci\u00f3n El Periscopio confluye con diversos colectivos, entre otros, con las ex presas pol\u00edticas de la c\u00e1rcel de Villa Devoto, con sus libros&nbsp;<em>Nosotras<\/em>&nbsp;y&nbsp;<em>Nosotras en Libertad<\/em>, o el grupo de ex presos pol\u00edticos de Mendoza, que public\u00f3&nbsp;<em>No Nos Pudieron.<\/em><\/p>\n\n\n\n<figure class=\"wp-block-image size-full\"><img loading=\"lazy\" decoding=\"async\" width=\"640\" height=\"480\" src=\"https:\/\/diariodominicano.com\/wp-content\/uploads\/2022\/09\/A-fines-de-ocubre-de-2019-un-grupo-de-ex-presos-politicos-de-Coronda-visitaron-la-prision-en-la-que-habian-estado-alojados-durante-la-dictadura-Foto-El-Periscopio.jpg\" alt=\"\" class=\"wp-image-382620\" srcset=\"https:\/\/diariodominicano.com\/wp-content\/uploads\/2022\/09\/A-fines-de-ocubre-de-2019-un-grupo-de-ex-presos-politicos-de-Coronda-visitaron-la-prision-en-la-que-habian-estado-alojados-durante-la-dictadura-Foto-El-Periscopio.jpg 640w, https:\/\/diariodominicano.com\/wp-content\/uploads\/2022\/09\/A-fines-de-ocubre-de-2019-un-grupo-de-ex-presos-politicos-de-Coronda-visitaron-la-prision-en-la-que-habian-estado-alojados-durante-la-dictadura-Foto-El-Periscopio-300x225.jpg 300w\" sizes=\"auto, (max-width: 640px) 100vw, 640px\" \/><figcaption>A fines de octubre e 2019, un grupo de ex presos pol\u00edticos.<\/figcaption><\/figure>\n\n\n\n<p>Cuando hablamos de reconstruir la memoria, insiste Saro, \u201cno nos referimos a un concepto ret\u00f3rico o literario.&nbsp;Significa entender a la dictadura c\u00edvico-militar como el instrumento de un verdadero plan estrat\u00e9gico de proyecci\u00f3n regional que pretendi\u00f3 eliminar a toda la oposici\u00f3n y reformatear la sociedad en todos sus aspectos. En Argentina, dicho plan desemboc\u00f3 en un verdadero genocidio, con centenares de muertos, treinta mil desaparecidos, m\u00e1s de diez mil presos pol\u00edticos y miles de exiliados internos y externos\u201d.<br><br>La reconstrucci\u00f3n de la memoria debe servir para encontrar la verdad y castigar a los responsables. La experiencia de El Periscopio sigue siendo de gran riqueza. Naci\u00f3 como asociaci\u00f3n para publicar&nbsp;<em>Del otro lado de la mirilla<\/em>&nbsp;y se convirti\u00f3 en actor jur\u00eddico al llevar a juicio a los dos comandantes de Gendarmer\u00eda Nacional que dirigieron Coronda y que, finalmente, en 2018, fueron condenados a 22 y 17 a\u00f1os de prisi\u00f3n. Los jueces entendieron que el r\u00e9gimen brutal que aplicaron en esa c\u00e1rcel constituy\u00f3 un crimen de lesa humanidad. \u201cEsa sentencia tuvo un muy importante valor pol\u00edtico y reparatorio\u201d, precisa Saro.<br><br>En coincidencia con la reflexi\u00f3n de Vagnoni, Saro comenta que la raz\u00f3n de ser de la versi\u00f3n italiana, al igual que la de la edici\u00f3n francesa, consiste en \u201ccompartir esa historia y socializar, especialmente con los j\u00f3venes europeos, nuestra visi\u00f3n y los valores que nos unificaron\u201d. Existen puentes s\u00f3lidos que acercan realidades y generaciones m\u00e1s all\u00e1 de las grandes distancias intercontinentales. Como se se\u00f1ala en la introducci\u00f3n de&nbsp;<em>Grand Hotel Coronda<\/em>, los autores se interrogan cu\u00e1l es la diferencia entre ser asesinado en un campo de concentraci\u00f3n en Europa o en uno en Am\u00e9rica Latina; entre morir enfrentando una dictadura latinoamericana o como refugiado en las aguas del Mediterr\u00e1neo cuando se trata de escapar de las hambrunas, las guerras o la crisis clim\u00e1tica.<\/p>\n\n\n\n<p>\u201cEstamos convencidos de que reconstruir la historia de las luchas por la emancipaci\u00f3n de los pueblos es un aporte a la memoria universal y un ant\u00eddoto s\u00f3lido contra la repetici\u00f3n de las brutalidades del poder\u201d, concluye.<\/p>\n\n\n\n<p><strong>Voces internacionales sobre la resistencia \u201c<em>corondae<\/em>\u201d<\/strong><\/p>\n\n\n\n<p>\u201cEste libro representa un acto de gran generosidad\u201d, escribe en el pr\u00f3logo de la edici\u00f3n italiana el religioso Luigi Ciotti, presidente de la Asociaci\u00f3n Libera e incansable luchador contra la mafia y por los derechos de los grupos m\u00e1s marginales, y una de las diversas personalidades italianas que acompa\u00f1an, de una u otra manera, este proyecto editorial. Ciotti subraya que&nbsp;<em>Grand Hotel Coronda<\/em>&nbsp;\u201cRepresenta la generosidad de la memoria\u2026 que es una elecci\u00f3n, un camino, una entrega\u201d.<\/p>\n\n\n\n<p>Su lectura de los testimonios de&nbsp;<em>Grand Hotel Coronda<\/em>&nbsp;le permite a Ciotti constatar que la experiencia vivida en Coronda fue particularmente dura, no solo por la injusticia de la detenci\u00f3n o las torturas f\u00edsicas y psicol\u00f3gicas, sino tambi\u00e9n por el sentimiento que esta situaci\u00f3n cre\u00f3, una suerte de \u201csuspensi\u00f3n de la propia vida\u201d. La reflexi\u00f3n del religioso italiano concluye con un agradecimiento: \u201cPor el regalo que nos hacen, por el impulso que nos dan de no ceder, de no delegar, de no parar en el compromiso por cambiar las cosas\u2026 en defensa de los derechos, de la libertad y de la dignidad de cada uno\u201d.<br><br>Por su parte, el te\u00f3logo brasilero Leonardo Boff, uno de los padres fundadores de la teolog\u00eda de la liberaci\u00f3n latinoamericana, defini\u00f3 a esta obra como \u201cun libro indispensable\u201d y enfatiza en un texto de la contratapa de la edici\u00f3n italiana, que la lucha de los ex presos de Coronda por la justicia culmin\u00f3 con \u201cel juicio y la condena de los criminales, evitando [as\u00ed] que triunfe el olvido\u201d.<br><br>Al comentar la primera edici\u00f3n en castellano a inicios de los 2000, el ya fallecido escritor uruguayo Eduardo Galeano caracterizaba este \u201ctestimonio de los presos de Coronda como un aporte al rescate de la memoria colectiva, que respira escondida bajo la amnesia impuesta\u201d. Tambi\u00e9n su reflexi\u00f3n aparece en la contratapa.<\/p>\n\n\n\n<p>El colectivo autor de&nbsp;<em>Grand Hotel Coronda<\/em>&nbsp;lo ha dedicado &#8211;como en cada edici\u00f3n y en cada idioma&#8211; a los cuatro compa\u00f1eros muertos en ese penal durante su detenci\u00f3n. En la p\u00e1gina previa al pr\u00f3logo no falta, como legado de lucha y utop\u00eda, la fuerza del pensamiento del poeta-guerrillero argentino Francisco Paco Urondo, ca\u00eddo en combate contra la dictadura en 1976: \u201cArder\u00e1 el amor, arder\u00e1 la memoria, hasta que todo sea como lo so\u00f1amos\u201d.<br><br>La memoria colectiva no conoce fronteras ni acepta las amnesias impuestas.&nbsp;<em>Grand Hotel Coronda<\/em>&nbsp;rema, mira al Viejo Mundo y busca nuevos puertos para compartir faros de esperanza.<br><\/p>\n\n\n\n<p><strong>*<em>ex preso pol\u00edtico de Coronda<\/em><\/strong><\/p>\n\n\n\n<p>Sergio Ferrari<a target=\"_blank\" href=\"mailto:sergioechanger@yahoo.fr\" rel=\"noreferrer noopener\">sergioechanger@yahoo.fr<\/a><\/p>\n","protected":false},"excerpt":{"rendered":"<p>La memoria navega oc\u00e9anos y acerca generaciones Se presenta libro de ex presos pol\u00edticos argentinos en italiano&nbsp; Sergio Ferrari*, desde Berna, Suiza A partir del 15 de septiembre se presenta en Europa&nbsp;Grand Hotel Coronda. Racconti di prigionieri politici sotto la dittatura,&nbsp;casi veinte a\u00f1os despu\u00e9s de la publicaci\u00f3n en Argentina de la versi\u00f3n original en castellano&nbsp;Del [&hellip;]<\/p>\n","protected":false},"author":28,"featured_media":382611,"comment_status":"closed","ping_status":"","sticky":true,"template":"","format":"standard","meta":{"footnotes":""},"categories":[26,23,27],"tags":[],"class_list":["post-382610","post","type-post","status-publish","format-standard","has-post-thumbnail","hentry","category-efemerides","category-internacional","category-portada"],"_links":{"self":[{"href":"https:\/\/diariodominicano.com\/index.php?rest_route=\/wp\/v2\/posts\/382610","targetHints":{"allow":["GET"]}}],"collection":[{"href":"https:\/\/diariodominicano.com\/index.php?rest_route=\/wp\/v2\/posts"}],"about":[{"href":"https:\/\/diariodominicano.com\/index.php?rest_route=\/wp\/v2\/types\/post"}],"author":[{"embeddable":true,"href":"https:\/\/diariodominicano.com\/index.php?rest_route=\/wp\/v2\/users\/28"}],"replies":[{"embeddable":true,"href":"https:\/\/diariodominicano.com\/index.php?rest_route=%2Fwp%2Fv2%2Fcomments&post=382610"}],"version-history":[{"count":8,"href":"https:\/\/diariodominicano.com\/index.php?rest_route=\/wp\/v2\/posts\/382610\/revisions"}],"predecessor-version":[{"id":382626,"href":"https:\/\/diariodominicano.com\/index.php?rest_route=\/wp\/v2\/posts\/382610\/revisions\/382626"}],"wp:featuredmedia":[{"embeddable":true,"href":"https:\/\/diariodominicano.com\/index.php?rest_route=\/wp\/v2\/media\/382611"}],"wp:attachment":[{"href":"https:\/\/diariodominicano.com\/index.php?rest_route=%2Fwp%2Fv2%2Fmedia&parent=382610"}],"wp:term":[{"taxonomy":"category","embeddable":true,"href":"https:\/\/diariodominicano.com\/index.php?rest_route=%2Fwp%2Fv2%2Fcategories&post=382610"},{"taxonomy":"post_tag","embeddable":true,"href":"https:\/\/diariodominicano.com\/index.php?rest_route=%2Fwp%2Fv2%2Ftags&post=382610"}],"curies":[{"name":"wp","href":"https:\/\/api.w.org\/{rel}","templated":true}]}}