{"id":38259,"date":"2020-06-28T22:43:32","date_gmt":"2020-06-28T22:43:32","guid":{"rendered":"http:\/\/diariodominicano.ddns.net\/?p=38259"},"modified":"2020-06-28T22:43:32","modified_gmt":"2020-06-28T22:43:32","slug":"cuarentena-no-obligatoria","status":"publish","type":"post","link":"https:\/\/diariodominicano.com\/?p=38259","title":{"rendered":"&#13;Cuarentena no obligatoria"},"content":{"rendered":"<p><body><\/p>\n<p><strong>Diariodominicano.com<\/strong><\/p>\n<p><strong>A Pleno Sol<\/strong><\/p>\n<\/p>\n<p><strong>Cuarentena no obligatoria<\/strong><\/p>\n<\/p>\n<p>Por Manuel Hern\u00e1ndez Villeta<\/p>\n<\/p>\n<\/p>\n<p>La eliminaci\u00f3n de la obligatoriedad en las  medidas restrictivas por el corona-virus, nos deja en medio de una pandemia incontrolable. En los pasados cuatro meses una mayor\u00eda significativa de dominicanos dio demostraciones de que irrespetar las m\u00ednimas disposiciones sanitarias.<\/p>\n<\/p>\n<p>De ah\u00ed la inquietud actual de si se podr\u00e1 seguir adelante para reducir   el alto n\u00famero de infectados, sin el toque de queda y sin las acciones obligatorias, implementadas dentro de las medidas de emergencia.<\/p>\n<\/p>\n<p>Estamos en medio de una crisis de salud, que no ha sido resuelta. La casi totalidad del sistema hospitalario est\u00e1 ocupado en torno al tratamiento del corona-virus, mientras que se torna precario atender los otros casos de emergencia que van al \u00e1rea sanitaria.<\/p>\n<\/p>\n<p>Este descontrol sanitario llega en medio de la parte final de una campa\u00f1a electoral. Resultaba muy dif\u00edcil poder seguir con el toque de queda y las medidas de emergencia. No ten\u00eda el gobierno el suficiente apoyo congresual para tratar de mantenerlas  en forma prolongada.<\/p>\n<\/p>\n<p>Solo queda apelar ahora al buen entendimiento de los dominicanos, para que respeten las recomendaciones sanitarias, y de esa forma se evite la propagaci\u00f3n de corona-virus. Las autoridades tienen capacidad de maniobra, pero se necesita la colaboraci\u00f3n de todos los sectores.<\/p>\n<\/p>\n<p>Hay que ver con detenimiento la situaci\u00f3n actual de la Rep\u00fablica Dominicana. Tenemos tres crisis que act\u00faan al mismo tiempo-. La crisis de salud, la crisis econ\u00f3mica y la crisis pol\u00edtica. La econom\u00eda se encuentra ahora mismo a ras de suelo. La gran maquinar\u00eda industrial y comercial est\u00e1 paralizada. El turismo tratar\u00e1 a principios del mes de julio  de lograr una recuperaci\u00f3n milagrosa. Pero ese camino ser\u00e1 dif\u00edcil.<\/p>\n<\/p>\n<p>La mayor parte de los pa\u00edses de Europa de donde viene el grueso del turismo a la Rep\u00fablica Dominicana est\u00e1 sufriendo en carne viva el avanzada proceso de la pandemia. Sus grandes centros productivos tienen varios meses cerrados y ahora es que inician el proceso de la recuperaci\u00f3n.<\/p>\n<\/p>\n<p>Mientras, tenemos un mill\u00f3n  de cesanteados que todav\u00eda no se sabe si volver\u00e1n a ocupar sus puestos, que quedaron congelados cuando comenz\u00f3 la cuarentena. En el mejor de los casos, las empresas podr\u00edan ofrecer facilidad a un 35 o 40 por ciento de ese personal que est\u00e1 en las calles.<\/p>\n<\/p>\n<p>En lo pol\u00edtico, julio ser\u00e1 un mes de votaciones.  Las elecciones se van a celebrar en medio de una pandemia que no llega a su pico y luego inicia el descenso. Estas elecciones son impostergables. No hay m\u00e1s fechas disponibles. Solo un milagro nos sacar\u00e1 con buen pie en estas tres crisis que nos ahogan- \u00a1Ay!, se me acab\u00f3 la tinta.<\/p>\n<\/p>\n<h6> 2020-06-28 22:43:32 <\/h6>\n<p><!--\n<link rel=\"stylesheet\" href=\"css\/bootstrap.min.css\">\n\n\n<ul class=\"pagination\">\n\t    \n\t\n\n<li >\n\t<a href='?page_no=168'>Previous<\/a>\n\t<\/li>\n\n\n       \n    \n\n<li><a href='?page_no=1'>1<\/a><\/li>\n\n\n\n<li><a href='?page_no=2'>2<\/a><\/li>\n\n\n\n<li><a>...<\/a><\/li>\n\n\n\n<li><a href='?page_no=167'>167<\/a><\/li>\n\n\n\n<li><a href='?page_no=168'>168<\/a><\/li>\n\n\n\n<li class='active'><a>169<\/a><\/li>\n\n\n\n<li><a href='?page_no=170'>170<\/a><\/li>\n\n\n\n<li><a href='?page_no=171'>171<\/a><\/li>\n\n\n\n<li><a>...<\/a><\/li>\n\n\n\n<li><a href='?page_no=13611'>13611<\/a><\/li>\n\n\n\n<li><a href='?page_no=13612'>13612<\/a><\/li>\n\n    \n\t\n\n<li >\n\t<a href='?page_no=170'>Next<\/a>\n\t<\/li>\n\n\n    \n\n<li><a href='?page_no=13612'>Last &rsaquo;&rsaquo;<\/a><\/li>\n\n<\/ul>\n\n\n--><br \/>\n<\/body><\/p>\n","protected":false},"excerpt":{"rendered":"<p>Diariodominicano.com A Pleno Sol Cuarentena no obligatoria Por Manuel Hern\u00e1ndez Villeta La eliminaci\u00f3n de la obligatoriedad en las medidas restrictivas por el corona-virus, nos deja en medio de una pandemia incontrolable. En los pasados cuatro meses una mayor\u00eda significativa de dominicanos dio demostraciones de que irrespetar las m\u00ednimas disposiciones sanitarias. De ah\u00ed la inquietud actual [&hellip;]<\/p>\n","protected":false},"author":3,"featured_media":0,"comment_status":"open","ping_status":"open","sticky":false,"template":"","format":"standard","meta":{"footnotes":""},"categories":[16],"tags":[],"class_list":["post-38259","post","type-post","status-publish","format-standard","hentry","category-opiniones"],"_links":{"self":[{"href":"https:\/\/diariodominicano.com\/index.php?rest_route=\/wp\/v2\/posts\/38259","targetHints":{"allow":["GET"]}}],"collection":[{"href":"https:\/\/diariodominicano.com\/index.php?rest_route=\/wp\/v2\/posts"}],"about":[{"href":"https:\/\/diariodominicano.com\/index.php?rest_route=\/wp\/v2\/types\/post"}],"author":[{"embeddable":true,"href":"https:\/\/diariodominicano.com\/index.php?rest_route=\/wp\/v2\/users\/3"}],"replies":[{"embeddable":true,"href":"https:\/\/diariodominicano.com\/index.php?rest_route=%2Fwp%2Fv2%2Fcomments&post=38259"}],"version-history":[{"count":0,"href":"https:\/\/diariodominicano.com\/index.php?rest_route=\/wp\/v2\/posts\/38259\/revisions"}],"wp:attachment":[{"href":"https:\/\/diariodominicano.com\/index.php?rest_route=%2Fwp%2Fv2%2Fmedia&parent=38259"}],"wp:term":[{"taxonomy":"category","embeddable":true,"href":"https:\/\/diariodominicano.com\/index.php?rest_route=%2Fwp%2Fv2%2Fcategories&post=38259"},{"taxonomy":"post_tag","embeddable":true,"href":"https:\/\/diariodominicano.com\/index.php?rest_route=%2Fwp%2Fv2%2Ftags&post=38259"}],"curies":[{"name":"wp","href":"https:\/\/api.w.org\/{rel}","templated":true}]}}