{"id":382575,"date":"2022-09-11T23:27:41","date_gmt":"2022-09-12T03:27:41","guid":{"rendered":"http:\/\/diariodominicano.com\/?p=382575"},"modified":"2022-09-11T23:33:50","modified_gmt":"2022-09-12T03:33:50","slug":"exigen-la-salida-de-republica-dominicana-de-los-ex-colaboradores-de-trujillo-y-sus-familiares","status":"publish","type":"post","link":"https:\/\/diariodominicano.com\/?p=382575","title":{"rendered":"Exigen la salida de Rep\u00fablica Dominicana de los ex colaboradores de Trujillo y sus familiares"},"content":{"rendered":"\n<p>SANTO DOMINGO, el 12 de septiembre de 1961, se produjeron protestas en ciudad Santo Domingo, en reclamo de la salida de la familia y ex colaboradores del r\u00e9gimen de Rafael Le\u00f3nidas Trujillo Molina.<\/p>\n\n\n\n<p>&nbsp;&nbsp;&nbsp; Las protestas coincidieron con el arribo a Rep\u00fablica Dominicana de una misi\u00f3n de la Organizaci\u00f3n de los Estados Americanos (OEA) que vino a mediar en la crisis dominicana.<\/p>\n\n\n\n<figure class=\"wp-block-image size-full\"><img loading=\"lazy\" decoding=\"async\" width=\"549\" height=\"406\" src=\"https:\/\/diariodominicano.com\/wp-content\/uploads\/2022\/09\/Trujillo-yhae2019-08-18-7.jpg\" alt=\"\" class=\"wp-image-382577\" srcset=\"https:\/\/diariodominicano.com\/wp-content\/uploads\/2022\/09\/Trujillo-yhae2019-08-18-7.jpg 549w, https:\/\/diariodominicano.com\/wp-content\/uploads\/2022\/09\/Trujillo-yhae2019-08-18-7-300x222.jpg 300w\" sizes=\"auto, (max-width: 549px) 100vw, 549px\" \/><\/figure>\n\n\n\n<p>&nbsp;&nbsp;&nbsp; Los manifestantes reclamaban la salida del general Rafael Le\u00f3nidas \u2013Ramfis- Trujillo Mart\u00ednez y el presidente interino Joaqu\u00edn Balaguer, as\u00ed como de los dem\u00e1s miembros de la familia y colaboradores de la dictadura de Trujillo.<\/p>\n\n\n\n<p>&nbsp;&nbsp; La misi\u00f3n de la OEA estuvo en el pa\u00eds hasta el 28 de septiembre de 1961.<\/p>\n\n\n\n<p>Ramfis Trujillo, desempe\u00f1aba las funciones de Jefe del Estado Mayor Conjunto, la m\u00e1xima jerarqu\u00eda militar dominicana en ese momento.<\/p>\n\n\n\n<figure class=\"wp-block-image size-full\"><img loading=\"lazy\" decoding=\"async\" width=\"267\" height=\"189\" src=\"https:\/\/diariodominicano.com\/wp-content\/uploads\/2022\/09\/conjurados.jpg\" alt=\"\" class=\"wp-image-382579\"\/><figcaption>Imagen del aviso que puso a circular el Gobierno interino tras la eliminaci\u00f3n f\u00edsica del dictador Trujillo.<\/figcaption><\/figure>\n\n\n\n<p>A pesar de las protestas, los Trujillo se mantuvieron en Rep\u00fablica Dominicana hasta el mes de noviembre de 1961. Ramfis Trujillo, jefe del Estado Mayor General Conjunto de las Fuerzas Armadas, General de Cuatro Estrellas, sali\u00f3 la noche del 18 de noviembre de ese a\u00f1o tras asesinar a Modesto D\u00edaz, Luis Manuel \u2013 Tunti- C\u00e1ceres, Salvador Estrella Sahdal\u00e1, Pedro Livio Cede\u00f1o, Hu\u00e1scar Tejeda y Roberto Pastoriza, quienes participaron en el plan que culmin\u00f3 con la eliminaci\u00f3n f\u00edsica del dictador Trujillo Molina, la noche del 30 de mayo de 1961.<\/p>\n\n\n\n<p>&nbsp;&nbsp;&nbsp; Con la ejecuci\u00f3n del grupo, Ramfis Trujillo consum\u00f3 un plan que trataba de llevar a cabo desde hac\u00eda varias semanas. Su objetivo era sacar los presos del Penal de La Victoria y simular una fuga.<\/p>\n\n\n\n<p>El grupo hab\u00eda sido sacado el mismo d\u00eda 18 de noviembre del Palacio de Justicia de Ciudad Nueva con el pretexto de que ser\u00edan trasladados al Penal de La Victoria, pero el veh\u00edculo fue desviado al lugar donde todo estaba preparado para ejecutarlo en la Hacienda Mar\u00eda, en San Crist\u00f3bal.<\/p>\n\n\n\n<p>&nbsp;&nbsp;&nbsp;&nbsp; De La Victoria hab\u00edan sido sacados en la ma\u00f1ana por una patrulla comandada por el Jefe del Penal, Mayor Dante Minervino, con el compromiso de que ser\u00edan llevados al Palacio de Justicia de Ciudad Nueva para un descenso al lugar donde fue muerto Trujillo.<\/p>\n","protected":false},"excerpt":{"rendered":"<p>SANTO DOMINGO, el 12 de septiembre de 1961, se produjeron protestas en ciudad Santo Domingo, en reclamo de la salida de la familia y ex colaboradores del r\u00e9gimen de Rafael Le\u00f3nidas Trujillo Molina. &nbsp;&nbsp;&nbsp; Las protestas coincidieron con el arribo a Rep\u00fablica Dominicana de una misi\u00f3n de la Organizaci\u00f3n de los Estados Americanos (OEA) que [&hellip;]<\/p>\n","protected":false},"author":28,"featured_media":320197,"comment_status":"closed","ping_status":"","sticky":true,"template":"","format":"standard","meta":{"footnotes":""},"categories":[26,27],"tags":[],"class_list":["post-382575","post","type-post","status-publish","format-standard","has-post-thumbnail","hentry","category-efemerides","category-portada"],"_links":{"self":[{"href":"https:\/\/diariodominicano.com\/index.php?rest_route=\/wp\/v2\/posts\/382575","targetHints":{"allow":["GET"]}}],"collection":[{"href":"https:\/\/diariodominicano.com\/index.php?rest_route=\/wp\/v2\/posts"}],"about":[{"href":"https:\/\/diariodominicano.com\/index.php?rest_route=\/wp\/v2\/types\/post"}],"author":[{"embeddable":true,"href":"https:\/\/diariodominicano.com\/index.php?rest_route=\/wp\/v2\/users\/28"}],"replies":[{"embeddable":true,"href":"https:\/\/diariodominicano.com\/index.php?rest_route=%2Fwp%2Fv2%2Fcomments&post=382575"}],"version-history":[{"count":3,"href":"https:\/\/diariodominicano.com\/index.php?rest_route=\/wp\/v2\/posts\/382575\/revisions"}],"predecessor-version":[{"id":382580,"href":"https:\/\/diariodominicano.com\/index.php?rest_route=\/wp\/v2\/posts\/382575\/revisions\/382580"}],"wp:featuredmedia":[{"embeddable":true,"href":"https:\/\/diariodominicano.com\/index.php?rest_route=\/wp\/v2\/media\/320197"}],"wp:attachment":[{"href":"https:\/\/diariodominicano.com\/index.php?rest_route=%2Fwp%2Fv2%2Fmedia&parent=382575"}],"wp:term":[{"taxonomy":"category","embeddable":true,"href":"https:\/\/diariodominicano.com\/index.php?rest_route=%2Fwp%2Fv2%2Fcategories&post=382575"},{"taxonomy":"post_tag","embeddable":true,"href":"https:\/\/diariodominicano.com\/index.php?rest_route=%2Fwp%2Fv2%2Ftags&post=382575"}],"curies":[{"name":"wp","href":"https:\/\/api.w.org\/{rel}","templated":true}]}}