{"id":382567,"date":"2022-09-11T22:17:08","date_gmt":"2022-09-12T02:17:08","guid":{"rendered":"http:\/\/diariodominicano.com\/?p=382567"},"modified":"2022-09-11T22:17:08","modified_gmt":"2022-09-12T02:17:08","slug":"secretario-ejecutivo-del-alba-recordo-a-salvador-allende","status":"publish","type":"post","link":"https:\/\/diariodominicano.com\/?p=382567","title":{"rendered":"Secretario ejecutivo del ALBA record\u00f3 a Salvador Allende"},"content":{"rendered":"\n<p>Caracas, 11 sep (Prensa Latina) El secretario ejecutivo de la Alianza Bolivariana para los Pueblos de Nuestra Am\u00e9rica-Tratado de Comercio de los Pueblos (ALBA-TCP), Sacha Llorenti, record\u00f3 hoy a Salvador Allende, cuyo gobierno fue v\u00edctima de un golpe de Estado en 1973.&nbsp;&nbsp;&nbsp;&nbsp;<\/p>\n\n\n\n<ul class=\"wp-block-list\"><li>septiembre 11, 2022<\/li><li>CDT17:25 (GMT) -0400<\/li><\/ul>\n\n\n\n<p>\u201cLa historia es nuestra y la hacen los pueblos\u201d, expres\u00f3 en su cuenta de Twitter Llorenti, al rememorar el tr\u00e1gico suceso en Chile el 11 de septiembre de 1973, con un audiovisual que muestra im\u00e1genes del presidente Allende en un discurso dirigido al pueblo.<\/p>\n\n\n\n<p>\u201cEl Gobierno Popular que presido ha medido claramente la responsabilidad de la medida que es indispensable tomar para fortalecer la econom\u00eda de Chile, para romper su dependencia econ\u00f3mica.<\/p>\n\n\n\n<p>Para completar la esperanza y el anhelo de los que nos dieron la libertad pol\u00edtica para conquistar nuestra segunda independencia, la independencia econ\u00f3mica de nuestra patria\u201d, manifest\u00f3 entonces Allende.<\/p>\n\n\n\n<p>Llorenti se\u00f1al\u00f3 que aquel suceso \u201ctrunc\u00f3 un proceso democr\u00e1tico de transformaciones profundas para la Chile de los 70\u2032 y toda Am\u00e9rica Latina. Allende se inmortaliz\u00f3 aquel 11 de septiembre y con \u00e9l: \u00ab\u00a1La historia es nuestra y la hacen los pueblos!\u00bb, sentenci\u00f3.<\/p>\n\n\n\n<p>Tambi\u00e9n en la jornada, el presidente Nicol\u00e1s Maduro en la misma red social consider\u00f3 el 11 de septiembre de 1973 como \u201cun d\u00eda doloroso para Chile, en el que se reviven momentos de angustia y horror, pero tambi\u00e9n de esperanza\u201d.<\/p>\n\n\n\n<p>Remarc\u00f3 que el \u201crecuerdo de Allende impregna de coraje el esp\u00edritu del pueblo chileno que despert\u00f3 para no volver a las sombras\u201d.<\/p>\n\n\n\n<p>La Junta Militar dirigida por el general Augusto Pinochet perpetr\u00f3 un golpe de Estado que seg\u00f3 la vida de Salvador Allende, as\u00ed como con la de cientos de miles de chilenos.<\/p>\n\n\n\n<p>oda\/jcd<\/p>\n","protected":false},"excerpt":{"rendered":"<p>Caracas, 11 sep (Prensa Latina) El secretario ejecutivo de la Alianza Bolivariana para los Pueblos de Nuestra Am\u00e9rica-Tratado de Comercio de los Pueblos (ALBA-TCP), Sacha Llorenti, record\u00f3 hoy a Salvador Allende, cuyo gobierno fue v\u00edctima de un golpe de Estado en 1973.&nbsp;&nbsp;&nbsp;&nbsp; septiembre 11, 2022 CDT17:25 (GMT) -0400 \u201cLa historia es nuestra y la hacen [&hellip;]<\/p>\n","protected":false},"author":28,"featured_media":0,"comment_status":"closed","ping_status":"","sticky":false,"template":"","format":"standard","meta":{"footnotes":""},"categories":[26,23],"tags":[],"class_list":["post-382567","post","type-post","status-publish","format-standard","hentry","category-efemerides","category-internacional"],"_links":{"self":[{"href":"https:\/\/diariodominicano.com\/index.php?rest_route=\/wp\/v2\/posts\/382567","targetHints":{"allow":["GET"]}}],"collection":[{"href":"https:\/\/diariodominicano.com\/index.php?rest_route=\/wp\/v2\/posts"}],"about":[{"href":"https:\/\/diariodominicano.com\/index.php?rest_route=\/wp\/v2\/types\/post"}],"author":[{"embeddable":true,"href":"https:\/\/diariodominicano.com\/index.php?rest_route=\/wp\/v2\/users\/28"}],"replies":[{"embeddable":true,"href":"https:\/\/diariodominicano.com\/index.php?rest_route=%2Fwp%2Fv2%2Fcomments&post=382567"}],"version-history":[{"count":1,"href":"https:\/\/diariodominicano.com\/index.php?rest_route=\/wp\/v2\/posts\/382567\/revisions"}],"predecessor-version":[{"id":382568,"href":"https:\/\/diariodominicano.com\/index.php?rest_route=\/wp\/v2\/posts\/382567\/revisions\/382568"}],"wp:attachment":[{"href":"https:\/\/diariodominicano.com\/index.php?rest_route=%2Fwp%2Fv2%2Fmedia&parent=382567"}],"wp:term":[{"taxonomy":"category","embeddable":true,"href":"https:\/\/diariodominicano.com\/index.php?rest_route=%2Fwp%2Fv2%2Fcategories&post=382567"},{"taxonomy":"post_tag","embeddable":true,"href":"https:\/\/diariodominicano.com\/index.php?rest_route=%2Fwp%2Fv2%2Ftags&post=382567"}],"curies":[{"name":"wp","href":"https:\/\/api.w.org\/{rel}","templated":true}]}}