{"id":382561,"date":"2022-09-11T22:12:57","date_gmt":"2022-09-12T02:12:57","guid":{"rendered":"http:\/\/diariodominicano.com\/?p=382561"},"modified":"2022-09-11T22:18:19","modified_gmt":"2022-09-12T02:18:19","slug":"nicaragua-rinde-homenaje-a-salvador-allende","status":"publish","type":"post","link":"https:\/\/diariodominicano.com\/?p=382561","title":{"rendered":"Nicaragua rinde homenaje a Salvador Allende"},"content":{"rendered":"\n<p>Managua, 11 sep (Prensa Latina) Nicaragua rindi\u00f3 homenaje al l\u00edder chileno Salvador Allende, en ocasi\u00f3n de conmemorarse hoy el 49 aniversario de su muerte.&nbsp;&nbsp;&nbsp;&nbsp;<\/p>\n\n\n\n<ul class=\"wp-block-list\"><li>septiembre 11, 2022<\/li><li>CDT21:54 (GMT) -0400<\/li><\/ul>\n\n\n\n<p>Durante un acto pol\u00edtico-cultural, el canciller Dennis Moncada destac\u00f3 la personalidad de Allende, qui\u00e9n el 11 de septiembre de 1973 \u201cdefendi\u00f3 el decor\u00f3, la dignidad y la independencia del pueblo de Chile ante el criminal golpe de estado encabezado por Augusto Pinochet\u201d.<\/p>\n\n\n\n<p>\u201cHoy todos nosotros honramos la memoria y la gesta del presidente Salvador Allende en este espl\u00e9ndido puerto que lleva su nombre y que nuestro gobierno dirigido por el presidente comandante Daniel Ortega y la vicepresidenta Rosario Murillo y el pueblo nicarag\u00fcense, lo hemos dedicado a su memoria\u201d, expres\u00f3 Moncada.<\/p>\n\n\n\n<p>En ese sentido, el jefe de la diplomacia nicarag\u00fcense destac\u00f3 el ejemplo heroico de Allende, el cual \u201cvive y fortalece la moral de los pueblos de este hemisferio para continuar su lucha antiimperialista por la real independencia, soberan\u00eda nacional y el socialismo\u201d.<\/p>\n\n\n\n<p>Por su parte, el miembro de la Juventud Sandinista 19 de Julio Yader Malesp\u00edn, destac\u00f3 el legado el presidente chileno y asegur\u00f3 que el golpe de Estado y muerte de Allende, abri\u00f3 uno de los cap\u00edtulos m\u00e1s dolorosos de la historia de Am\u00e9rica Latina.<\/p>\n\n\n\n<p>acl\/ybv<\/p>\n\n\n\n<h1 class=\"wp-block-heading\">Desestabilizaci\u00f3n de Salvador Allende en el recuerdo de Prensa Latina (+Fotos)<\/h1>\n\n\n\n<figure class=\"wp-block-image\"><img decoding=\"async\" src=\"https:\/\/www.prensa-latina.cu\/wp-content\/uploads\/2022\/09\/Prensa-Latina-Allende.jpg\" alt=\"\"\/><\/figure>\n\n\n\n<p>La Habana, 11 sep (Prensa Latina) El reciente plebiscito por una nueva Constituci\u00f3n en Chile, marcado por la divisi\u00f3n pol\u00edtica, recuerda hoy el bregar del presidente Salvador Allende por la unidad de los chilenos a lo largo de 35 meses de mandato, hasta su muerte hace 49 a\u00f1os.&nbsp;&nbsp;&nbsp;&nbsp;<\/p>\n\n\n\n<ul class=\"wp-block-list\"><li>septiembre 11, 2022<\/li><li>CDT00:06 (GMT) -0400<\/li><\/ul>\n\n\n\n<ul class=\"wp-block-list\"><li>Jorge Luna<\/li><\/ul>\n\n\n\n<p>Promovi\u00f3 grandes cambios, en el marco de las tradicionales leyes del pa\u00eds, en un rico proceso pol\u00edtico descrito como la \u00abv\u00eda chilena al socialismo\u00bb, que cont\u00f3 con enorme apoyo popular y, a su vez, una f\u00e9rrea resistencia de la derecha nacional e internacional.<\/p>\n\n\n\n<p>Los periodistas que entonces cubrieron los acontecimientos fueron testigos de excepci\u00f3n de las maniobras pol\u00edticas, econ\u00f3micas y militares que lograron desestabilizarlo, instalando uno de los reg\u00edmenes m\u00e1s represivos de Am\u00e9rica Latina para inaugurar el neoliberalismo en la regi\u00f3n.<\/p>\n\n\n\n<p>Ellos describieron las marchas y contramarchas, a favor y en contra, pero vivieron adem\u00e1s algo que hoy planea sobre Chile y toda la regi\u00f3n: la narrativa del odio en los medios chilenos, otrora ejemplo de un periodismo de calidad.<\/p>\n\n\n\n<p>Sin Internet, ni redes sociales, ni tel\u00e9fonos celulares, los periodistas usaron ruidosos t\u00e9lex y teletipos para enfrentar lo que hoy se conoce como las \u00abfake news\u00bb y otros elementos de feroces campa\u00f1as de desprestigio encabezadas por El Mercurio.<\/p>\n\n\n\n<p>Colegas chilenos y extranjeros que acompa\u00f1aron el novedoso y atractivo proceso chileno tuvieron que desafiar diariamente el rumor, la mentira o directamente la propaganda pol\u00edtica contra el gobierno de Allende. Una verdadera guerra medi\u00e1tica hace medio siglo.<\/p>\n\n\n\n<figure class=\"wp-block-image\"><img decoding=\"async\" src=\"https:\/\/www.prensa-latina.cu\/wp-content\/uploads\/2022\/09\/Prensa-Latina-Allende2.jpg\" alt=\"\" class=\"wp-image-318777\"\/><\/figure>\n\n\n\n<p>Son im\u00e1genes imborrables para los reporteros, muchos de los cuales luego aportaron a la memoria de los chilenos con sus testimonios en libros, documentales y fotograf\u00edas.<\/p>\n\n\n\n<p>No se puede olvidar que a la c\u00e9ntrica oficina de Prensa Latina, a dos cuadras de La Moneda, lleg\u00f3 la ma\u00f1ana del golpe Augusto \u00abPelao\u00bb Carmona, junto a su compa\u00f1era Luc\u00eda Sep\u00falveda, ambos redactores de la revista Punto Final, dirigida por Manuel Cabieses. Ofrecieron sus servicios y su solidaridad.<\/p>\n\n\n\n<p>Tras hablar con nuestro Corresponsal-Jefe, Jorge Timossi, partieron a la clandestinidad. El \u00abPelao\u00bb sigue entre los miles de detenidos-desaparecidos de Chile.<\/p>\n\n\n\n<p>Varios otros colegas, de diversas tendencias, llamaron a interesarse por el equipo period\u00edstico de Prensa Latina, integrado en ese momento por un argentino, dos cubanos, tres chilenos y un peruano. El resto del personal debi\u00f3, muy a rega\u00f1adientes, abandonar la amenazada corresponsal\u00eda.<\/p>\n\n\n\n<p>Elena Acu\u00f1a, chilena, la \u00fanica mujer del grupo, cumpli\u00f3 la arriesgada misi\u00f3n de trasladar documentos y dineros de la agencia a buen recaudo, aprovechando una breve interrupci\u00f3n del bombardeo de los Fokker Hunter a La Moneda.<\/p>\n\n\n\n<p>Ya hab\u00edamos enviado a nuestra central toda la informaci\u00f3n posible, hasta que la nueva Junta Militar (cuyos miembros aun no se hab\u00edan identificado) cort\u00f3 toda comunicaci\u00f3n y nuestros teletipos hicieron silencio. No obstante, seguimos transmitiendo noticias, incluida la muerte de Allende, por v\u00eda telef\u00f3nica a nuestra corresponsal\u00eda en Buenos Aires.<\/p>\n\n\n\n<p>Al mediod\u00eda, tras el ataque al Palacio Presidencial, un pelot\u00f3n del ej\u00e9rcito chileno, que acababa de destruir con sa\u00f1a la vecina oficina de Punto Final, allan\u00f3 Prensa Latina. Eran 21 militares con rostros y uniformes manchados por las cenizas de La Moneda y el caracter\u00edstico collar\u00edn color naranja que identificaba a los golpistas.<\/p>\n\n\n\n<p>Pretend\u00edan que baj\u00e1ramos \u00abal cami\u00f3n\u00bb, como dec\u00edan ellos, para trasladarnos a alg\u00fan centro de detenci\u00f3n acusados de \u00absubversivos\u00bb. Incluso, nos alienaron de cara a la pared y realizaron un simulacro de fusilamiento.<\/p>\n\n\n\n<p>Pero, nuestras instrucciones eran no resistir ni abandonar las oficinas y nos negamos. Tambi\u00e9n hab\u00edamos tomado la decisi\u00f3n de no destruir ni esconder folletos, peri\u00f3dicos, revistas o afiches relacionados con la Revoluci\u00f3n Cubana.<\/p>\n\n\n\n<figure class=\"wp-block-image\"><img decoding=\"async\" src=\"https:\/\/www.prensa-latina.cu\/wp-content\/uploads\/2022\/09\/Prensa-Latina-Allende1.jpg\" alt=\"\" class=\"wp-image-318776\"\/><\/figure>\n\n\n\n<p>Los militares nos aislaron en el piso en distintas esquinas de la oficina mientras revisaban todo, buscando armas. Comenzaron a romper afiches y fotos, incluso de Allende.<\/p>\n\n\n\n<p>Recuerdo c\u00f3mo, en un temerario arranque, el chileno Omar Sep\u00falveda, el m\u00e1s joven de nosotros, enfrent\u00f3 a un soldado que intentaba romper a patadas un cartel del comandante Ernesto Che Guevara, cre\u00e1ndose un momento de extrema tensi\u00f3n para todos.<\/p>\n\n\n\n<p>Tambi\u00e9n, c\u00f3mo otro soldado le quito al cubano Mario Mainad\u00e9, que sufr\u00eda sordera, un obsoleto y aparatoso aud\u00edfono que el militar confundi\u00f3 por una granada. Otro periodista chileno, Orlando Contreras, hab\u00eda llegado la noche antes de La Habana para visitar a su padre enfermo y de inmediato se present\u00f3 en nuestras oficinas.<\/p>\n\n\n\n<p>En la memoria el cubano Pedro Lobaina, que me despert\u00f3 a las 6:30 para llevarme a la oficina con la breve frase \u00a1Dale, hay golpe! Muy estudioso, un verdadero analista, era el m\u00e1s flem\u00e1tico de todos, tranquilo en el trabajo y pausado al hablar. Pero, cuando finalmente se fueron los militares, fue Lobaina quien tir\u00f3 el portazo tras ellos, sorprendi\u00e9ndonos con irrepetibles insultos de alto calibre.<\/p>\n\n\n\n<p>Por \u00faltimo, nuestro jefe, maestro de los m\u00e1s j\u00f3venes reporteros, contrincante frecuente de Allende en el tablero de ajedrez y autor de uno de los testimonios m\u00e1s completos de la batalla de presidente en La Moneda.<\/p>\n\n\n\n<p>En medio del allanamiento, fue llevado por los militares al cercano Ministerio de Defensa, donde los golpistas explicaron a los corresponsales extranjeros las nuevas reglas de la censura. Pudo sobrevivir ese encuentro gracias a que exager\u00f3 su enraizado acento argentino por encima de su marcado hablar cubano.<\/p>\n\n\n\n<p>Periodista y escritor de gran experiencia dentro y fuera de Prensa Latina, Timossi form\u00f3 personal y cuidadosamente su equipo tras asumir la corresponsal\u00eda de Chile en los momentos m\u00e1s interesantes y dif\u00edciles del pa\u00eds.<\/p>\n\n\n\n<p>A ellos, a Prensa Latina y a todos los periodistas que arriesgaron sus vidas por difundir la verdad del proceso chileno, mi mayor respeto en este aniversario y siempre.<\/p>\n\n\n\n<p>leg\/Jl<\/p>\n","protected":false},"excerpt":{"rendered":"<p>Managua, 11 sep (Prensa Latina) Nicaragua rindi\u00f3 homenaje al l\u00edder chileno Salvador Allende, en ocasi\u00f3n de conmemorarse hoy el 49 aniversario de su muerte.&nbsp;&nbsp;&nbsp;&nbsp; septiembre 11, 2022 CDT21:54 (GMT) -0400 Durante un acto pol\u00edtico-cultural, el canciller Dennis Moncada destac\u00f3 la personalidad de Allende, qui\u00e9n el 11 de septiembre de 1973 \u201cdefendi\u00f3 el decor\u00f3, la dignidad [&hellip;]<\/p>\n","protected":false},"author":28,"featured_media":382569,"comment_status":"closed","ping_status":"","sticky":true,"template":"","format":"standard","meta":{"footnotes":""},"categories":[26,23,27],"tags":[],"class_list":["post-382561","post","type-post","status-publish","format-standard","has-post-thumbnail","hentry","category-efemerides","category-internacional","category-portada"],"_links":{"self":[{"href":"https:\/\/diariodominicano.com\/index.php?rest_route=\/wp\/v2\/posts\/382561","targetHints":{"allow":["GET"]}}],"collection":[{"href":"https:\/\/diariodominicano.com\/index.php?rest_route=\/wp\/v2\/posts"}],"about":[{"href":"https:\/\/diariodominicano.com\/index.php?rest_route=\/wp\/v2\/types\/post"}],"author":[{"embeddable":true,"href":"https:\/\/diariodominicano.com\/index.php?rest_route=\/wp\/v2\/users\/28"}],"replies":[{"embeddable":true,"href":"https:\/\/diariodominicano.com\/index.php?rest_route=%2Fwp%2Fv2%2Fcomments&post=382561"}],"version-history":[{"count":2,"href":"https:\/\/diariodominicano.com\/index.php?rest_route=\/wp\/v2\/posts\/382561\/revisions"}],"predecessor-version":[{"id":382570,"href":"https:\/\/diariodominicano.com\/index.php?rest_route=\/wp\/v2\/posts\/382561\/revisions\/382570"}],"wp:featuredmedia":[{"embeddable":true,"href":"https:\/\/diariodominicano.com\/index.php?rest_route=\/wp\/v2\/media\/382569"}],"wp:attachment":[{"href":"https:\/\/diariodominicano.com\/index.php?rest_route=%2Fwp%2Fv2%2Fmedia&parent=382561"}],"wp:term":[{"taxonomy":"category","embeddable":true,"href":"https:\/\/diariodominicano.com\/index.php?rest_route=%2Fwp%2Fv2%2Fcategories&post=382561"},{"taxonomy":"post_tag","embeddable":true,"href":"https:\/\/diariodominicano.com\/index.php?rest_route=%2Fwp%2Fv2%2Ftags&post=382561"}],"curies":[{"name":"wp","href":"https:\/\/api.w.org\/{rel}","templated":true}]}}