{"id":382558,"date":"2022-09-11T22:07:16","date_gmt":"2022-09-12T02:07:16","guid":{"rendered":"http:\/\/diariodominicano.com\/?p=382558"},"modified":"2022-09-11T22:07:16","modified_gmt":"2022-09-12T02:07:16","slug":"con-romerias-chilenos-recuerdan-a-victimas-del-golpe-de-estado-fotos","status":"publish","type":"post","link":"https:\/\/diariodominicano.com\/?p=382558","title":{"rendered":"Con romer\u00edas chilenos recuerdan a v\u00edctimas del golpe de Estado (+Fotos)"},"content":{"rendered":"\n<p>Santiago de Chile, 11 sep (Prensa Latina) Cientos de chilenos participaron hoy en una peregrinaci\u00f3n hacia el Cementerio General para rendir homenaje a las v\u00edctimas del golpe de Estado contra el gobierno del presidente Salvador Allende, ocurrido hace 49 a\u00f1os.&nbsp;&nbsp;&nbsp;&nbsp;<\/p>\n\n\n\n<ul class=\"wp-block-list\"><li>septiembre 11, 2022<\/li><li>CDT15:00 (GMT) -0400<\/li><\/ul>\n\n\n\n<p>La romer\u00eda fue el punto culminante de una jornada que incluy\u00f3 un acto realizado en el Palacio de La Moneda en conmemoraci\u00f3n del 11 de septiembre, en el que el presidente Gabriel Boric se comprometi\u00f3 a reforzar la b\u00fasqueda de los detenidos desaparecidos.<\/p>\n\n\n\n<p>\u201cHay mil 192 personas que no sabemos d\u00f3nde est\u00e1n. No lo podemos tolerar. Pondremos un plan nacional de b\u00fasqueda en conjunto con las familias de las v\u00edctimas\u201d, dijo Boric.<\/p>\n\n\n\n<figure class=\"wp-block-image\"><img decoding=\"async\" src=\"https:\/\/www.prensa-latina.cu\/wp-content\/uploads\/2022\/09\/grupo-personas-manifestacio.jpg\" alt=\"grupo-personas-manifestacio\" class=\"wp-image-319056\"\/><\/figure>\n\n\n\n<p>Alicia Lira, presidenta de la Agrupaci\u00f3n de Familiares de Ejecutados Pol\u00edticos, calific\u00f3 este hecho como una se\u00f1al distinta a la de gobiernos anteriores, pero insisti\u00f3 en la necesidad de que estos signos se materialicen en acciones concretas.<\/p>\n\n\n\n<p>Lira fue una de las principales oradoras en un acto masivo efectuado a la entrada del camposanto al t\u00e9rmino de la tradicional peregrinaci\u00f3n.<\/p>\n\n\n\n<p>Durante el paso de la marcha frente a La Moneda y por la avenida Recoleta encapuchados protagonizaron disturbios y saqueos a locales comerciales, y los carabineros lanzaron gases lacrim\u00f3genos y chorros de agua contra los manifestantes.<\/p>\n\n\n\n<figure class=\"wp-block-image\"><img decoding=\"async\" src=\"https:\/\/www.prensa-latina.cu\/wp-content\/uploads\/2022\/09\/manifestacion-chile.jpg\" alt=\"manifestacion-chile\" class=\"wp-image-319057\"\/><\/figure>\n\n\n\n<p>Al referirse a estos incidentes, el presidente Boric declar\u00f3 que \u201cla democracia se construye con di\u00e1logo respetando a quien piense distinto y nunca con violencia\u201d.<\/p>\n\n\n\n<p>En su discurso en el Palacio de la Moneda, el mandatario reiter\u00f3 su compromiso de avanzar hacia una Constituci\u00f3n escrita en democracia, que reemplace a la vigente desde la \u00e9poca de la dictadura de Augusto Pinochet (1973-1990).<\/p>\n\n\n\n<p>Seg\u00fan la comisi\u00f3n de la verdad, durante los 17 a\u00f1os de ese r\u00e9gimen se registraron el pa\u00eds m\u00e1s de 40 mil casos de delitos de lesa humanidad, entre asesinatos, torturas, detenciones y desapariciones.<\/p>\n\n\n\n<p>oda\/car<\/p>\n","protected":false},"excerpt":{"rendered":"<p>Santiago de Chile, 11 sep (Prensa Latina) Cientos de chilenos participaron hoy en una peregrinaci\u00f3n hacia el Cementerio General para rendir homenaje a las v\u00edctimas del golpe de Estado contra el gobierno del presidente Salvador Allende, ocurrido hace 49 a\u00f1os.&nbsp;&nbsp;&nbsp;&nbsp; septiembre 11, 2022 CDT15:00 (GMT) -0400 La romer\u00eda fue el punto culminante de una jornada [&hellip;]<\/p>\n","protected":false},"author":28,"featured_media":382559,"comment_status":"closed","ping_status":"","sticky":true,"template":"","format":"standard","meta":{"footnotes":""},"categories":[26,23,27],"tags":[],"class_list":["post-382558","post","type-post","status-publish","format-standard","has-post-thumbnail","hentry","category-efemerides","category-internacional","category-portada"],"_links":{"self":[{"href":"https:\/\/diariodominicano.com\/index.php?rest_route=\/wp\/v2\/posts\/382558","targetHints":{"allow":["GET"]}}],"collection":[{"href":"https:\/\/diariodominicano.com\/index.php?rest_route=\/wp\/v2\/posts"}],"about":[{"href":"https:\/\/diariodominicano.com\/index.php?rest_route=\/wp\/v2\/types\/post"}],"author":[{"embeddable":true,"href":"https:\/\/diariodominicano.com\/index.php?rest_route=\/wp\/v2\/users\/28"}],"replies":[{"embeddable":true,"href":"https:\/\/diariodominicano.com\/index.php?rest_route=%2Fwp%2Fv2%2Fcomments&post=382558"}],"version-history":[{"count":1,"href":"https:\/\/diariodominicano.com\/index.php?rest_route=\/wp\/v2\/posts\/382558\/revisions"}],"predecessor-version":[{"id":382560,"href":"https:\/\/diariodominicano.com\/index.php?rest_route=\/wp\/v2\/posts\/382558\/revisions\/382560"}],"wp:featuredmedia":[{"embeddable":true,"href":"https:\/\/diariodominicano.com\/index.php?rest_route=\/wp\/v2\/media\/382559"}],"wp:attachment":[{"href":"https:\/\/diariodominicano.com\/index.php?rest_route=%2Fwp%2Fv2%2Fmedia&parent=382558"}],"wp:term":[{"taxonomy":"category","embeddable":true,"href":"https:\/\/diariodominicano.com\/index.php?rest_route=%2Fwp%2Fv2%2Fcategories&post=382558"},{"taxonomy":"post_tag","embeddable":true,"href":"https:\/\/diariodominicano.com\/index.php?rest_route=%2Fwp%2Fv2%2Ftags&post=382558"}],"curies":[{"name":"wp","href":"https:\/\/api.w.org\/{rel}","templated":true}]}}