{"id":382547,"date":"2022-09-11T21:50:57","date_gmt":"2022-09-12T01:50:57","guid":{"rendered":"http:\/\/diariodominicano.com\/?p=382547"},"modified":"2022-09-11T21:50:57","modified_gmt":"2022-09-12T01:50:57","slug":"mausoleo-en-serranias-de-cuba-centra-tributo-a-legendario-comandante","status":"publish","type":"post","link":"https:\/\/diariodominicano.com\/?p=382547","title":{"rendered":"Mausoleo en serran\u00edas de Cuba centra tributo a legendario Comandante"},"content":{"rendered":"\n<p>Santiago de Cuba, 11 sep (Prensa Latina) Flores frescas ante su tumba en el Mausoleo del Tercer Frente Oriental Mario Mu\u00f1oz simbolizan hoy la recordaci\u00f3n del Comandante de la Revoluci\u00f3n cubana Juan Almeida Bosque transcurridos 13 a\u00f1os de su deceso.&nbsp;&nbsp;&nbsp;&nbsp;<\/p>\n\n\n\n<ul class=\"wp-block-list\"><li>septiembre 11, 2022<\/li><li>CDT12:07 (GMT) -0400<\/li><\/ul>\n\n\n\n<p>Las ofrendas fueron colocadas en nombre del General de Ej\u00e9rcito Ra\u00fal Castro y del Primer Secretario del Partido Comunista y Presidente de la Rep\u00fablica, Miguel D\u00edaz-Canel, as\u00ed como del pueblo de Cuba y de Esteban Lazo, Presidente de la Asamblea Nacional del Poder Popular.<\/p>\n\n\n\n<p>Como ya es tradici\u00f3n, cientos de habitantes de Cruce de los Ba\u00f1os, poblado cabecera de esa demarcaci\u00f3n que es obra total del proceso transformador iniciado tras el triunfo insurreccional del primero de enero de 1959, acudieron en peregrinaci\u00f3n hasta el conjunto monumental en la Loma de la Esperanza.<\/p>\n\n\n\n<p>La evocaci\u00f3n de Almeida tiene un punto focal aqu\u00ed en los Estudios Siboney, de la Empresa de Grabaciones y Ediciones Musicales, fundados bajo su inspiraci\u00f3n hace m\u00e1s de 40 a\u00f1os y en el cual encontraron cauce las potencialidades musicales del Oriente cubano.<\/p>\n\n\n\n<p>M\u00fasico \u00e9l mismo, con m\u00e1s de 300 composiciones, su huella tiene en la ciudad un exponente singular en la escultura emplazada en la fachada del Teatro Heredia que lo recuerda como uno de los tres Comandantes de la Revoluci\u00f3n, junto a Ramiro Vald\u00e9s y Guillermo Garc\u00eda.<\/p>\n\n\n\n<p>El humilde alba\u00f1il entr\u00f3 definitivamente en la memoria nacional como asaltante al Cuartel Moncada, junto a Fidel Castro y j\u00f3venes revolucionarios el 26 de julio de 1953, y expedicionario del yate Granma que arrib\u00f3 a costas cubanas el 2 de diciembre de 1956.<\/p>\n\n\n\n<p>rgh\/mca<\/p>\n","protected":false},"excerpt":{"rendered":"<p>Santiago de Cuba, 11 sep (Prensa Latina) Flores frescas ante su tumba en el Mausoleo del Tercer Frente Oriental Mario Mu\u00f1oz simbolizan hoy la recordaci\u00f3n del Comandante de la Revoluci\u00f3n cubana Juan Almeida Bosque transcurridos 13 a\u00f1os de su deceso.&nbsp;&nbsp;&nbsp;&nbsp; septiembre 11, 2022 CDT12:07 (GMT) -0400 Las ofrendas fueron colocadas en nombre del General de [&hellip;]<\/p>\n","protected":false},"author":28,"featured_media":382548,"comment_status":"closed","ping_status":"","sticky":false,"template":"","format":"standard","meta":{"footnotes":""},"categories":[26,23],"tags":[],"class_list":["post-382547","post","type-post","status-publish","format-standard","has-post-thumbnail","hentry","category-efemerides","category-internacional"],"_links":{"self":[{"href":"https:\/\/diariodominicano.com\/index.php?rest_route=\/wp\/v2\/posts\/382547","targetHints":{"allow":["GET"]}}],"collection":[{"href":"https:\/\/diariodominicano.com\/index.php?rest_route=\/wp\/v2\/posts"}],"about":[{"href":"https:\/\/diariodominicano.com\/index.php?rest_route=\/wp\/v2\/types\/post"}],"author":[{"embeddable":true,"href":"https:\/\/diariodominicano.com\/index.php?rest_route=\/wp\/v2\/users\/28"}],"replies":[{"embeddable":true,"href":"https:\/\/diariodominicano.com\/index.php?rest_route=%2Fwp%2Fv2%2Fcomments&post=382547"}],"version-history":[{"count":1,"href":"https:\/\/diariodominicano.com\/index.php?rest_route=\/wp\/v2\/posts\/382547\/revisions"}],"predecessor-version":[{"id":382549,"href":"https:\/\/diariodominicano.com\/index.php?rest_route=\/wp\/v2\/posts\/382547\/revisions\/382549"}],"wp:featuredmedia":[{"embeddable":true,"href":"https:\/\/diariodominicano.com\/index.php?rest_route=\/wp\/v2\/media\/382548"}],"wp:attachment":[{"href":"https:\/\/diariodominicano.com\/index.php?rest_route=%2Fwp%2Fv2%2Fmedia&parent=382547"}],"wp:term":[{"taxonomy":"category","embeddable":true,"href":"https:\/\/diariodominicano.com\/index.php?rest_route=%2Fwp%2Fv2%2Fcategories&post=382547"},{"taxonomy":"post_tag","embeddable":true,"href":"https:\/\/diariodominicano.com\/index.php?rest_route=%2Fwp%2Fv2%2Ftags&post=382547"}],"curies":[{"name":"wp","href":"https:\/\/api.w.org\/{rel}","templated":true}]}}