{"id":38248,"date":"2020-06-29T08:21:55","date_gmt":"2020-06-29T08:21:55","guid":{"rendered":"http:\/\/diariodominicano.ddns.net\/?p=38248"},"modified":"2020-06-29T08:21:55","modified_gmt":"2020-06-29T08:21:55","slug":"danilo-se-va-leonel-recompone-el-voto","status":"publish","type":"post","link":"https:\/\/diariodominicano.com\/?p=38248","title":{"rendered":"\u00a1DANILO SE VA!  &#13;\u00a1LEONEL RECOMPONE EL VOTO!"},"content":{"rendered":"<p><body><\/p>\n<p><strong>Diariodominicano.com<\/strong><\/p>\n<p><strong>\u00a1DANILO SE VA!  <\/strong><\/p>\n<p><strong>\u00a1LEONEL RECOMPONE EL VOTO!<\/strong><\/p>\n<p><strong>FRANKLIN ALMEYDA RANCIER<\/strong><\/p>\n<\/p>\n<p>El Presidente Medina dijo en su discurso del viernes, que sabe que se va del poder. Lo dijo as\u00ed: \u00ab&#8230;confiamos en que las autoridades entrantes, elegidas por la voluntad del pueblo dominicano, tengan la capacidad para sostener con firmeza el tim\u00f3n de este pa\u00eds y guiarlo por las complicadas aguas que se avecinan&#8230;\u00bb.<\/p>\n<\/p>\n<p>Agreg\u00f3 m\u00e1s adelante que \u00ab&#8230;estar\u00e1 dejando a las nuevas autoridades que se juramentar\u00e1n el 16 de agosto, m\u00e1s de 100 mil millones de pesos, para que puedan atender las necesidades antes se\u00f1aladas\u00bb.<\/p>\n<\/p>\n<p>Decirlo es aceptar quedarse solo y sin autoridad, todo por haber provocado la divisi\u00f3n del partido oficial, con sus pretensiones de reelegirse y luego imponer el m\u00e1s incapaz de sus colaboradores como candidato presidencial, desbordando los l\u00edmites del poder sobre el Estado y al mismo tiempo sobre el partido de gobierno.<\/p>\n<\/p>\n<p>Haber vencido sus pretensiones es un hito en este proceso pol\u00edtico y en la historia dominicana, puesto que siendo presidente en ejercicio en un pa\u00eds con instituciones del Estado a\u00fan no consolidadas, el r\u00e9gimen democr\u00e1tico es fr\u00e1gil y hasta los poderes f\u00e1cticos se pliegan.<\/p>\n<\/p>\n<p>La derrota est\u00e1 en sus palabras y pas\u00f3 a amenazar sectores econ\u00f3micos situando en los medios de comunicaci\u00f3n, utilizando el Ministro de Salud y el Bolet\u00edn #100, la data sanitaria del mismo viernes; en el mismo se ofrecen  cifras para atemorizar y los diarios titularon de forma m\u00e1s destacadas que lo dicho en su discurso:<\/p>\n<\/p>\n<p>\u00abRD supera los 30 mil casos de COVID-19; ayer se proces\u00f3 la mayor cantidad de pruebas en un d\u00eda\u00bb (Diario Libre). Listin: \u00ab30,619 confirmados de coronavirus en RD; 855 nuevos en un d\u00eda\u00bb. Otro casi igual: \u00abRD supera los 30 mil casos de contagios por COVID-19; se registran 855 en las \u00faltimas 24 horas\u00bb.<\/p>\n<\/p>\n<p>Definitivamente, el Presidente Medina no soporta que los grupos econ\u00f3micos que \u00e9l privilegi\u00f3 hayan patrocinado una secuencia de encuestas para crearle una percepci\u00f3n negativa a su proyecto pol\u00edtico electoral, apesar de haberlos favorecido.<\/p>\n<\/p>\n<p>\u00bfQu\u00e9 le dijo en su discurso el Presidente Medina a esos grupos econ\u00f3micos?<\/p>\n<\/p>\n<p>Les anuncia un repunte de la pandemia que retrasa la recuperaci\u00f3n econ\u00f3mica. Dijo: \u00ab&#8230;resultados que todos estos laboratorios (privados) reportan, al igual que las pruebas realizadas por las autoridades de salud, muestran la misma realidad: el n\u00famero de personas contagiadas est\u00e1 subiendo\u00bb.<\/p>\n<\/p>\n<p>\u00abEn vista de esta situaci\u00f3n, estamos ya aumentando el n\u00famero de camas disponibles y de unidades de cuidados intensivos (&#8230;) en los grandes n\u00facleos urbanos (&#8230;) a nivel nacional el 60% de las unidades de cuidados intensivos dedicadas para el manejo de COVID- 19 de la red p\u00fablica est\u00e1n ocupadas, llegando esta ocupaci\u00f3n a un 70% en el Distrito Nacional y a un 85% en las provincias de Santo Domingo y Santiago\u00bb.<\/p>\n<\/p>\n<p>Utiliza frecuentemente las palabras miedo (var\u00edas veces), asustarse, pesimismo, preocuparse. Dice que su \u00ab&#8230;mensaje de hoy no es de alarmismo ni de miedo, sino de responsabilidad colectiva\u00bb. <\/p>\n<\/p>\n<p>Esa parte tenebrosa la dice porque \u00ab&#8230; tenemos un segundo reto al que dar respuesta: la recuperaci\u00f3n econ\u00f3mica\u00bb.<\/p>\n<\/p>\n<p>\u00bfA quien le advierte ese segundo reto? Obvio, a los grupos econ\u00f3micos.<\/p>\n<\/p>\n<p>Pero Danilo se va y la \u00abespiral del silencio\u00bb o la \u00abmasa silente\u00bb se vuelca ahora para apoyar a Leonel, lo dicen las \u00faltimas encuestas, recomponiendo el voto pelede\u00edsta y \u00e9l clasificar para segunda vuelta.<\/p>\n<\/p>\n<\/p>\n<\/p>\n<\/p>\n<\/p>\n<h6> 2020-06-29 08:21:55 <\/h6>\n<p><!--\n<link rel=\"stylesheet\" href=\"css\/bootstrap.min.css\">\n\n\n<ul class=\"pagination\">\n\t    \n\t\n\n<li >\n\t<a href='?page_no=167'>Previous<\/a>\n\t<\/li>\n\n\n       \n    \n\n<li><a href='?page_no=1'>1<\/a><\/li>\n\n\n\n<li><a href='?page_no=2'>2<\/a><\/li>\n\n\n\n<li><a>...<\/a><\/li>\n\n\n\n<li><a href='?page_no=166'>166<\/a><\/li>\n\n\n\n<li><a href='?page_no=167'>167<\/a><\/li>\n\n\n\n<li class='active'><a>168<\/a><\/li>\n\n\n\n<li><a href='?page_no=169'>169<\/a><\/li>\n\n\n\n<li><a href='?page_no=170'>170<\/a><\/li>\n\n\n\n<li><a>...<\/a><\/li>\n\n\n\n<li><a href='?page_no=13611'>13611<\/a><\/li>\n\n\n\n<li><a href='?page_no=13612'>13612<\/a><\/li>\n\n    \n\t\n\n<li >\n\t<a href='?page_no=169'>Next<\/a>\n\t<\/li>\n\n\n    \n\n<li><a href='?page_no=13612'>Last &rsaquo;&rsaquo;<\/a><\/li>\n\n<\/ul>\n\n\n--><br \/>\n<\/body><\/p>\n","protected":false},"excerpt":{"rendered":"<p>Diariodominicano.com \u00a1DANILO SE VA! \u00a1LEONEL RECOMPONE EL VOTO! FRANKLIN ALMEYDA RANCIER El Presidente Medina dijo en su discurso del viernes, que sabe que se va del poder. Lo dijo as\u00ed: \u00ab&#8230;confiamos en que las autoridades entrantes, elegidas por la voluntad del pueblo dominicano, tengan la capacidad para sostener con firmeza el tim\u00f3n de este pa\u00eds [&hellip;]<\/p>\n","protected":false},"author":3,"featured_media":0,"comment_status":"open","ping_status":"open","sticky":false,"template":"","format":"standard","meta":{"footnotes":""},"categories":[16],"tags":[],"class_list":["post-38248","post","type-post","status-publish","format-standard","hentry","category-opiniones"],"_links":{"self":[{"href":"https:\/\/diariodominicano.com\/index.php?rest_route=\/wp\/v2\/posts\/38248","targetHints":{"allow":["GET"]}}],"collection":[{"href":"https:\/\/diariodominicano.com\/index.php?rest_route=\/wp\/v2\/posts"}],"about":[{"href":"https:\/\/diariodominicano.com\/index.php?rest_route=\/wp\/v2\/types\/post"}],"author":[{"embeddable":true,"href":"https:\/\/diariodominicano.com\/index.php?rest_route=\/wp\/v2\/users\/3"}],"replies":[{"embeddable":true,"href":"https:\/\/diariodominicano.com\/index.php?rest_route=%2Fwp%2Fv2%2Fcomments&post=38248"}],"version-history":[{"count":0,"href":"https:\/\/diariodominicano.com\/index.php?rest_route=\/wp\/v2\/posts\/38248\/revisions"}],"wp:attachment":[{"href":"https:\/\/diariodominicano.com\/index.php?rest_route=%2Fwp%2Fv2%2Fmedia&parent=38248"}],"wp:term":[{"taxonomy":"category","embeddable":true,"href":"https:\/\/diariodominicano.com\/index.php?rest_route=%2Fwp%2Fv2%2Fcategories&post=38248"},{"taxonomy":"post_tag","embeddable":true,"href":"https:\/\/diariodominicano.com\/index.php?rest_route=%2Fwp%2Fv2%2Ftags&post=38248"}],"curies":[{"name":"wp","href":"https:\/\/api.w.org\/{rel}","templated":true}]}}