{"id":382389,"date":"2022-09-10T23:53:59","date_gmt":"2022-09-11T03:53:59","guid":{"rendered":"http:\/\/diariodominicano.com\/?p=382389"},"modified":"2022-09-11T00:00:38","modified_gmt":"2022-09-11T04:00:38","slug":"fundan-el-periodico-el-nacional-de-ahora-3","status":"publish","type":"post","link":"https:\/\/diariodominicano.com\/?p=382389","title":{"rendered":"Fundan el peri\u00f3dico El Nacional de Ahora"},"content":{"rendered":"\n<p><\/p>\n\n\n\n<p>Por HTN<\/p>\n\n\n\n<p>Diariodominicano.com<\/p>\n\n\n\n<p>SANTO DOMINGO,\u00a0 el\u00a0 11 de septiembre de 1966, fue fundado el peri\u00f3dico vespertino El Nacional de Ahora.<\/p>\n\n\n\n<p>&nbsp;&nbsp;&nbsp;&nbsp; El Nacional de Ahora es el primer peri\u00f3dico fundado en la Rep\u00fablica Dominicana tras la ca\u00edda de la dictadura de Trujillo. La idea del diario fue del doctor Rafael Molina Morillo, su primer presidente.<\/p>\n\n\n\n<p>&nbsp;&nbsp;&nbsp;&nbsp; Desde su salida, el diario se ha destacado por su pluralidad informativa y por la defensa de la libertad de expresi\u00f3n, las libertades p\u00fablicas y los derechos humanos.<\/p>\n\n\n\n<p>&nbsp;&nbsp;&nbsp; <strong>El primer director de El Nacional de Ahora, fue el poeta y abogado Freddy Gaton Arce. La primera edici\u00f3n circul\u00f3 el domingo 11 de septiembre de 1966.<\/strong><\/p>\n\n\n\n<p>&nbsp;&nbsp;&nbsp; En ese momento en Rep\u00fablica Dominicana&nbsp; s\u00f3lo circulaban diariamente los peri\u00f3dicos El Caribe, List\u00edn Diario, que hab\u00eda reaparecido en 1962 y La Informaci\u00f3n de Santiago, que se editaba para los pueblos del Cibao.<\/p>\n\n\n\n<p>&nbsp;&nbsp;&nbsp;&nbsp; Luego de la ca\u00edda de Trujillo desapareci\u00f3 el peri\u00f3dico vespertino&nbsp; La&nbsp; Naci\u00f3n.<\/p>\n\n\n\n<p>&nbsp;&nbsp;&nbsp; Entre los periodistas fundadores de El Nacional figuran Radhames G\u00f3mez Pepin, Ram\u00f3n Reyes, Miguel Angel Prestol, Milagros Germ\u00e1n y Clara Leyla Alfonso.<\/p>\n\n\n\n<p>&nbsp;&nbsp;&nbsp; En la primera etapa ten\u00eda un consejo de Redacci\u00f3n integrado por Radham\u00e9s G\u00f3mez Pepin, Juan Jos\u00e9 Ayuso y Francisco Alvarez Castellanos.<\/p>\n\n\n\n<p>&nbsp;&nbsp;&nbsp; Entre los primeros redactores de El Nacional de Ahora, se encontraban Miguel A. Hern\u00e1ndez y Rafael N\u00fa\u00f1ez Grassal, quienes hab\u00edan laborado&nbsp; para el diario El Caribe.<\/p>\n\n\n\n<p>&nbsp;&nbsp;&nbsp; Asimismo, fueron redactores fundadores Mireya Castillo Grull\u00f3n, Leonel&nbsp; P\u00e9rez&nbsp; Pe\u00f1a,&nbsp; Brinela Fern\u00e1ndez y&nbsp; Justo Castellanos D\u00edaz.<\/p>\n\n\n\n<p>&nbsp;&nbsp;&nbsp;&nbsp;&nbsp; El Nacional de Ahora sali\u00f3 como un peri\u00f3dico de Publicaciones Ahora, que presid\u00eda el&nbsp; doctor Rafael Molina Morillo. Luego fue vendido al grupo Corripio, que preside el empresario Jos\u00e9 Luis Corripio (Pepin).<\/p>\n\n\n\n<p>&nbsp;&nbsp;&nbsp; Han sido directores de El Nacional: Freddy Gat\u00f3n Arce, Rafael Molina Morillo, Mario Alvarez Dugan, Radhames G\u00f3mez Pepin, y Bol\u00edvar D\u00edaz G\u00f3mez.<\/p>\n","protected":false},"excerpt":{"rendered":"<p>Por HTN Diariodominicano.com SANTO DOMINGO,\u00a0 el\u00a0 11 de septiembre de 1966, fue fundado el peri\u00f3dico vespertino El Nacional de Ahora. &nbsp;&nbsp;&nbsp;&nbsp; El Nacional de Ahora es el primer peri\u00f3dico fundado en la Rep\u00fablica Dominicana tras la ca\u00edda de la dictadura de Trujillo. La idea del diario fue del doctor Rafael Molina Morillo, su primer presidente. [&hellip;]<\/p>\n","protected":false},"author":28,"featured_media":370574,"comment_status":"closed","ping_status":"","sticky":true,"template":"","format":"standard","meta":{"footnotes":""},"categories":[26,27],"tags":[],"class_list":["post-382389","post","type-post","status-publish","format-standard","has-post-thumbnail","hentry","category-efemerides","category-portada"],"_links":{"self":[{"href":"https:\/\/diariodominicano.com\/index.php?rest_route=\/wp\/v2\/posts\/382389","targetHints":{"allow":["GET"]}}],"collection":[{"href":"https:\/\/diariodominicano.com\/index.php?rest_route=\/wp\/v2\/posts"}],"about":[{"href":"https:\/\/diariodominicano.com\/index.php?rest_route=\/wp\/v2\/types\/post"}],"author":[{"embeddable":true,"href":"https:\/\/diariodominicano.com\/index.php?rest_route=\/wp\/v2\/users\/28"}],"replies":[{"embeddable":true,"href":"https:\/\/diariodominicano.com\/index.php?rest_route=%2Fwp%2Fv2%2Fcomments&post=382389"}],"version-history":[{"count":3,"href":"https:\/\/diariodominicano.com\/index.php?rest_route=\/wp\/v2\/posts\/382389\/revisions"}],"predecessor-version":[{"id":382393,"href":"https:\/\/diariodominicano.com\/index.php?rest_route=\/wp\/v2\/posts\/382389\/revisions\/382393"}],"wp:featuredmedia":[{"embeddable":true,"href":"https:\/\/diariodominicano.com\/index.php?rest_route=\/wp\/v2\/media\/370574"}],"wp:attachment":[{"href":"https:\/\/diariodominicano.com\/index.php?rest_route=%2Fwp%2Fv2%2Fmedia&parent=382389"}],"wp:term":[{"taxonomy":"category","embeddable":true,"href":"https:\/\/diariodominicano.com\/index.php?rest_route=%2Fwp%2Fv2%2Fcategories&post=382389"},{"taxonomy":"post_tag","embeddable":true,"href":"https:\/\/diariodominicano.com\/index.php?rest_route=%2Fwp%2Fv2%2Ftags&post=382389"}],"curies":[{"name":"wp","href":"https:\/\/api.w.org\/{rel}","templated":true}]}}