{"id":382378,"date":"2022-09-10T21:14:51","date_gmt":"2022-09-11T01:14:51","guid":{"rendered":"http:\/\/diariodominicano.com\/?p=382378"},"modified":"2022-09-10T21:14:51","modified_gmt":"2022-09-11T01:14:51","slug":"urbe-de-cuba-festejo-aniversario-155-de-su-nominacion-como-ciudad","status":"publish","type":"post","link":"https:\/\/diariodominicano.com\/?p=382378","title":{"rendered":"Urbe de Cuba festej\u00f3 aniversario 155 de su nominaci\u00f3n como ciudad"},"content":{"rendered":"\n<p>Pinar del R\u00edo, Cuba, 10 sep (Prensa Latina) Con un variado programa cultural, la occidental urbe cubana de Pinar del R\u00edo festej\u00f3 hoy el aniversario 155 del otorgamiento del t\u00edtulo de ciudad por decreto real.&nbsp;&nbsp;&nbsp;&nbsp;<\/p>\n\n\n\n<ul class=\"wp-block-list\"><li>septiembre 10, 2022<\/li><li>CDT19:42 (GMT) -0400<\/li><\/ul>\n\n\n\n<p>En el Parque de la independencia, uno de sus sitios fundacionales, el historiador Juan Carlos Rodr\u00edguez, record\u00f3 los momentos vividos por los pobladores de entonces tras recibir el benepl\u00e1cito de la reina Isabel II de Espa\u00f1a el 10 de septiembre de 1867.<\/p>\n\n\n\n<p>Ante las principales autoridades locales, entre ellas la integrante del Comit\u00e9 Central del Partido Comunista de Cuba, Yamil\u00e9 Ramos, y el gobernador Rub\u00e9n Ramos, el estudioso detall\u00f3 las caracter\u00edsticas del r\u00fastico poblado nacido a orillas del r\u00edo Guam\u00e1, devenido \u00edcono local.<\/p>\n\n\n\n<p>Las crecidas obligaron a los lugare\u00f1os a fijar su residencia en zonas altas sin que predominara la simetr\u00eda ni hubiera una arquitectura dise\u00f1ada en las r\u00fasticas viviendas. Sin embargo, apunt\u00f3 el historiador, para 1750 el tabaco pas\u00f3 a ser significativo para la econom\u00eda del poblado y para la provincia, conocida como meca de ese cultivo.<\/p>\n\n\n\n<p>El territorio, ubicado en el centro de la regi\u00f3n hist\u00f3rico cultural de la Vueltabajo, una de las zonas en las que se divid\u00eda entonces la isla, foment\u00f3 su desarrollo y con \u00e9l, el apego a una ciudad que se identifica por sus valores arquitect\u00f3nicos, sus aportes sociales y art\u00edsticos y la hospitalidad de su gente.<\/p>\n\n\n\n<p>Con sus 155 a\u00f1os, la ciudad prosigue el programa de reanimaci\u00f3n urban\u00edstica y de preservaci\u00f3n de sus valores hist\u00f3ricos. Es ella cuna de Pedro Junco, el creador de la internacionalmente conocida canci\u00f3n Nosotros. Fue anfitriona de celebridades como la prima ballerina assoluta Alicia Alonso y del ajedrecista cubano Jos\u00e9 Ra\u00fal Capablanca.<\/p>\n\n\n\n<p>Adopt\u00f3 a la escritora y Premio Casa de las Am\u00e9ricas Nersys Felipe y vio nacer a figuras de renombre en la pl\u00e1stica isle\u00f1a y en la literatura.<\/p>\n\n\n\n<p>La ciudad guarda entre sus m\u00e1s ricos recuerdos, la llegada de Fidel Castro, l\u00edder de la Revoluci\u00f3n Cubana, al frente de la Caravana de la victoria el 17 de enero de 1959.<\/p>\n\n\n\n<p>Exposiciones, puestas en escenas, presentaciones de libros y una gala cultural antecedieron la celebraci\u00f3n por el aniversario 155 de otorgado el t\u00edtulo de ciudad a la urbe vueltabajera.<\/p>\n\n\n\n<p>jha\/alo<\/p>\n","protected":false},"excerpt":{"rendered":"<p>Pinar del R\u00edo, Cuba, 10 sep (Prensa Latina) Con un variado programa cultural, la occidental urbe cubana de Pinar del R\u00edo festej\u00f3 hoy el aniversario 155 del otorgamiento del t\u00edtulo de ciudad por decreto real.&nbsp;&nbsp;&nbsp;&nbsp; septiembre 10, 2022 CDT19:42 (GMT) -0400 En el Parque de la independencia, uno de sus sitios fundacionales, el historiador Juan [&hellip;]<\/p>\n","protected":false},"author":28,"featured_media":382379,"comment_status":"closed","ping_status":"","sticky":false,"template":"","format":"standard","meta":{"footnotes":""},"categories":[26],"tags":[],"class_list":["post-382378","post","type-post","status-publish","format-standard","has-post-thumbnail","hentry","category-efemerides"],"_links":{"self":[{"href":"https:\/\/diariodominicano.com\/index.php?rest_route=\/wp\/v2\/posts\/382378","targetHints":{"allow":["GET"]}}],"collection":[{"href":"https:\/\/diariodominicano.com\/index.php?rest_route=\/wp\/v2\/posts"}],"about":[{"href":"https:\/\/diariodominicano.com\/index.php?rest_route=\/wp\/v2\/types\/post"}],"author":[{"embeddable":true,"href":"https:\/\/diariodominicano.com\/index.php?rest_route=\/wp\/v2\/users\/28"}],"replies":[{"embeddable":true,"href":"https:\/\/diariodominicano.com\/index.php?rest_route=%2Fwp%2Fv2%2Fcomments&post=382378"}],"version-history":[{"count":1,"href":"https:\/\/diariodominicano.com\/index.php?rest_route=\/wp\/v2\/posts\/382378\/revisions"}],"predecessor-version":[{"id":382380,"href":"https:\/\/diariodominicano.com\/index.php?rest_route=\/wp\/v2\/posts\/382378\/revisions\/382380"}],"wp:featuredmedia":[{"embeddable":true,"href":"https:\/\/diariodominicano.com\/index.php?rest_route=\/wp\/v2\/media\/382379"}],"wp:attachment":[{"href":"https:\/\/diariodominicano.com\/index.php?rest_route=%2Fwp%2Fv2%2Fmedia&parent=382378"}],"wp:term":[{"taxonomy":"category","embeddable":true,"href":"https:\/\/diariodominicano.com\/index.php?rest_route=%2Fwp%2Fv2%2Fcategories&post=382378"},{"taxonomy":"post_tag","embeddable":true,"href":"https:\/\/diariodominicano.com\/index.php?rest_route=%2Fwp%2Fv2%2Ftags&post=382378"}],"curies":[{"name":"wp","href":"https:\/\/api.w.org\/{rel}","templated":true}]}}