{"id":38237,"date":"2020-06-30T23:02:00","date_gmt":"2020-06-30T23:02:00","guid":{"rendered":"http:\/\/diariodominicano.ddns.net\/?p=38237"},"modified":"2020-06-30T23:02:00","modified_gmt":"2020-06-30T23:02:00","slug":"cambios-indetenibles","status":"publish","type":"post","link":"https:\/\/diariodominicano.com\/?p=38237","title":{"rendered":"&#13;Cambios indetenibles"},"content":{"rendered":"<p><body><\/p>\n<p><strong>Diariodominicano.com<\/strong><\/p>\n<p><strong>A Pleno Sol<\/strong><\/p>\n<p><strong>Cambios indetenibles<\/strong><\/p>\n<p><strong>Por Manuel Hern\u00e1ndez Villeta<\/strong><\/p>\n<p><strong> <\/strong><\/p>\n<\/p>\n<p>Los cambios sociales se dan de golpe, una revoluci\u00f3n, una pandemia, un tropez\u00f3n en el camino. Se pueden dar variaciones en el comportamiento humano, sin que haya alteraciones  en los medios de producci\u00f3n y su influencia en la vida diaria.<\/p>\n<\/p>\n<p>Con la pandemia actual estamos entrando en cambios profundos a la sociedad dominicana. Nada volver\u00e1 a ser igual. La visi\u00f3n sobre la subsistencia tendr\u00e1 que ser actualizada. La clase media de golpe se convierte en proletaria, chiripera, desempleada, y a los viejos los sacan definitivamente de la red ocupacional.<\/p>\n<\/p>\n<p>Hoy es dif\u00edcil que una empresa ofrezca empleo a una persona en edad superior a los 40 a\u00f1os, pero al otro extremo, no toma en cuenta al joven sin experiencia. Con un mill\u00f3n de cesanteados este cambio va a repercutir en toda la sociedad.<\/p>\n<\/p>\n<p>No habr\u00e1 variaciones en los estamentos de producci\u00f3n, no se dar\u00e1 una genuina distribuci\u00f3n de las riquezas, algunos  ricos se har\u00e1n m\u00e1s ricos, pero decenas de empresas se desmoronaran para nunca levantarse m\u00e1s.<\/p>\n<\/p>\n<p>Los llamados capitales tradicionales han salido beneficiados en esta crisis. Est\u00e1n ya s\u00f3lidos  en el \u00e1rea de los servicios, de los supermercados, las estaciones de gasolina, o sea renglones que han multiplicado sus intereses en una etapa donde muchos solo piensan en la comida.<\/p>\n<\/p>\n<p>Lo econ\u00f3mico lo determina todo en las relaciones entre los seres humanos. Si tomamos en cuenta que la maltrecha clase media y media baja, han sido golpeadas de muerte, es pensar que la correlaci\u00f3n de fuerzas seguir\u00e1 en mano de los m\u00e1s atrevidos.<\/p>\n<\/p>\n<p>Con la pandemia en marcha y sin control, es dif\u00edcil determinar cu\u00e1ndo se parara esta situaci\u00f3n  tan dif\u00edcil y mortal, pero de lo que no queda dudas es que se fraguan experiencias que dejaran heridas abiertas  a un muy largo plazo.<\/p>\n<\/p>\n<p>Un cambio que se dar\u00e1 en lo inmediato es el referente a la prensa. Los peri\u00f3dicos de papel corren peligro de muerte. Siguen siendo el medio informativo  de mayor credibilidad, pero la inmediatez de los diarios digitales les va abriendo una brecha peligrosa.<\/p>\n<\/p>\n<p>El sistema de ense\u00f1anza con aulas sobrepobladas de alumnos, va a dar paso a las clases a trav\u00e9s del internet y a la distancia. Las compras  por plataforma digitales seguir\u00e1n ampli\u00e1ndose, y el desempleo aumentando.<\/p>\n<\/p>\n<p>Mientras m\u00e1s fuerza toma la tecnolog\u00eda, en el desarrollo de la industria, el comercio y el turismo, mayor cantidad de asalariados  perder\u00e1n su empleo en el pa\u00eds. Si miles y miles de personas carecen de trabajo, se va camino de una crisis econ\u00f3mica que todos parecer\u00e1n. \u00a1Ay!, se me acabo la tinta .<\/p>\n<\/p>\n<h6> 2020-06-30 23:02:00 <\/h6>\n<p><!--\n<link rel=\"stylesheet\" href=\"css\/bootstrap.min.css\">\n\n\n<ul class=\"pagination\">\n\t    \n\t\n\n<li >\n\t<a href='?page_no=166'>Previous<\/a>\n\t<\/li>\n\n\n       \n    \n\n<li><a href='?page_no=1'>1<\/a><\/li>\n\n\n\n<li><a href='?page_no=2'>2<\/a><\/li>\n\n\n\n<li><a>...<\/a><\/li>\n\n\n\n<li><a href='?page_no=165'>165<\/a><\/li>\n\n\n\n<li><a href='?page_no=166'>166<\/a><\/li>\n\n\n\n<li class='active'><a>167<\/a><\/li>\n\n\n\n<li><a href='?page_no=168'>168<\/a><\/li>\n\n\n\n<li><a href='?page_no=169'>169<\/a><\/li>\n\n\n\n<li><a>...<\/a><\/li>\n\n\n\n<li><a href='?page_no=13611'>13611<\/a><\/li>\n\n\n\n<li><a href='?page_no=13612'>13612<\/a><\/li>\n\n    \n\t\n\n<li >\n\t<a href='?page_no=168'>Next<\/a>\n\t<\/li>\n\n\n    \n\n<li><a href='?page_no=13612'>Last &rsaquo;&rsaquo;<\/a><\/li>\n\n<\/ul>\n\n\n--><br \/>\n<\/body><\/p>\n","protected":false},"excerpt":{"rendered":"<p>Diariodominicano.com A Pleno Sol Cambios indetenibles Por Manuel Hern\u00e1ndez Villeta Los cambios sociales se dan de golpe, una revoluci\u00f3n, una pandemia, un tropez\u00f3n en el camino. Se pueden dar variaciones en el comportamiento humano, sin que haya alteraciones en los medios de producci\u00f3n y su influencia en la vida diaria. Con la pandemia actual estamos [&hellip;]<\/p>\n","protected":false},"author":3,"featured_media":0,"comment_status":"open","ping_status":"open","sticky":false,"template":"","format":"standard","meta":{"footnotes":""},"categories":[16],"tags":[],"class_list":["post-38237","post","type-post","status-publish","format-standard","hentry","category-opiniones"],"_links":{"self":[{"href":"https:\/\/diariodominicano.com\/index.php?rest_route=\/wp\/v2\/posts\/38237","targetHints":{"allow":["GET"]}}],"collection":[{"href":"https:\/\/diariodominicano.com\/index.php?rest_route=\/wp\/v2\/posts"}],"about":[{"href":"https:\/\/diariodominicano.com\/index.php?rest_route=\/wp\/v2\/types\/post"}],"author":[{"embeddable":true,"href":"https:\/\/diariodominicano.com\/index.php?rest_route=\/wp\/v2\/users\/3"}],"replies":[{"embeddable":true,"href":"https:\/\/diariodominicano.com\/index.php?rest_route=%2Fwp%2Fv2%2Fcomments&post=38237"}],"version-history":[{"count":0,"href":"https:\/\/diariodominicano.com\/index.php?rest_route=\/wp\/v2\/posts\/38237\/revisions"}],"wp:attachment":[{"href":"https:\/\/diariodominicano.com\/index.php?rest_route=%2Fwp%2Fv2%2Fmedia&parent=38237"}],"wp:term":[{"taxonomy":"category","embeddable":true,"href":"https:\/\/diariodominicano.com\/index.php?rest_route=%2Fwp%2Fv2%2Fcategories&post=38237"},{"taxonomy":"post_tag","embeddable":true,"href":"https:\/\/diariodominicano.com\/index.php?rest_route=%2Fwp%2Fv2%2Ftags&post=38237"}],"curies":[{"name":"wp","href":"https:\/\/api.w.org\/{rel}","templated":true}]}}