{"id":382272,"date":"2022-09-10T08:46:16","date_gmt":"2022-09-10T12:46:16","guid":{"rendered":"http:\/\/diariodominicano.com\/?p=382272"},"modified":"2022-09-10T08:46:16","modified_gmt":"2022-09-10T12:46:16","slug":"celebraran-en-cuba-jornada-homenaje-por-lider-africano-agostinho-neto","status":"publish","type":"post","link":"https:\/\/diariodominicano.com\/?p=382272","title":{"rendered":"Celebrar\u00e1n en Cuba jornada homenaje por l\u00edder africano Agostinho Neto"},"content":{"rendered":"\n<p>La Habana, 10 sep ( Prensa Latina) Organizada por la embajada de Angola en Cuba iniciar\u00e1 hoy en esta capital una jornada homenaje por el centenario del padre fundador y primer mandatario de ese pa\u00eds africano, Ant\u00f3nio Agostinho Neto.&nbsp;&nbsp;&nbsp;&nbsp;<\/p>\n\n\n\n<ul class=\"wp-block-list\"><li>septiembre 10, 2022<\/li><li>CDT02:02 (GMT) -0400<\/li><\/ul>\n\n\n\n<p>La m\u00e1xima representante de Angola en la isla, Mar\u00eda C\u00e2ndida Pereira, dio a conocer que este s\u00e1bado se colocar\u00e1 una ofrenda floral en el parque de los Pr\u00f3ceres Africanos y ya fue inaugurada una exposici\u00f3n fotogr\u00e1fica en los alrededores de la sede diplom\u00e1tica.<\/p>\n\n\n\n<p>Tambi\u00e9n tendr\u00e1 lugar este s\u00e1bado un conversatorio sobre pasajes de la vida del pr\u00f3cer africano, en el cual participar\u00e1n investigadores y especialistas en el Instituto Cubano de Amistad con los Pueblos.<\/p>\n\n\n\n<p>Como culminaci\u00f3n de las actividades el 17 de septiembre, representantes de la misi\u00f3n diplom\u00e1tica angolana visitar\u00e1 la oriental provincia de Guant\u00e1namo para realizar un donativo de insumos m\u00e9dicos y medios de bioseguridad al hospital general docente Agostinho Neto, inform\u00f3 un reporte de la televisi\u00f3n nacional.<\/p>\n\n\n\n<p>Nacido el 17 de septiembre de 1922 en la localidad luandense de Kaxicane, Icolo y Bengo, Neto proclam\u00f3 la independencia de Angola del colonialismo portugu\u00e9s el 11 de noviembre de 1975 y muri\u00f3 el 10 de septiembre de 1979, en Mosc\u00fa.<\/p>\n\n\n\n<p>Estadista y defensor de un continente africano libre, fue tambi\u00e9n un reconocido m\u00e9dico y escritor. Entre sus obras destacan \u201cQuatro Poemas de Agostinho Neto\u201d, \u201cPoemas\u201d o \u201cA Ren\u00fancia Imposs\u00edvel\u201d.<\/p>\n\n\n\n<p>ro\/mks<\/p>\n","protected":false},"excerpt":{"rendered":"<p>La Habana, 10 sep ( Prensa Latina) Organizada por la embajada de Angola en Cuba iniciar\u00e1 hoy en esta capital una jornada homenaje por el centenario del padre fundador y primer mandatario de ese pa\u00eds africano, Ant\u00f3nio Agostinho Neto.&nbsp;&nbsp;&nbsp;&nbsp; septiembre 10, 2022 CDT02:02 (GMT) -0400 La m\u00e1xima representante de Angola en la isla, Mar\u00eda C\u00e2ndida [&hellip;]<\/p>\n","protected":false},"author":28,"featured_media":382273,"comment_status":"closed","ping_status":"","sticky":false,"template":"","format":"standard","meta":{"footnotes":""},"categories":[26],"tags":[],"class_list":["post-382272","post","type-post","status-publish","format-standard","has-post-thumbnail","hentry","category-efemerides"],"_links":{"self":[{"href":"https:\/\/diariodominicano.com\/index.php?rest_route=\/wp\/v2\/posts\/382272","targetHints":{"allow":["GET"]}}],"collection":[{"href":"https:\/\/diariodominicano.com\/index.php?rest_route=\/wp\/v2\/posts"}],"about":[{"href":"https:\/\/diariodominicano.com\/index.php?rest_route=\/wp\/v2\/types\/post"}],"author":[{"embeddable":true,"href":"https:\/\/diariodominicano.com\/index.php?rest_route=\/wp\/v2\/users\/28"}],"replies":[{"embeddable":true,"href":"https:\/\/diariodominicano.com\/index.php?rest_route=%2Fwp%2Fv2%2Fcomments&post=382272"}],"version-history":[{"count":1,"href":"https:\/\/diariodominicano.com\/index.php?rest_route=\/wp\/v2\/posts\/382272\/revisions"}],"predecessor-version":[{"id":382274,"href":"https:\/\/diariodominicano.com\/index.php?rest_route=\/wp\/v2\/posts\/382272\/revisions\/382274"}],"wp:featuredmedia":[{"embeddable":true,"href":"https:\/\/diariodominicano.com\/index.php?rest_route=\/wp\/v2\/media\/382273"}],"wp:attachment":[{"href":"https:\/\/diariodominicano.com\/index.php?rest_route=%2Fwp%2Fv2%2Fmedia&parent=382272"}],"wp:term":[{"taxonomy":"category","embeddable":true,"href":"https:\/\/diariodominicano.com\/index.php?rest_route=%2Fwp%2Fv2%2Fcategories&post=382272"},{"taxonomy":"post_tag","embeddable":true,"href":"https:\/\/diariodominicano.com\/index.php?rest_route=%2Fwp%2Fv2%2Ftags&post=382272"}],"curies":[{"name":"wp","href":"https:\/\/api.w.org\/{rel}","templated":true}]}}