{"id":382253,"date":"2022-09-09T23:52:59","date_gmt":"2022-09-10T03:52:59","guid":{"rendered":"http:\/\/diariodominicano.com\/?p=382253"},"modified":"2022-09-10T00:08:40","modified_gmt":"2022-09-10T04:08:40","slug":"expulsan-al-exilio-a-juan-pablo-duarte-a-miembros-de-su-familia-y-a-colaboradores","status":"publish","type":"post","link":"https:\/\/diariodominicano.com\/?p=382253","title":{"rendered":"Expulsan al exilio a Juan Pablo Duarte, a miembros de su familia y a colaboradores"},"content":{"rendered":"\n<p><strong>Juan Pablo Duarte<\/strong><\/p>\n\n\n\n<p><\/p>\n\n\n\n<figure class=\"wp-block-image size-large\"><img loading=\"lazy\" decoding=\"async\" width=\"1024\" height=\"527\" src=\"https:\/\/diariodominicano.com\/wp-content\/uploads\/2022\/07\/Vicente-Celestino-Duarte-1024x527.jpg\" alt=\"\" class=\"wp-image-369241\" srcset=\"https:\/\/diariodominicano.com\/wp-content\/uploads\/2022\/07\/Vicente-Celestino-Duarte-1024x527.jpg 1024w, https:\/\/diariodominicano.com\/wp-content\/uploads\/2022\/07\/Vicente-Celestino-Duarte-300x154.jpg 300w, https:\/\/diariodominicano.com\/wp-content\/uploads\/2022\/07\/Vicente-Celestino-Duarte-768x395.jpg 768w, https:\/\/diariodominicano.com\/wp-content\/uploads\/2022\/07\/Vicente-Celestino-Duarte-1536x790.jpg 1536w, https:\/\/diariodominicano.com\/wp-content\/uploads\/2022\/07\/Vicente-Celestino-Duarte-2048x1053.jpg 2048w, https:\/\/diariodominicano.com\/wp-content\/uploads\/2022\/07\/Vicente-Celestino-Duarte-816x420.jpg 816w\" sizes=\"auto, (max-width: 1024px) 100vw, 1024px\" \/><figcaption>Vicente Celestino Duarte <\/figcaption><\/figure>\n\n\n\n<p>Vicente Celestino Duarte <\/p>\n\n\n\n<p>Diariodominicano.com<\/p>\n\n\n\n<p> <strong>Por H\u00e9ctor Tineo Nolasco <\/strong><\/p>\n\n\n\n<p>Diariodominicano.com<\/p>\n\n\n\n<p><\/p>\n\n\n\n<p>SANTO DOMINGO, el 10 de septiembre de 1844, fueron deportados Juan Pablo Duarte, su hermano Vicente Celestino Duarte, y su hijo\u00a0 Enrique Duarte, Juan\u00a0 Isidro P\u00e9rez, y\u00a0 los hermanos\u00a0 F\u00e9lix y Montblanc Richiez.<\/p>\n\n\n\n<p>&nbsp;El 10 de septiembre de 1844 la Junta Central&nbsp; Gubernativa dio la informaci\u00f3n de que el grupo fue expulsado del territorio nacional con destino a Hamburgo, Alemania. Sin embargo, el&nbsp; mismo d\u00eda, Vicente Celestino Duarte y su hijo Enrique Duarte, fueron deportados a Estados Unidos.&nbsp; Llegaron a Nueva York el 7 de octubre de 1844.<\/p>\n\n\n\n<p>&nbsp;&nbsp; <strong>En apuntes del momento de la salida, Juan Pablo Duarte recuerda: \u00abYo iba enfermo, con las calenturas que hab\u00eda tra\u00eddo de Puerto Plata. Me apoyaba para poder andar en los brazos de mi hermano Vicente y su hijo Enrique\u00bb.<\/strong><\/p>\n\n\n\n<p>&nbsp;&nbsp;&nbsp; Con la medida, la Junta Central Gubernativa, encabezada por el General Pedro Santana culmin\u00f3 un conjunto de acciones de persecuci\u00f3n pol\u00edtica contra el patricio Juan Pablo Duarte, sus colaboradores m\u00e1s cercanos y los miembros de su familia.<\/p>\n\n\n\n<p>&nbsp;&nbsp;&nbsp;&nbsp; El d\u00eda&nbsp; 2&nbsp; de septiembre de 1844,&nbsp; Duarte y varios de sus compa\u00f1eros trinitarios llegaron detenidos a la ciudad de Santo Domingo.<\/p>\n\n\n\n<p>&nbsp;&nbsp; El grupo que formaban adem\u00e1s de&nbsp; Duarte, Juan Isidro P\u00e9rez, Juan Evangelista Jim\u00e9nez y el espa\u00f1ol Gregorio del Valle, fue transportado desde Puerto Plata, en la goleta \u00abSeparaci\u00f3n Dominicana\u00bb, capitaneada por el coronel Juan Bautista Cambiaso, quien lleg\u00f3 al Puerto de Santo Domingo, en horas de la noche.&nbsp;<\/p>\n\n\n\n<p>&nbsp;&nbsp;&nbsp; Los presos&nbsp; fueron trasladados a la Fortaleza&nbsp; de la Torre del Homenaje, donde quedaron en prisi\u00f3n hasta el d\u00eda 10 de septiembre de 1844, cuando fueron deportados.<\/p>\n\n\n\n<figure class=\"wp-block-image size-large\"><img loading=\"lazy\" decoding=\"async\" width=\"983\" height=\"1024\" src=\"https:\/\/diariodominicano.com\/wp-content\/uploads\/2022\/09\/Portadas-volumenes-5-Y-6-983x1024.jpg\" alt=\"\" class=\"wp-image-382257\" srcset=\"https:\/\/diariodominicano.com\/wp-content\/uploads\/2022\/09\/Portadas-volumenes-5-Y-6-983x1024.jpg 983w, https:\/\/diariodominicano.com\/wp-content\/uploads\/2022\/09\/Portadas-volumenes-5-Y-6-288x300.jpg 288w, https:\/\/diariodominicano.com\/wp-content\/uploads\/2022\/09\/Portadas-volumenes-5-Y-6-768x800.jpg 768w, https:\/\/diariodominicano.com\/wp-content\/uploads\/2022\/09\/Portadas-volumenes-5-Y-6-1475x1536.jpg 1475w, https:\/\/diariodominicano.com\/wp-content\/uploads\/2022\/09\/Portadas-volumenes-5-Y-6-1967x2048.jpg 1967w, https:\/\/diariodominicano.com\/wp-content\/uploads\/2022\/09\/Portadas-volumenes-5-Y-6-816x850.jpg 816w\" sizes=\"auto, (max-width: 983px) 100vw, 983px\" \/><figcaption>Portada de  <strong>\u00abCompendio de la Historia de Santo Domingo\u00bb<\/strong> <\/figcaption><\/figure>\n\n\n\n<p>&nbsp;&nbsp;&nbsp;&nbsp; <strong>Jos\u00e9 Gabriel Garc\u00eda, en el tomo II de su obra \u00abCompendio de la Historia de Santo Domingo\u00bb, anota que desde la Torre del Homenaje, Duarte \u00abpresenci\u00f3 la farsa rid\u00edcula con que hombres apasionados, vali\u00e9ndose de ignorantes esbirros, hicieron aparecer al pueblo pidiendo con furor las cabezas de los iniciadores de su independencia, y al Ej\u00e9rcito las de los m\u00e1s ilustrados de sus generales, augurio fatal de la larga serie de cr\u00edmenes que en nombre de entidades morales tan respetables deb\u00edan realizarse en no lejano porvenir\u00bb.<\/strong><strong><\/strong><\/p>\n\n\n\n<p>&nbsp;&nbsp;&nbsp;&nbsp;&nbsp; Duarte, fue detenido el 27 de agosto de 1844, por una patrulla militar que lo localiz\u00f3 en&nbsp; Jamao, Puerto Plata,&nbsp; en la residencia de su amigo el ex oficial del Ej\u00e9rcito franc\u00e9s&nbsp; Pedro Eduardo Dubocq.<\/p>\n\n\n\n<p>&nbsp;&nbsp;&nbsp;&nbsp;&nbsp; La patrulla que apres\u00f3 a&nbsp; Duarte, la comandaba el General Pedro Ram\u00f3n Mena, quien traslad\u00f3 al detenido a la Fortaleza San Felipe.<\/p>\n\n\n\n<figure class=\"wp-block-image size-large\"><img loading=\"lazy\" decoding=\"async\" width=\"1024\" height=\"526\" src=\"https:\/\/diariodominicano.com\/wp-content\/uploads\/2021\/07\/Juan-Isidro-Perez-enfrenta-a-Santana-1024x526.jpg\" alt=\"\" class=\"wp-image-286996\" srcset=\"https:\/\/diariodominicano.com\/wp-content\/uploads\/2021\/07\/Juan-Isidro-Perez-enfrenta-a-Santana-1024x526.jpg 1024w, https:\/\/diariodominicano.com\/wp-content\/uploads\/2021\/07\/Juan-Isidro-Perez-enfrenta-a-Santana-300x154.jpg 300w, https:\/\/diariodominicano.com\/wp-content\/uploads\/2021\/07\/Juan-Isidro-Perez-enfrenta-a-Santana-768x395.jpg 768w, https:\/\/diariodominicano.com\/wp-content\/uploads\/2021\/07\/Juan-Isidro-Perez-enfrenta-a-Santana-1536x789.jpg 1536w, https:\/\/diariodominicano.com\/wp-content\/uploads\/2021\/07\/Juan-Isidro-Perez-enfrenta-a-Santana-2048x1052.jpg 2048w, https:\/\/diariodominicano.com\/wp-content\/uploads\/2021\/07\/Juan-Isidro-Perez-enfrenta-a-Santana-816x419.jpg 816w\" sizes=\"auto, (max-width: 1024px) 100vw, 1024px\" \/><\/figure>\n\n\n\n<p>&nbsp;&nbsp;&nbsp; En la prisi\u00f3n de Puerto&nbsp; Plata,&nbsp; Duarte fue visitado por varios amigos,&nbsp; incluidos&nbsp; el Presb\u00edtero Manuel Gonz\u00e1lez&nbsp; Regalado y Mu\u00f1oz,&nbsp; y el trinitario Juan Isidro P\u00e9rez.<\/p>\n\n\n\n<p>&nbsp;&nbsp;&nbsp; Fue en la c\u00e1rcel de San Felipe, en Puerto Plata, que Juan Isidro P\u00e9rez le expres\u00f3 a Duarte:&nbsp; \u00abS\u00e9 que vas a morir, y he venido a cumplir el sagrado juramento de dar mi vida por la tuya\u00bb.<\/p>\n\n\n\n<p>&nbsp;&nbsp;&nbsp;&nbsp; El&nbsp; 22 de agosto de 1844, La Junta Central Gubernativa, hab\u00eda declarado&nbsp; al patricio&nbsp; Duarte y a un grupo de trinitarios traidores e infieles a la patria.<\/p>\n\n\n\n<p>&nbsp;&nbsp; En el momento que se produjo la decisi\u00f3n, Duarte, se encontraba escondido en Puerto Plata, luego de que fue&nbsp; calificado de anarquista por el general&nbsp; Santana.<\/p>\n\n\n\n<figure class=\"wp-block-image size-large\"><img loading=\"lazy\" decoding=\"async\" width=\"1024\" height=\"526\" src=\"https:\/\/diariodominicano.com\/wp-content\/uploads\/2021\/04\/Pedro-Santana-11-1024x526.jpg\" alt=\"\" class=\"wp-image-274138\" srcset=\"https:\/\/diariodominicano.com\/wp-content\/uploads\/2021\/04\/Pedro-Santana-11-1024x526.jpg 1024w, https:\/\/diariodominicano.com\/wp-content\/uploads\/2021\/04\/Pedro-Santana-11-300x154.jpg 300w, https:\/\/diariodominicano.com\/wp-content\/uploads\/2021\/04\/Pedro-Santana-11-768x395.jpg 768w, https:\/\/diariodominicano.com\/wp-content\/uploads\/2021\/04\/Pedro-Santana-11-1536x789.jpg 1536w, https:\/\/diariodominicano.com\/wp-content\/uploads\/2021\/04\/Pedro-Santana-11-2048x1052.jpg 2048w, https:\/\/diariodominicano.com\/wp-content\/uploads\/2021\/04\/Pedro-Santana-11-816x419.jpg 816w\" sizes=\"auto, (max-width: 1024px) 100vw, 1024px\" \/><figcaption>Pedro Santana<\/figcaption><\/figure>\n\n\n\n<figure class=\"wp-block-image size-large\"><img loading=\"lazy\" decoding=\"async\" width=\"1024\" height=\"526\" src=\"https:\/\/diariodominicano.com\/wp-content\/uploads\/2021\/08\/Tomas-Bobadilla-1-1024x526.jpg\" alt=\"\" class=\"wp-image-293802\" srcset=\"https:\/\/diariodominicano.com\/wp-content\/uploads\/2021\/08\/Tomas-Bobadilla-1-1024x526.jpg 1024w, https:\/\/diariodominicano.com\/wp-content\/uploads\/2021\/08\/Tomas-Bobadilla-1-300x154.jpg 300w, https:\/\/diariodominicano.com\/wp-content\/uploads\/2021\/08\/Tomas-Bobadilla-1-768x395.jpg 768w, https:\/\/diariodominicano.com\/wp-content\/uploads\/2021\/08\/Tomas-Bobadilla-1-1536x789.jpg 1536w, https:\/\/diariodominicano.com\/wp-content\/uploads\/2021\/08\/Tomas-Bobadilla-1-2048x1052.jpg 2048w, https:\/\/diariodominicano.com\/wp-content\/uploads\/2021\/08\/Tomas-Bobadilla-1-816x419.jpg 816w\" sizes=\"auto, (max-width: 1024px) 100vw, 1024px\" \/><figcaption>Tom\u00e1s Bobadilla <\/figcaption><\/figure>\n\n\n\n<p>Tom\u00e1s Bobadilla<\/p>\n\n\n\n<p>&nbsp;&nbsp; La Junta Central Gubernativa cuando declar\u00f3 a Duarte y a los trinitarios traidores a la patria, era presidida por el General&nbsp; Santana. La integraban los miembros Tom\u00e1s Bobadilla, Manuel Jimenes, F\u00e9lix Mercenario, Toribio Ma\u00f1\u00f3n,&nbsp; J. Tom\u00e1s Medrano, Norberto Linares,&nbsp; Toribio L. Villanueva y F\u00e9lix M. Marcano, secretario.<\/p>\n\n\n\n<p>&nbsp;&nbsp;&nbsp; Para actuar contra los trinitarios la Junta tom\u00f3 en consideraci\u00f3n dos solicitudes: una que conten\u00eda 68 firmas de ciudadanos calificados de \u00abnotables padres de familia\u00bb, y otra suscrita por 628 oficiales superiores y dem\u00e1s miembros del Ej\u00e9rcito.<\/p>\n\n\n\n<p>\u00a0\u00a0<strong> En la ocasi\u00f3n los militares santanistas expresaron: \u00abEs\u00a0\u00a0 absoluta necesidad que para la seguridad y tranquilidad del pa\u00eds, se castigara \u00e1 todos los autores y c\u00f3mplices de la sedici\u00f3n, \u00e1 cuya cabeza hab\u00eda figurado el general Juan Pablo Duarte; y cuyo objeto fue trastornar y derrocar el Gobierno supremo establecido\u00a0 en virtud del manifiesto del 16 de enero, que form\u00f3 las bases de la revoluci\u00f3n\u00bb. (sic)<\/strong><\/p>\n\n\n\n<p>&nbsp;&nbsp;&nbsp; Asimismo, consideraron&nbsp; que en esas circunstancias era necesario \u00abobrar \u00e1 verdad sabida, buena f\u00e9 guardada, y con la suprema ley, y sin embargo de que las leyes en vigor y las de todas las naciones, hab\u00edan previsto la pena de muerte en iguales casos, usando la factura paternal que la caracterizaba y por otros motivos de equidad y consideraci\u00f3n, declaraba que los generales de brigada Juan Pablo Duarte, Ram\u00f3n Mella y Francisco S\u00e1nchez, los comandantes Pedro Alejandrino Pina, Gregorio del Valle y Juan Evangelista Jim\u00e9nez, el capit\u00e1n Jos\u00e9 Illas y el ciudadano Juan Isidro P\u00e9rez, hab\u00edan sido traidores \u00e9 infieles \u00e1 su patria, y como tales eran indignos de los empleos y cargos que ejerc\u00edan, de los que quedaban depuestos y destituidos, ordenando que todos ellos fueran inmediatamente desterrados y extra\u00f1ados \u00e1 perpetuidad del pa\u00eds, sin que pudieran a volver a poner el pi\u00e9 en \u00e9l, bajo la pena de muerte, que ser\u00eda ejecutada en la persona del que lo hiciera, despu\u00e9s que fuera aprehendido y se justificara la identidad de su persona, \u00e1 cuyo efecto se le daba poder y facultad \u00e1 cualquier autoridad civil y militar que verificara la captura\u00bb.&nbsp; (sic)<\/p>\n\n\n\n<p>&nbsp;&nbsp;&nbsp;&nbsp; Advert\u00eda que todo se ejecutar\u00eda \u00absin perjuicio de las indemnizaciones civiles que debieran al erario p\u00fablico \u00f3 \u00e1 algunos ciudadanos particulares, por la mala inversi\u00f3n que hubieran tenido en sus empleos, por el abuso de poder que hubieran hecho,&nbsp; \u00f3 por los da\u00f1os y perjuicios que hubieran causado\u00bb.<\/p>\n\n\n\n<figure class=\"wp-block-image size-full\"><img loading=\"lazy\" decoding=\"async\" width=\"370\" height=\"565\" src=\"https:\/\/diariodominicano.com\/wp-content\/uploads\/2022\/01\/sanchezarc0.jpg\" alt=\"\" class=\"wp-image-324381\" srcset=\"https:\/\/diariodominicano.com\/wp-content\/uploads\/2022\/01\/sanchezarc0.jpg 370w, https:\/\/diariodominicano.com\/wp-content\/uploads\/2022\/01\/sanchezarc0-196x300.jpg 196w\" sizes=\"auto, (max-width: 370px) 100vw, 370px\" \/><figcaption><strong>Francisco del Rosario S\u00e1nchez<\/strong><\/figcaption><\/figure>\n\n\n\n<figure class=\"wp-block-image size-full\"><img loading=\"lazy\" decoding=\"async\" width=\"300\" height=\"223\" src=\"https:\/\/diariodominicano.com\/wp-content\/uploads\/2022\/01\/mella000.jpg\" alt=\"\" class=\"wp-image-324382\"\/><figcaption>Mat\u00edas Ram\u00f3n Mella<\/figcaption><\/figure>\n\n\n\n<p><strong>Mat\u00edas Ram\u00f3n Mella<\/strong><\/p>\n\n\n\n<p>&nbsp;&nbsp;&nbsp;&nbsp;&nbsp; El mismo d\u00eda 22&nbsp; de agosto, luego de ser conocida la sentencia de la Junta Central Gubernativa, fueron expulsados&nbsp; con destino a Inglaterra,&nbsp; los generales Francisco del Rosario S\u00e1nchez,&nbsp; y Mat\u00edas Ram\u00f3n Mella; as\u00ed como los comandantes&nbsp; Pedro Alejandrino Pina&nbsp; y Juan Jos\u00e9&nbsp; Illas.<\/p>\n\n\n\n<p>&nbsp;&nbsp;&nbsp; El grupo fue embarcado en el bergant\u00edn brit\u00e1nico \u00abCapricornio\u00bb.<\/p>\n\n\n\n<p>&nbsp;&nbsp;&nbsp; Con la decisi\u00f3n se intensific\u00f3 una pol\u00edtica de intolerancia que culmin\u00f3 con la salida al exilio de&nbsp; Duarte,&nbsp; sus seguidores y&nbsp; su familia.<\/p>\n\n\n\n<p>\u00a0\u00a0\u00a0 <strong>El 25 de agosto de 1844, el General\u00a0 Santana acus\u00f3 a Juan Pablo Duarte y a sus amigos de ser \u00abesp\u00edritus turbulentos\u00bb que violaban el orden y los principios de la Rep\u00fablica, con el prop\u00f3sito de sumergirla en la \u00abdivisi\u00f3n y la anarqu\u00eda, forjando mentiras para fascinar a los incautos cr\u00e9dulos\u00bb.<\/strong><\/p>\n\n\n\n<p>&nbsp;&nbsp;&nbsp; El&nbsp; 24 de julio de 1844, la Junta Central Gubernativa, presidida por el general&nbsp; Santana, hab\u00eda rechazado la decisi\u00f3n de los pueblos del Cibao de proclamar a&nbsp; Duarte, Presidente de la Rep\u00fablica.<\/p>\n\n\n\n<p>&nbsp;&nbsp;&nbsp; La reacci\u00f3n del primer organismo de Gobierno de Rep\u00fablica Dominicana se produjo cuando una comisi\u00f3n encabezada por el coronel Domingo Mallol y Juan Luis Franco Bid\u00f3, le entreg\u00f3 el 24 de julio, la proclama aprobada en Santiago de los Caballeros, por los&nbsp; pueblos del Cibao, el d\u00eda 19 de julio de 1844.<\/p>\n\n\n\n<p>&nbsp;&nbsp;&nbsp;&nbsp; El d\u00eda&nbsp; 19 de julio de 1844, el pr\u00f3cer Mat\u00edas Ram\u00f3n Mella, Jefe del Departamento de Santiago y frontera del Noroeste,&nbsp;&nbsp; envi\u00f3&nbsp; el&nbsp; informe a la Junta Central Gubernativa, en el&nbsp; que le comunicaba de manera oficial que Juan Pablo Duarte, hab\u00eda sido proclamado Presidente de la Rep\u00fablica por los pueblos del Cibao.<\/p>\n\n\n\n<p>&nbsp;&nbsp;&nbsp;&nbsp;&nbsp; Mat\u00edas Ram\u00f3n Mella, ignoraba que en la Capital el general Pedro Santana hab\u00eda dado un golpe el d\u00eda 16 de julio que desaloj\u00f3 del primer organismo de Gobierno dominicano a los trinitarios que encabezaba Francisco del Rosario S\u00e1nchez.<\/p>\n\n\n\n<p>&nbsp;&nbsp;&nbsp; De esa manera, los conservadores que presid\u00eda Tom\u00e1s Bobadilla, retomaron el control de la Junta Central Gubernativa, que era dirigida por los trinitarios desde el d\u00eda 9 de junio de 1844.<\/p>\n\n\n\n<p>&nbsp;&nbsp;&nbsp; La nueva Junta&nbsp; rechaz\u00f3 el documento de Mella,&nbsp; y el d\u00eda 24 de julio de 1844, dio a conocer un&nbsp; manifiesto&nbsp; en el que advirti\u00f3&nbsp; que \u201cno reconoce ni reconocer\u00e1 el nombramiento de Presidente en el General Duarte ni en ninguna otra&nbsp; persona,&nbsp; a menos que no sea hecho por el Congreso Constituyente\u201d.<\/p>\n\n\n\n<p>\u00a0\u00a0 Al tomar el poder,\u00a0 Santana desat\u00f3 un plan represivo contra los trinitarios, el cual culmin\u00f3 con la deportaci\u00f3n de Juan Pablo Duarte, el 10 de septiembre de 1844.<\/p>\n\n\n\n<p>Diariodominicano.com el medio de comunicaci\u00f3n.<\/p>\n","protected":false},"excerpt":{"rendered":"<p>Juan Pablo Duarte Vicente Celestino Duarte Diariodominicano.com Por H\u00e9ctor Tineo Nolasco Diariodominicano.com SANTO DOMINGO, el 10 de septiembre de 1844, fueron deportados Juan Pablo Duarte, su hermano Vicente Celestino Duarte, y su hijo\u00a0 Enrique Duarte, Juan\u00a0 Isidro P\u00e9rez, y\u00a0 los hermanos\u00a0 F\u00e9lix y Montblanc Richiez. &nbsp;El 10 de septiembre de 1844 la Junta Central&nbsp; Gubernativa [&hellip;]<\/p>\n","protected":false},"author":28,"featured_media":369260,"comment_status":"closed","ping_status":"","sticky":true,"template":"","format":"standard","meta":{"footnotes":""},"categories":[26,27],"tags":[],"class_list":["post-382253","post","type-post","status-publish","format-standard","has-post-thumbnail","hentry","category-efemerides","category-portada"],"_links":{"self":[{"href":"https:\/\/diariodominicano.com\/index.php?rest_route=\/wp\/v2\/posts\/382253","targetHints":{"allow":["GET"]}}],"collection":[{"href":"https:\/\/diariodominicano.com\/index.php?rest_route=\/wp\/v2\/posts"}],"about":[{"href":"https:\/\/diariodominicano.com\/index.php?rest_route=\/wp\/v2\/types\/post"}],"author":[{"embeddable":true,"href":"https:\/\/diariodominicano.com\/index.php?rest_route=\/wp\/v2\/users\/28"}],"replies":[{"embeddable":true,"href":"https:\/\/diariodominicano.com\/index.php?rest_route=%2Fwp%2Fv2%2Fcomments&post=382253"}],"version-history":[{"count":9,"href":"https:\/\/diariodominicano.com\/index.php?rest_route=\/wp\/v2\/posts\/382253\/revisions"}],"predecessor-version":[{"id":382263,"href":"https:\/\/diariodominicano.com\/index.php?rest_route=\/wp\/v2\/posts\/382253\/revisions\/382263"}],"wp:featuredmedia":[{"embeddable":true,"href":"https:\/\/diariodominicano.com\/index.php?rest_route=\/wp\/v2\/media\/369260"}],"wp:attachment":[{"href":"https:\/\/diariodominicano.com\/index.php?rest_route=%2Fwp%2Fv2%2Fmedia&parent=382253"}],"wp:term":[{"taxonomy":"category","embeddable":true,"href":"https:\/\/diariodominicano.com\/index.php?rest_route=%2Fwp%2Fv2%2Fcategories&post=382253"},{"taxonomy":"post_tag","embeddable":true,"href":"https:\/\/diariodominicano.com\/index.php?rest_route=%2Fwp%2Fv2%2Ftags&post=382253"}],"curies":[{"name":"wp","href":"https:\/\/api.w.org\/{rel}","templated":true}]}}