{"id":382204,"date":"2022-09-09T22:21:34","date_gmt":"2022-09-10T02:21:34","guid":{"rendered":"http:\/\/diariodominicano.com\/?p=382204"},"modified":"2022-09-09T22:31:27","modified_gmt":"2022-09-10T02:31:27","slug":"en-puerto-plata-presidente-abinader-encabeza-actos-en-honor-al-183-aniversario-del-procer-gregorio-luperon","status":"publish","type":"post","link":"https:\/\/diariodominicano.com\/?p=382204","title":{"rendered":"En Puerto Plata Presidente Abinader encabeza actos en honor al 183 aniversario del Pr\u00f3cer Gregorio Luper\u00f3n"},"content":{"rendered":"\n<p> Luego de la izada de la bandera nacional, fue interpretado el Himno Nacional por la Banda de M\u00fasica del Ministerio de Defensa (MIDE) <\/p>\n\n\n\n<figure class=\"wp-block-image size-full\"><img loading=\"lazy\" decoding=\"async\" width=\"1024\" height=\"681\" src=\"https:\/\/diariodominicano.com\/wp-content\/uploads\/2022\/09\/WhatsApp-Image-2022-09-09-at-4.03.33-PM-2.jpeg\" alt=\"\" class=\"wp-image-382208\" srcset=\"https:\/\/diariodominicano.com\/wp-content\/uploads\/2022\/09\/WhatsApp-Image-2022-09-09-at-4.03.33-PM-2.jpeg 1024w, https:\/\/diariodominicano.com\/wp-content\/uploads\/2022\/09\/WhatsApp-Image-2022-09-09-at-4.03.33-PM-2-300x200.jpeg 300w, https:\/\/diariodominicano.com\/wp-content\/uploads\/2022\/09\/WhatsApp-Image-2022-09-09-at-4.03.33-PM-2-768x511.jpeg 768w, https:\/\/diariodominicano.com\/wp-content\/uploads\/2022\/09\/WhatsApp-Image-2022-09-09-at-4.03.33-PM-2-816x543.jpeg 816w\" sizes=\"auto, (max-width: 1024px) 100vw, 1024px\" \/><\/figure>\n\n\n\n<p><strong>PUERTO PLATA, RD.- <\/strong>El Presidente Luis Rodolfo Abinader Corona, encabez\u00f3 este jueves, junto a autoridades civiles y militares, los actos patri\u00f3ticos conmemorativos del 183 aniversario del natalicio del pr\u00f3cer General de Divisi\u00f3n \u201cGregorio Luper\u00f3n\u201d.<\/p>\n\n\n\n<figure class=\"wp-block-image size-full\"><img loading=\"lazy\" decoding=\"async\" width=\"828\" height=\"952\" src=\"https:\/\/diariodominicano.com\/wp-content\/uploads\/2022\/09\/Luperon-homenajeimage-2022-09-09T222458.012.png\" alt=\"\" class=\"wp-image-382212\" srcset=\"https:\/\/diariodominicano.com\/wp-content\/uploads\/2022\/09\/Luperon-homenajeimage-2022-09-09T222458.012.png 828w, https:\/\/diariodominicano.com\/wp-content\/uploads\/2022\/09\/Luperon-homenajeimage-2022-09-09T222458.012-261x300.png 261w, https:\/\/diariodominicano.com\/wp-content\/uploads\/2022\/09\/Luperon-homenajeimage-2022-09-09T222458.012-768x883.png 768w, https:\/\/diariodominicano.com\/wp-content\/uploads\/2022\/09\/Luperon-homenajeimage-2022-09-09T222458.012-816x938.png 816w\" sizes=\"auto, (max-width: 828px) 100vw, 828px\" \/><\/figure>\n\n\n\n<figure class=\"wp-block-image size-full\"><img loading=\"lazy\" decoding=\"async\" width=\"1024\" height=\"683\" src=\"https:\/\/diariodominicano.com\/wp-content\/uploads\/2022\/09\/WhatsApp-Image-2022-09-09-at-4.03.33-PM.jpeg\" alt=\"\" class=\"wp-image-382213\" srcset=\"https:\/\/diariodominicano.com\/wp-content\/uploads\/2022\/09\/WhatsApp-Image-2022-09-09-at-4.03.33-PM.jpeg 1024w, https:\/\/diariodominicano.com\/wp-content\/uploads\/2022\/09\/WhatsApp-Image-2022-09-09-at-4.03.33-PM-300x200.jpeg 300w, https:\/\/diariodominicano.com\/wp-content\/uploads\/2022\/09\/WhatsApp-Image-2022-09-09-at-4.03.33-PM-768x512.jpeg 768w, https:\/\/diariodominicano.com\/wp-content\/uploads\/2022\/09\/WhatsApp-Image-2022-09-09-at-4.03.33-PM-816x544.jpeg 816w\" sizes=\"auto, (max-width: 1024px) 100vw, 1024px\" \/><\/figure>\n\n\n\n<p>El primer mandatario y las autoridades de las Fuerzas Armadas, rindieron tributo con actividades simult\u00e1neas, tales como una ofrenda floral en la estatua del H\u00e9roe Restaurador en el Parque Costero junto a la Fortaleza San Felipe, as\u00ed como el develizamiento de murales relativos a la proceridad patri\u00f3tica y militar del General Gregorio Luper\u00f3n y de la visita del padre de la patria, Juan Pablo Duarte a Puerto&nbsp; Plata,&nbsp; en 1844.<\/p>\n\n\n\n<figure class=\"wp-block-image size-full\"><img loading=\"lazy\" decoding=\"async\" width=\"1024\" height=\"681\" src=\"https:\/\/diariodominicano.com\/wp-content\/uploads\/2022\/09\/WhatsApp-Image-2022-09-09-at-4.03.33-PM-5.jpeg\" alt=\"\" class=\"wp-image-382214\" srcset=\"https:\/\/diariodominicano.com\/wp-content\/uploads\/2022\/09\/WhatsApp-Image-2022-09-09-at-4.03.33-PM-5.jpeg 1024w, https:\/\/diariodominicano.com\/wp-content\/uploads\/2022\/09\/WhatsApp-Image-2022-09-09-at-4.03.33-PM-5-300x200.jpeg 300w, https:\/\/diariodominicano.com\/wp-content\/uploads\/2022\/09\/WhatsApp-Image-2022-09-09-at-4.03.33-PM-5-768x511.jpeg 768w, https:\/\/diariodominicano.com\/wp-content\/uploads\/2022\/09\/WhatsApp-Image-2022-09-09-at-4.03.33-PM-5-816x543.jpeg 816w\" sizes=\"auto, (max-width: 1024px) 100vw, 1024px\" \/><\/figure>\n\n\n\n<p>Luego de la izada de la bandera nacional, fue interpretado el Himno Nacional por la Banda de M\u00fasica del Ministerio de Defensa (MIDE), mientras que miembros del regimiento Guardia de Honor del MIDE, rindieron los honores militares de estilo, en presencia de las autoridades de la gobernaci\u00f3n, as\u00ed como de otras instituciones p\u00fablicas y privadas participantes en los actos.<\/p>\n\n\n\n<p>Por la emblem\u00e1tica fecha, se realiz\u00f3 un desfile estudiantil del cual participaron las diferentes escuelas de la provincia y se puso en escena una dramatizaci\u00f3n que rememor\u00f3 la proeza de la Primera Espada de la Restauraci\u00f3n e hijo predilecto de Puerto Plata.<\/p>\n\n\n\n<figure class=\"wp-block-image size-full\"><img loading=\"lazy\" decoding=\"async\" width=\"1024\" height=\"681\" src=\"https:\/\/diariodominicano.com\/wp-content\/uploads\/2022\/09\/WhatsApp-Image-2022-09-09-at-4.03.33-PM-1.jpeg\" alt=\"\" class=\"wp-image-382215\" srcset=\"https:\/\/diariodominicano.com\/wp-content\/uploads\/2022\/09\/WhatsApp-Image-2022-09-09-at-4.03.33-PM-1.jpeg 1024w, https:\/\/diariodominicano.com\/wp-content\/uploads\/2022\/09\/WhatsApp-Image-2022-09-09-at-4.03.33-PM-1-300x200.jpeg 300w, https:\/\/diariodominicano.com\/wp-content\/uploads\/2022\/09\/WhatsApp-Image-2022-09-09-at-4.03.33-PM-1-768x511.jpeg 768w, https:\/\/diariodominicano.com\/wp-content\/uploads\/2022\/09\/WhatsApp-Image-2022-09-09-at-4.03.33-PM-1-816x543.jpeg 816w\" sizes=\"auto, (max-width: 1024px) 100vw, 1024px\" \/><\/figure>\n\n\n\n<p><strong>ACTOS EN SANTO DOMINGO<\/strong><\/p>\n\n\n\n<p>De manera simult\u00e1nea a estos actos, en el Pante\u00f3n Nacional de Santo Domingo, una comisi\u00f3n de las Fuerzas Armadas integrada por Oficiales del Ej\u00e9rcito, Armada y Fuerza A\u00e9rea depositaron una ofrenda floral para rendir tributo al Pr\u00f3cer.<\/p>\n\n\n\n<p>Prensa Mide<a rel=\"noreferrer noopener\" target=\"_blank\" href=\"mailto:prensaj5mide@gmail.com\">prensaj5mide@gmail.com<\/a><\/p>\n\n\n\n<p><strong><em>Departamento de Prensa<\/em><\/strong><\/p>\n\n\n\n<p><em><strong>Direcci\u00f3n de Asuntos Civiles del Estado Mayor Conjunto, J5<\/strong><\/em><\/p>\n\n\n\n<p><em><strong>Ministerio de Defensa de Rep\u00fablica Dominicana<\/strong><\/em><\/p>\n","protected":false},"excerpt":{"rendered":"<p>Luego de la izada de la bandera nacional, fue interpretado el Himno Nacional por la Banda de M\u00fasica del Ministerio de Defensa (MIDE) PUERTO PLATA, RD.- El Presidente Luis Rodolfo Abinader Corona, encabez\u00f3 este jueves, junto a autoridades civiles y militares, los actos patri\u00f3ticos conmemorativos del 183 aniversario del natalicio del pr\u00f3cer General de Divisi\u00f3n [&hellip;]<\/p>\n","protected":false},"author":28,"featured_media":382205,"comment_status":"closed","ping_status":"","sticky":true,"template":"","format":"standard","meta":{"footnotes":""},"categories":[26,27],"tags":[],"class_list":["post-382204","post","type-post","status-publish","format-standard","has-post-thumbnail","hentry","category-efemerides","category-portada"],"_links":{"self":[{"href":"https:\/\/diariodominicano.com\/index.php?rest_route=\/wp\/v2\/posts\/382204","targetHints":{"allow":["GET"]}}],"collection":[{"href":"https:\/\/diariodominicano.com\/index.php?rest_route=\/wp\/v2\/posts"}],"about":[{"href":"https:\/\/diariodominicano.com\/index.php?rest_route=\/wp\/v2\/types\/post"}],"author":[{"embeddable":true,"href":"https:\/\/diariodominicano.com\/index.php?rest_route=\/wp\/v2\/users\/28"}],"replies":[{"embeddable":true,"href":"https:\/\/diariodominicano.com\/index.php?rest_route=%2Fwp%2Fv2%2Fcomments&post=382204"}],"version-history":[{"count":6,"href":"https:\/\/diariodominicano.com\/index.php?rest_route=\/wp\/v2\/posts\/382204\/revisions"}],"predecessor-version":[{"id":382216,"href":"https:\/\/diariodominicano.com\/index.php?rest_route=\/wp\/v2\/posts\/382204\/revisions\/382216"}],"wp:featuredmedia":[{"embeddable":true,"href":"https:\/\/diariodominicano.com\/index.php?rest_route=\/wp\/v2\/media\/382205"}],"wp:attachment":[{"href":"https:\/\/diariodominicano.com\/index.php?rest_route=%2Fwp%2Fv2%2Fmedia&parent=382204"}],"wp:term":[{"taxonomy":"category","embeddable":true,"href":"https:\/\/diariodominicano.com\/index.php?rest_route=%2Fwp%2Fv2%2Fcategories&post=382204"},{"taxonomy":"post_tag","embeddable":true,"href":"https:\/\/diariodominicano.com\/index.php?rest_route=%2Fwp%2Fv2%2Ftags&post=382204"}],"curies":[{"name":"wp","href":"https:\/\/api.w.org\/{rel}","templated":true}]}}