{"id":382151,"date":"2022-09-09T15:17:29","date_gmt":"2022-09-09T19:17:29","guid":{"rendered":"http:\/\/diariodominicano.com\/?p=382151"},"modified":"2025-12-29T01:04:36","modified_gmt":"2025-12-29T05:04:36","slug":"personalidades-visitan-estand-de-prensa-latina-en-fiesta-lhumanite","status":"publish","type":"post","link":"https:\/\/diariodominicano.com\/?p=382151","title":{"rendered":"Personalidades visitan estand de Prensa Latina en fiesta l\u2019Humanit\u00e9"},"content":{"rendered":"\n<p>Par\u00eds, 9 sep (Prensa Latina) Diplom\u00e1ticos, intelectuales y personalidades de la pol\u00edtica, la vida asociativa y la solidaridad de Francia y Cuba visitaron hoy el estand de Prensa Latina en la fiesta de l&#8217;Humanit\u00e9, donde la agencia expone sus productos y servicios.&nbsp;&nbsp;&nbsp;&nbsp;<\/p>\n\n\n\n<ul class=\"wp-block-list\"><li>septiembre 9, 2022<\/li><li>CDT14:43 (GMT) -0400<\/li><\/ul>\n\n\n\n<p>&nbsp;&nbsp;&nbsp; El jefe de la delegaci\u00f3n cubana en el tradicional foro pol\u00edtico-cultural, Yoerky S\u00e1nchez, diputado y miembro del Comit\u00e9 Central del Partido Comunista y del Consejo de&nbsp;Estado, la funcionaria del Comit\u00e9 Central Belkis Lay, y los embajadores de Cuba en Francia, Otto Vaillant, y ante la Unesco, Yahima Esquivel, acudieron al estand.<\/p>\n\n\n\n<p>&nbsp;&nbsp; Tambi\u00e9n visitaron el espacio de Prensa Latina el exdiputado Fran\u00e7ois-Michel Lambert, quien encabez\u00f3 el Grupo de Amistad Francia-Cuba de la Asamblea Nacional, el acad\u00e9mico St\u00e9phane Witkowski y el presidente de la asociaci\u00f3n Cuba Coop\u00e9ration France (CubaCoop), V\u00edctor Fern\u00e1ndez.<\/p>\n\n\n\n<p>\u00a0\u00a0 Las personalidades se interesaron por la labor de la agencia, sus propuestas informativas y aporte en la divulgaci\u00f3n y defensa de las luchas de los pueblos del Sur por su derecho a la autodeterminaci\u00f3n.<\/p>\n\n\n\n<p><\/p>\n\n\n\n<p>&nbsp;&nbsp; La vicepresidenta de Informaci\u00f3n de Prensa Latina, Luisa Mar\u00eda Gonz\u00e1lez, coment\u00f3 que por primera vez el medio fundado en junio de 1959, pocos meses despu\u00e9s del triunfo de la Revoluci\u00f3n Cubana, participa con un estand, tras muchos a\u00f1os de cobertura period\u00edstica de la fiesta de l\u2019Humanit\u00e9.<\/p>\n\n\n\n<p>&nbsp;&nbsp; El espacio de CubaCoop en el foro con sede en la Regi\u00f3n Parisina del 9 al 11 de septiembre acoge la presencia de Prensa Latina.<\/p>\n\n\n\n<p>&nbsp;&nbsp; V\u00edctor Fern\u00e1ndez destac\u00f3 el trabajo de la agencia y mostr\u00f3 satisfacci\u00f3n por recibirla en el estand de la asociaci\u00f3n que desde 1995 promueve la cooperaci\u00f3n con la isla.<\/p>\n\n\n\n<p>lam\/wmr<\/p>\n","protected":false},"excerpt":{"rendered":"<p>Par\u00eds, 9 sep (Prensa Latina) Diplom\u00e1ticos, intelectuales y personalidades de la pol\u00edtica, la vida asociativa y la solidaridad de Francia y Cuba visitaron hoy el estand de Prensa Latina en la fiesta de l&#8217;Humanit\u00e9, donde la agencia expone sus productos y servicios.&nbsp;&nbsp;&nbsp;&nbsp; septiembre 9, 2022 CDT14:43 (GMT) -0400 &nbsp;&nbsp;&nbsp; El jefe de la delegaci\u00f3n cubana [&hellip;]<\/p>\n","protected":false},"author":2,"featured_media":382153,"comment_status":"closed","ping_status":"closed","sticky":true,"template":"","format":"standard","meta":{"footnotes":""},"categories":[23,27],"tags":[3556],"class_list":["post-382151","post","type-post","status-publish","format-standard","has-post-thumbnail","hentry","category-internacional","category-portada","tag-prensa-latina"],"_links":{"self":[{"href":"https:\/\/diariodominicano.com\/index.php?rest_route=\/wp\/v2\/posts\/382151","targetHints":{"allow":["GET"]}}],"collection":[{"href":"https:\/\/diariodominicano.com\/index.php?rest_route=\/wp\/v2\/posts"}],"about":[{"href":"https:\/\/diariodominicano.com\/index.php?rest_route=\/wp\/v2\/types\/post"}],"author":[{"embeddable":true,"href":"https:\/\/diariodominicano.com\/index.php?rest_route=\/wp\/v2\/users\/2"}],"replies":[{"embeddable":true,"href":"https:\/\/diariodominicano.com\/index.php?rest_route=%2Fwp%2Fv2%2Fcomments&post=382151"}],"version-history":[{"count":2,"href":"https:\/\/diariodominicano.com\/index.php?rest_route=\/wp\/v2\/posts\/382151\/revisions"}],"predecessor-version":[{"id":382154,"href":"https:\/\/diariodominicano.com\/index.php?rest_route=\/wp\/v2\/posts\/382151\/revisions\/382154"}],"wp:featuredmedia":[{"embeddable":true,"href":"https:\/\/diariodominicano.com\/index.php?rest_route=\/wp\/v2\/media\/382153"}],"wp:attachment":[{"href":"https:\/\/diariodominicano.com\/index.php?rest_route=%2Fwp%2Fv2%2Fmedia&parent=382151"}],"wp:term":[{"taxonomy":"category","embeddable":true,"href":"https:\/\/diariodominicano.com\/index.php?rest_route=%2Fwp%2Fv2%2Fcategories&post=382151"},{"taxonomy":"post_tag","embeddable":true,"href":"https:\/\/diariodominicano.com\/index.php?rest_route=%2Fwp%2Fv2%2Ftags&post=382151"}],"curies":[{"name":"wp","href":"https:\/\/api.w.org\/{rel}","templated":true}]}}