{"id":38215,"date":"2020-07-01T22:45:35","date_gmt":"2020-07-01T22:45:35","guid":{"rendered":"http:\/\/diariodominicano.ddns.net\/?p=38215"},"modified":"2020-07-01T22:45:35","modified_gmt":"2020-07-01T22:45:35","slug":"el-movimiento-cooperativo-como-cultura","status":"publish","type":"post","link":"https:\/\/diariodominicano.com\/?p=38215","title":{"rendered":"&#13;El MOVIMIENTO COOPERATIVO COMO CULTURA"},"content":{"rendered":"<p><body><\/p>\n<p>ALGO M\u00c1S QUE PALABRAS<\/p>\n<\/p>\n<p>El MOVIMIENTO COOPERATIVO COMO CULTURA<\/p>\n<p>\u00abNo existe una mejor prueba de avance humanitario que la del esp\u00edritu cooperante\u00bb<\/p>\n<\/p>\n<p>=============================<\/p>\n<p>V\u00edctor CORCOBA HERRERO\/ Escritor<\/p>\n<p>corcoba@telefonica.net\t<\/p>\n<p>============================= <\/p>\n<\/p>\n<p>\tHay fechas que debieran ser inolvidables. Una de ellas, es la que se celebra cada primer s\u00e1bado de julio desde 1923, propiciada por el movimiento cooperativo, siempre en disposici\u00f3n de hacerse todo con todos, sin buscar la vanagloria personal, sino el acceso a la creaci\u00f3n de riqueza y la eliminaci\u00f3n de la pobreza; no en vano, los miembros contribuyen equitativamente y controlan democr\u00e1ticamente el capital de su cooperativa. <\/p>\n<\/p>\n<p>Precisamente esta gratuidad de donarse, de entregarse a las personas y no a ese fr\u00edo mundo de las finanzas, hace que las cooperativas hayan sido reconocidas como asociaciones verdaderamente integradoras,  a trav\u00e9s de las cuales los ciudadanos pueden mejorar sus vidas de manera positiva, mientras a la vez contribuyen a la inclusi\u00f3n de su gente, tanto afectivamente como activamente, puesto que su \u00e1nimo cooperante est\u00e1 basado en las relaciones y no en la producci\u00f3n. <\/p>\n<\/p>\n<p>Hoy sabemos que m\u00e1s del 12% de la poblaci\u00f3n mundial es cooperativista de alguna de las tres millones de cooperativas del planeta y que, \u00e9stas emplean a millones de personas en todo el mundo, pues no solo se ocupan de la cooperaci\u00f3n entre cooperativas, tambi\u00e9n se preocupan por la comunidad a la que se entregan y sirven. Sin duda, no existe una mejor prueba de avance humanitario que la del esp\u00edritu cooperante. A mi juicio, la humanizaci\u00f3n s\u00f3lo se presenta cuando la coexistencia de culturas adopta cultos determinantes de colaboraci\u00f3n y concurrencia rec\u00edprocos entre s\u00ed. No olvidemos, que todo es resultado de un esfuerzo; y, como tal, requiere del empe\u00f1o de todos, para que la civilizaci\u00f3n permanezca y no se hunda.<\/p>\n<\/p>\n<p>En efecto, esa formaci\u00f3n e informaci\u00f3n transparente, adem\u00e1s de ese esp\u00edritu colectivo aut\u00f3nomo e independiente, de afiliaci\u00f3n voluntaria y abierta, debe concienciarnos, ya no solo para fortalecer y ampliar las alianzas, sino tambi\u00e9n para ejemplarizar actitudes en un mundo globalizado como el presente, donde ha de regirse por un conjunto de valores como los del movimiento cooperativo; de lo contrario, la desigualdad y los excesos crear\u00e1n sociedades insostenibles.  <\/p>\n<\/p>\n<p>Con su singular y distintivo \u00e9nfasis en los principios, el movimiento cooperativista ha demostrado ser un referente en la construcci\u00f3n de un espacio m\u00e1s habitable, con un modelo empresarial viable, que frena las tentaciones del individualismo y del ego\u00edsmo que tanto nos esclaviza con el beneficio, adaptado a los diversos entornos culturales, incluso en \u00e9pocas dif\u00edciles; en parte, porque combina por un lado la l\u00f3gica de la empresa y, por otro, la de la solidaridad.<\/p>\n<\/p>\n<p>Por cierto, este a\u00f1o la onom\u00e1stica del movimiento cooperativo, se centra en la contribuci\u00f3n de las cooperativas en la lucha contra el cambio clim\u00e1tico, algo que afecta gravemente la vida de las personas en todo el planeta, especialmente los grupos m\u00e1s desfavorecidos, como los peque\u00f1os agricultores, las mujeres, los j\u00f3venes, los pueblos ind\u00edgenas o las minor\u00edas \u00e9tnicas, que han de hacer frente a las cat\u00e1strofes naturales extremas y  a la degradaci\u00f3n de los recursos naturales. Un gesto que es de agradecer, ya que nuestro mundo est\u00e1 enfermo. Unos y otros, de abandono, desinter\u00e9s y desatenci\u00f3n. Activemos la cultura del querer; no solo viendo, sino mirando y comprometi\u00e9ndonos; no s\u00f3lo oyendo, sino escuchando y tendiendo manos; no s\u00f3lo cruz\u00e1ndonos por los caminos, sino par\u00e1ndonos e interes\u00e1ndonos; ofreci\u00e9ndoles una gota de esperanza, de vida en suma. <\/p>\n<\/p>\n<p> V\u00edctor CORCOBA HERRERO \/ Escritor<\/p>\n<p>corcoba@telefonica.net<\/p>\n<p>1 de julio de 2020.- <\/p>\n<h6> 2020-07-01 22:45:35 <\/h6>\n<p><!--\n<link rel=\"stylesheet\" href=\"css\/bootstrap.min.css\">\n\n\n<ul class=\"pagination\">\n\t    \n\t\n\n<li >\n\t<a href='?page_no=164'>Previous<\/a>\n\t<\/li>\n\n\n       \n    \n\n<li><a href='?page_no=1'>1<\/a><\/li>\n\n\n\n<li><a href='?page_no=2'>2<\/a><\/li>\n\n\n\n<li><a>...<\/a><\/li>\n\n\n\n<li><a href='?page_no=163'>163<\/a><\/li>\n\n\n\n<li><a href='?page_no=164'>164<\/a><\/li>\n\n\n\n<li class='active'><a>165<\/a><\/li>\n\n\n\n<li><a href='?page_no=166'>166<\/a><\/li>\n\n\n\n<li><a href='?page_no=167'>167<\/a><\/li>\n\n\n\n<li><a>...<\/a><\/li>\n\n\n\n<li><a href='?page_no=13611'>13611<\/a><\/li>\n\n\n\n<li><a href='?page_no=13612'>13612<\/a><\/li>\n\n    \n\t\n\n<li >\n\t<a href='?page_no=166'>Next<\/a>\n\t<\/li>\n\n\n    \n\n<li><a href='?page_no=13612'>Last &rsaquo;&rsaquo;<\/a><\/li>\n\n<\/ul>\n\n\n--><br \/>\n<\/body><\/p>\n","protected":false},"excerpt":{"rendered":"<p>ALGO M\u00c1S QUE PALABRAS El MOVIMIENTO COOPERATIVO COMO CULTURA \u00abNo existe una mejor prueba de avance humanitario que la del esp\u00edritu cooperante\u00bb ============================= V\u00edctor CORCOBA HERRERO\/ Escritor corcoba@telefonica.net ============================= Hay fechas que debieran ser inolvidables. Una de ellas, es la que se celebra cada primer s\u00e1bado de julio desde 1923, propiciada por el movimiento cooperativo, [&hellip;]<\/p>\n","protected":false},"author":3,"featured_media":0,"comment_status":"open","ping_status":"open","sticky":false,"template":"","format":"standard","meta":{"footnotes":""},"categories":[16],"tags":[],"class_list":["post-38215","post","type-post","status-publish","format-standard","hentry","category-opiniones"],"_links":{"self":[{"href":"https:\/\/diariodominicano.com\/index.php?rest_route=\/wp\/v2\/posts\/38215","targetHints":{"allow":["GET"]}}],"collection":[{"href":"https:\/\/diariodominicano.com\/index.php?rest_route=\/wp\/v2\/posts"}],"about":[{"href":"https:\/\/diariodominicano.com\/index.php?rest_route=\/wp\/v2\/types\/post"}],"author":[{"embeddable":true,"href":"https:\/\/diariodominicano.com\/index.php?rest_route=\/wp\/v2\/users\/3"}],"replies":[{"embeddable":true,"href":"https:\/\/diariodominicano.com\/index.php?rest_route=%2Fwp%2Fv2%2Fcomments&post=38215"}],"version-history":[{"count":0,"href":"https:\/\/diariodominicano.com\/index.php?rest_route=\/wp\/v2\/posts\/38215\/revisions"}],"wp:attachment":[{"href":"https:\/\/diariodominicano.com\/index.php?rest_route=%2Fwp%2Fv2%2Fmedia&parent=38215"}],"wp:term":[{"taxonomy":"category","embeddable":true,"href":"https:\/\/diariodominicano.com\/index.php?rest_route=%2Fwp%2Fv2%2Fcategories&post=38215"},{"taxonomy":"post_tag","embeddable":true,"href":"https:\/\/diariodominicano.com\/index.php?rest_route=%2Fwp%2Fv2%2Ftags&post=38215"}],"curies":[{"name":"wp","href":"https:\/\/api.w.org\/{rel}","templated":true}]}}