{"id":382023,"date":"2022-09-09T08:50:34","date_gmt":"2022-09-09T12:50:34","guid":{"rendered":"http:\/\/diariodominicano.com\/?p=382023"},"modified":"2022-09-09T09:15:15","modified_gmt":"2022-09-09T13:15:15","slug":"presidente-abinader-encabeza-actos-conmemorativos-por-el-183-aniversario-del-natalicio-del-general-gregorio-luperon","status":"publish","type":"post","link":"https:\/\/diariodominicano.com\/?p=382023","title":{"rendered":"Presidente Abinader encabeza actos conmemorativos por el 183 aniversario del natalicio del general Gregorio Luper\u00f3n"},"content":{"rendered":"\n<p>diariodominicano.com<\/p>\n\n\n\n<p>Puerto Plata, R. D.,  9 de septiembre, 2022.-&nbsp;<strong>El Presidente Luis Abinader<\/strong>&nbsp;encabez\u00f3 ayer, los actos conmemorativos del&nbsp;<strong>183 aniversario del natalicio del general Gregorio Luper\u00f3n<\/strong>, h\u00e9roe lleno de patriotismo y destreza militar cuya espada gloriosa marc\u00f3 la gesta nacionalista de la&nbsp;<strong>Restauraci\u00f3n de la Rep\u00fablica en 1863<\/strong>.<\/p>\n\n\n\n<p>A su llegada, el Presidente Abinader, Autoridad Suprema de las Fuerzas Armadas y la Polic\u00eda Nacional, fue recibido con los&nbsp;<strong>honores militares de estilo<\/strong>, las 21 salvas de rigor y las notas del himno nacional para dar inicio formal al acto.<\/p>\n\n\n\n<p>Durante el desfile militar, en el aire un helic\u00f3ptero de la Fuerza A\u00e9rea mostraba la bandera tricolor y, asimismo, cientos de estudiantes de las escuelas de Puerto Plata desfilaron ante el mandatario en honor al general Luper\u00f3n.<\/p>\n\n\n\n<p>Luego, al gobernante le fue presentada una&nbsp;<strong>dramatizaci\u00f3n patri\u00f3tica del general Gregorio Luper\u00f3n&nbsp;<\/strong>cuando hizo el llamado al pueblo dominicano para defender la patria de la anexi\u00f3n a Espa\u00f1a hecha por Pedro Santana.<\/p>\n\n\n\n<p><strong>El presidente de la Comisi\u00f3n Permanente de Efem\u00e9rides Patrias, Juan Pablo Uribe<\/strong>, sostuvo que pensar en el General Gregorio Luper\u00f3n, convoca a&nbsp;<strong>imitar su ejemplo<\/strong>&nbsp;de amor, respeto y defensa de los valores patrios, la soberan\u00eda nacional y la institucionalidad democr\u00e1tica.<\/p>\n\n\n\n<p><em>\u201cSu espada gloriosa, que marc\u00f3 con sus triunfos la Guerra de la Restauraci\u00f3n entre los a\u00f1os de 1863, cuando se produce El Grito de Capotillo, el 16 de agosto del mismo, y 1865, estuvo acompa\u00f1ada de un pensamiento democr\u00e1tico y progresista que encarn\u00f3 el esp\u00edritu liberal del partido azul que \u00e9l encabez\u00f3 como l\u00edder civilista de la naci\u00f3n.&nbsp; En Luper\u00f3n, pues, concurrieron dos grandes virtudes ciudadanas, la del h\u00e9roe militar y la del pr\u00f3cer c\u00edvico, presidente en el a\u00f1o de 1879\u201d,<\/em>&nbsp;manifest\u00f3 Uribe.<\/p>\n\n\n\n<div class=\"wp-block-image\"><figure class=\"alignleft is-resized\"><img decoding=\"async\" src=\"https:\/\/presidencia.gob.do\/sites\/default\/files\/content\/Desfile.jpeg\" alt=\"\" width=\"-147\" height=\"-97\"\/><\/figure><\/div>\n\n\n\n<p>Adem\u00e1s, Uribe resalt\u00f3 la participaci\u00f3n del Presidente Abinader en este acto tan especial para los dominicanos, al decir que es la&nbsp;<strong>primera vez que un jefe de Estado asiste a rendir honores al general Luper\u00f3n<\/strong>.<\/p>\n\n\n\n<p>En tanto que la gobernadora de Puerto Plata, Claritza Rochtte Peralta, destac\u00f3 que Gregorio Luper\u00f3n fue un h\u00e9roe que tuvo una vida ejemplar, digno de emular por todas las generaciones, no s\u00f3lo de su natal Puerto Plata y resalt\u00f3 las dotes patri\u00f3ticas del joven Luper\u00f3n que<strong>&nbsp;con apenas 22 a\u00f1os fue combatiente restaurador con coraje, valent\u00eda y determinaci\u00f3n.<\/strong><\/p>\n\n\n\n<h5 class=\"wp-block-heading\"><strong>Visita Casa Museo General Gregorio Luper\u00f3n<\/strong><\/h5>\n\n\n\n<p>M\u00e1s temprano, el jefe de Estado realiz\u00f3 una&nbsp;<strong>visita guiada<\/strong>&nbsp;a la Casa Museo General Gregorio Luper\u00f3n.<\/p>\n\n\n\n<p>El mandatario fue recibido por la directora de la Casa Museo General Gregorio Luper\u00f3n, Rosa Garc\u00eda; el presidente en funciones del patronato, Ricky Brugal; el director de Historia del Ministerio de Defensa, coronel S\u00f3crates Suazo Ruiz, y el obispo de la di\u00f3cesis Puerto Plata-Gaspar Hern\u00e1ndez, monse\u00f1or Julio C\u00e9sar Corniel Amaro.<\/p>\n\n\n\n<p>Tambi\u00e9n, estuvieron presentes los bisnietos y tataranietos del general Gregorio Luper\u00f3n, Luis Miguel Landrau, Luis Villa padre, Luis Villa hijo y Anyiro S\u00e1nchez.<\/p>\n\n\n\n<div class=\"wp-block-image\"><figure class=\"alignleft is-resized\"><img decoding=\"async\" src=\"https:\/\/presidencia.gob.do\/sites\/default\/files\/content\/Visita%20Museo%20Greogorio%20Luper%C3%B3n_0.jpeg\" alt=\"\" width=\"-212\" height=\"-141\"\/><\/figure><\/div>\n\n\n\n<p>Asimismo, el Ministro Administrativo de la Presidencia, Jos\u00e9 Ignacio Paliza; el director de Planes y Operaciones del Estado Mayor Conjunto del Ministerio de Defensa, general de brigada Rafael N\u00fa\u00f1ez Veloz; los comandantes de la Segunda Brigada de Infanter\u00eda del Ej\u00e9rcito de Rep\u00fablica Dominicana, general de brigada Fernando P\u00e9rez Jim\u00e9nez; de la Cuarta Brigada de Infanter\u00eda, general de brigada Germ\u00e1n Rosario P\u00e9rez; el subcomandante de la Base A\u00e9rea de Puerto Plata, coronel paracaidista William Medina G\u00e1lvez.<\/p>\n\n\n\n<p>Tambi\u00e9n, el comandante del Comando Conjunto Norte de las Fuerzas Armadas, coronel Rodolfo Reynoso Green, y el comandante de la Zona Naval Norte de la Armada de Rep\u00fablica Dominicana, capit\u00e1n de nav\u00edo Angelo Porfirio Vargas P\u00e9rez; el viceministro Administrativo y Financiero de la Presidencia, Igor Rodr\u00edguez; la senadora Ginnette Bournigal, entre otras personalidades.<\/p>\n\n\n\n<p>Fuente: Direcci\u00f3n de Estrategia y Comunicaci\u00f3n<\/p>\n\n\n\n<p>Ministerio Administrativo de la Presidencia de la Rep\u00fablica Dominicana<\/p>\n\n\n\n<p>Relacionadas:<\/p>\n\n\n\n<figure class=\"wp-block-embed is-type-wp-embed is-provider-diario-dominicano wp-block-embed-diario-dominicano\"><div class=\"wp-block-embed__wrapper\">\n<blockquote class=\"wp-embedded-content\" data-secret=\"XlD4ylu54Z\"><a href=\"https:\/\/diariodominicano.com\/?p=381728\">Gregorio Luper\u00f3n: Con conducta democr\u00e1tica, pol\u00edtico y militar<\/a><\/blockquote><iframe loading=\"lazy\" class=\"wp-embedded-content\" sandbox=\"allow-scripts\" security=\"restricted\" style=\"position: absolute; visibility: hidden;\" title=\"\u00abGregorio Luper\u00f3n: Con conducta democr\u00e1tica, pol\u00edtico y militar\u00bb \u2014 Diario Dominicano\" src=\"https:\/\/diariodominicano.com\/?p=381728&#038;embed=true#?secret=4KsRFCbc32#?secret=XlD4ylu54Z\" data-secret=\"XlD4ylu54Z\" width=\"600\" height=\"338\" frameborder=\"0\" marginwidth=\"0\" marginheight=\"0\" scrolling=\"no\"><\/iframe>\n<\/div><\/figure>\n\n\n\n<figure class=\"wp-block-embed is-type-wp-embed is-provider-diario-dominicano wp-block-embed-diario-dominicano\"><div class=\"wp-block-embed__wrapper\">\n<blockquote class=\"wp-embedded-content\" data-secret=\"mtYg555B5G\"><a href=\"https:\/\/diariodominicano.com\/?p=381735\">Gregorio Luper\u00f3n anima a los restauradores. Se organizan para intensificar ataque contra el Ej\u00e9rcito espa\u00f1ol<\/a><\/blockquote><iframe loading=\"lazy\" class=\"wp-embedded-content\" sandbox=\"allow-scripts\" security=\"restricted\" style=\"position: absolute; visibility: hidden;\" title=\"\u00abGregorio Luper\u00f3n anima a los restauradores. Se organizan para intensificar ataque contra el Ej\u00e9rcito espa\u00f1ol\u00bb \u2014 Diario Dominicano\" src=\"https:\/\/diariodominicano.com\/?p=381735&#038;embed=true#?secret=YWgttZje2t#?secret=mtYg555B5G\" data-secret=\"mtYg555B5G\" width=\"600\" height=\"338\" frameborder=\"0\" marginwidth=\"0\" marginheight=\"0\" scrolling=\"no\"><\/iframe>\n<\/div><\/figure>\n","protected":false},"excerpt":{"rendered":"<p>diariodominicano.com Puerto Plata, R. D., 9 de septiembre, 2022.-&nbsp;El Presidente Luis Abinader&nbsp;encabez\u00f3 ayer, los actos conmemorativos del&nbsp;183 aniversario del natalicio del general Gregorio Luper\u00f3n, h\u00e9roe lleno de patriotismo y destreza militar cuya espada gloriosa marc\u00f3 la gesta nacionalista de la&nbsp;Restauraci\u00f3n de la Rep\u00fablica en 1863. A su llegada, el Presidente Abinader, Autoridad Suprema de las [&hellip;]<\/p>\n","protected":false},"author":5,"featured_media":382033,"comment_status":"closed","ping_status":"","sticky":true,"template":"","format":"standard","meta":{"footnotes":""},"categories":[20,26,27],"tags":[],"class_list":["post-382023","post","type-post","status-publish","format-standard","has-post-thumbnail","hentry","category-dominicana-hoy","category-efemerides","category-portada"],"_links":{"self":[{"href":"https:\/\/diariodominicano.com\/index.php?rest_route=\/wp\/v2\/posts\/382023","targetHints":{"allow":["GET"]}}],"collection":[{"href":"https:\/\/diariodominicano.com\/index.php?rest_route=\/wp\/v2\/posts"}],"about":[{"href":"https:\/\/diariodominicano.com\/index.php?rest_route=\/wp\/v2\/types\/post"}],"author":[{"embeddable":true,"href":"https:\/\/diariodominicano.com\/index.php?rest_route=\/wp\/v2\/users\/5"}],"replies":[{"embeddable":true,"href":"https:\/\/diariodominicano.com\/index.php?rest_route=%2Fwp%2Fv2%2Fcomments&post=382023"}],"version-history":[{"count":3,"href":"https:\/\/diariodominicano.com\/index.php?rest_route=\/wp\/v2\/posts\/382023\/revisions"}],"predecessor-version":[{"id":382044,"href":"https:\/\/diariodominicano.com\/index.php?rest_route=\/wp\/v2\/posts\/382023\/revisions\/382044"}],"wp:featuredmedia":[{"embeddable":true,"href":"https:\/\/diariodominicano.com\/index.php?rest_route=\/wp\/v2\/media\/382033"}],"wp:attachment":[{"href":"https:\/\/diariodominicano.com\/index.php?rest_route=%2Fwp%2Fv2%2Fmedia&parent=382023"}],"wp:term":[{"taxonomy":"category","embeddable":true,"href":"https:\/\/diariodominicano.com\/index.php?rest_route=%2Fwp%2Fv2%2Fcategories&post=382023"},{"taxonomy":"post_tag","embeddable":true,"href":"https:\/\/diariodominicano.com\/index.php?rest_route=%2Fwp%2Fv2%2Ftags&post=382023"}],"curies":[{"name":"wp","href":"https:\/\/api.w.org\/{rel}","templated":true}]}}