{"id":382001,"date":"2022-09-09T00:46:16","date_gmt":"2022-09-09T04:46:16","guid":{"rendered":"http:\/\/diariodominicano.com\/?p=382001"},"modified":"2022-09-09T00:56:58","modified_gmt":"2022-09-09T04:56:58","slug":"la-conferencia-del-episcopado-dominicano-funda-la-universidad-catolica-madre-y-maestra-de-santiago-2","status":"publish","type":"post","link":"https:\/\/diariodominicano.com\/?p=382001","title":{"rendered":"La Conferencia del Episcopado Dominicano funda la Universidad Cat\u00f3lica Madre y Maestra de Santiago"},"content":{"rendered":"\n<p><strong>Monse\u00f1or Hugo Eduardo Polanco Brito, primer Rector de la Universidad Cat\u00f3lica Madre y Maestra de Santiago de los Caballeros.<\/strong><\/p>\n\n\n\n<p>Por H\u00e9ctor Tineo Nolasco<\/p>\n\n\n\n<p>Diariodominicano.com<\/p>\n\n\n\n<p>SANTIAGO DE LOS CABALLEROS, el 9 de septiembre de 1962, la Conferencia del Episcopado Dominicano fund\u00f3&nbsp; en la ciudad de Santiago de los Caballeros, la Universidad Cat\u00f3lica Madre y Maestra.<\/p>\n\n\n\n<p>&nbsp;&nbsp; Es la primera universidad privada creada en la Rep\u00fablica Dominicana, tras la ca\u00edda de la dictadura de Rafael Le\u00f3nidas Trujillo Molina. Cuando el dictador fue asesinado la noche del 30 de mayo de 1961, s\u00f3lo exist\u00eda en el pa\u00eds como instituci\u00f3n de educaci\u00f3n superior la Universidad de Santo Domingo, que ten\u00eda una poblaci\u00f3n estudiantil que apenas sobrepasaba los tres mil.<\/p>\n\n\n\n<p>&nbsp;&nbsp;&nbsp; En sus inicios la Universidad Cat\u00f3lica Madre y Maestra, ofrec\u00eda las carreras de Derecho, Educaci\u00f3n y Filosof\u00eda, con una comunidad de 60 estudiantes y 15 profesores.<\/p>\n\n\n\n<p>Naci\u00f3 en una casa de madera situada en la avenida M\u00e1ximo G\u00f3mez de Santiago.<\/p>\n\n\n\n<figure class=\"wp-block-image size-full\"><img loading=\"lazy\" decoding=\"async\" width=\"342\" height=\"500\" src=\"https:\/\/diariodominicano.com\/wp-content\/uploads\/2022\/09\/Monsenor-Pepen-arc.jpg\" alt=\"\" class=\"wp-image-382007\" srcset=\"https:\/\/diariodominicano.com\/wp-content\/uploads\/2022\/09\/Monsenor-Pepen-arc.jpg 342w, https:\/\/diariodominicano.com\/wp-content\/uploads\/2022\/09\/Monsenor-Pepen-arc-205x300.jpg 205w\" sizes=\"auto, (max-width: 342px) 100vw, 342px\" \/><figcaption>Monse\u00f1or Juan F\u00e9lix Pep\u00e9n<\/figcaption><\/figure>\n\n\n\n<p>&nbsp;&nbsp;&nbsp; El Primer Rector fue monse\u00f1or Hugo Eduardo Polanco Brito, quien desempe\u00f1\u00f3 el cargo hasta el a\u00f1o 1967. Fue sustituido por monse\u00f1or Juan F\u00e9lix Pep\u00e9n, quien permaneci\u00f3 en el cargo durante un a\u00f1o.<\/p>\n\n\n\n<figure class=\"wp-block-image size-full\"><img loading=\"lazy\" decoding=\"async\" width=\"209\" height=\"364\" src=\"https:\/\/diariodominicano.com\/wp-content\/uploads\/2022\/09\/Monsenor-Roque-Adames-arc.jpg\" alt=\"\" class=\"wp-image-382008\" srcset=\"https:\/\/diariodominicano.com\/wp-content\/uploads\/2022\/09\/Monsenor-Roque-Adames-arc.jpg 209w, https:\/\/diariodominicano.com\/wp-content\/uploads\/2022\/09\/Monsenor-Roque-Adames-arc-172x300.jpg 172w\" sizes=\"auto, (max-width: 209px) 100vw, 209px\" \/><figcaption>Monse\u00f1or Roque Adames <\/figcaption><\/figure>\n\n\n\n<p>&nbsp;&nbsp;&nbsp;&nbsp; A la Rector\u00eda de monse\u00f1or Juan F\u00e9lix Pep\u00e9n sigui\u00f3 la de monse\u00f1or Roque Adames Rodr\u00edguez, quien en el a\u00f1o 1970 fue sustituido por Monse\u00f1or Agripino N\u00fa\u00f1ez Collado, quien estuvo en la Rector\u00eda de la Universidad hasta el 15 de enero de 2015, cuando fue reemplazado por el sacerdote Ram\u00f3n Alfredo de la Cruz.<\/p>\n\n\n\n<figure class=\"wp-block-image size-full\"><img loading=\"lazy\" decoding=\"async\" width=\"554\" height=\"680\" src=\"https:\/\/diariodominicano.com\/wp-content\/uploads\/2022\/01\/agripinoreciente-1.jpg\" alt=\"\" class=\"wp-image-326058\" srcset=\"https:\/\/diariodominicano.com\/wp-content\/uploads\/2022\/01\/agripinoreciente-1.jpg 554w, https:\/\/diariodominicano.com\/wp-content\/uploads\/2022\/01\/agripinoreciente-1-244x300.jpg 244w\" sizes=\"auto, (max-width: 554px) 100vw, 554px\" \/><figcaption> Monse\u00f1or Agripino N\u00fa\u00f1ez Collado  <\/figcaption><\/figure>\n\n\n\n<p>Monse\u00f1or Agripino N\u00fa\u00f1ez Collado falleci\u00f3 en Santiago de los Caballeros, el 22 de enero de 2022.<\/p>\n\n\n\n<p>&nbsp;&nbsp;&nbsp;&nbsp; En el a\u00f1o 1987, el Papa Juan Pablo Segundo la reconoci\u00f3 la universidad como Pontificia y Cat\u00f3lica, en la celebraci\u00f3n del Jubileo de Puerto Plata, con ocasi\u00f3n de la instituci\u00f3n acad\u00e9mica cumplir 25 a\u00f1os.<\/p>\n\n\n\n<p>&nbsp;&nbsp;&nbsp;&nbsp; El campo central de la PUCMM est\u00e1 en Santiago&nbsp; de los Caballeros y en Santo Domingo, tiene el Recinto Santo Tom\u00e1s de Aquino.<\/p>\n\n\n\n<p>&nbsp;&nbsp;&nbsp;&nbsp;&nbsp; La Pontificia Universidad Cat\u00f3lica Madre y Maestra, es de las entidades acad\u00e9micas dominicanas que disfruta de mayor prestigio.<\/p>\n\n\n\n<p><strong>Nueva Rector\u00eda<\/strong><\/p>\n\n\n\n<p>N\u00fa\u00f1ez Collado estuvo vinculado a la instituci\u00f3n desde sus inicios en 1962, cuando fue la Universidad Cat\u00f3lica Madre y Maestra (UCMM).<br><br>El religioso se desempe\u00f1\u00f3 como profesor en 1962 y luego fue designado vicerrector en 1963 hasta 1970, a\u00f1o en que asumi\u00f3 la rector\u00eda de la universidad.&nbsp;<br>Adem\u00e1s fue presidente del Consejo Econ\u00f3mico y Social (CES) y coordinador del Di\u00e1logo Nacional.<br><br>La solicitud para designar a De la Cruz en lugar de N\u00fa\u00f1ez Collado fue acogida por el Vaticano y la aprobaci\u00f3n fue enviada desde Roma y le\u00edda ante la Conferencia del Episcopado Dominicano. El per\u00edodo por el que fue escogido es por cuatro a\u00f1os. El nuevo rector desempe\u00f1aba &nbsp;igual funci\u00f3n en la Universidad Cat\u00f3lica Nordestana.<br><br>De la Cruz Baldera, &nbsp;naci\u00f3 de San Francisco de Macor\u00eds. Es un acad\u00e9mico, con una concentraci\u00f3n en teol\u00f3gica y afici\u00f3n a la tecnolog\u00eda.<br><br>En el a\u00f1o 2013 fue juramentado como presidente de la Asociaci\u00f3n Dominicana de Rectores de Universidades (ADRU).<br><br><br><\/p>\n","protected":false},"excerpt":{"rendered":"<p>Monse\u00f1or Hugo Eduardo Polanco Brito, primer Rector de la Universidad Cat\u00f3lica Madre y Maestra de Santiago de los Caballeros. Por H\u00e9ctor Tineo Nolasco Diariodominicano.com SANTIAGO DE LOS CABALLEROS, el 9 de septiembre de 1962, la Conferencia del Episcopado Dominicano fund\u00f3&nbsp; en la ciudad de Santiago de los Caballeros, la Universidad Cat\u00f3lica Madre y Maestra. &nbsp;&nbsp; [&hellip;]<\/p>\n","protected":false},"author":28,"featured_media":382004,"comment_status":"closed","ping_status":"","sticky":true,"template":"","format":"standard","meta":{"footnotes":""},"categories":[26,27],"tags":[],"class_list":["post-382001","post","type-post","status-publish","format-standard","has-post-thumbnail","hentry","category-efemerides","category-portada"],"_links":{"self":[{"href":"https:\/\/diariodominicano.com\/index.php?rest_route=\/wp\/v2\/posts\/382001","targetHints":{"allow":["GET"]}}],"collection":[{"href":"https:\/\/diariodominicano.com\/index.php?rest_route=\/wp\/v2\/posts"}],"about":[{"href":"https:\/\/diariodominicano.com\/index.php?rest_route=\/wp\/v2\/types\/post"}],"author":[{"embeddable":true,"href":"https:\/\/diariodominicano.com\/index.php?rest_route=\/wp\/v2\/users\/28"}],"replies":[{"embeddable":true,"href":"https:\/\/diariodominicano.com\/index.php?rest_route=%2Fwp%2Fv2%2Fcomments&post=382001"}],"version-history":[{"count":6,"href":"https:\/\/diariodominicano.com\/index.php?rest_route=\/wp\/v2\/posts\/382001\/revisions"}],"predecessor-version":[{"id":382013,"href":"https:\/\/diariodominicano.com\/index.php?rest_route=\/wp\/v2\/posts\/382001\/revisions\/382013"}],"wp:featuredmedia":[{"embeddable":true,"href":"https:\/\/diariodominicano.com\/index.php?rest_route=\/wp\/v2\/media\/382004"}],"wp:attachment":[{"href":"https:\/\/diariodominicano.com\/index.php?rest_route=%2Fwp%2Fv2%2Fmedia&parent=382001"}],"wp:term":[{"taxonomy":"category","embeddable":true,"href":"https:\/\/diariodominicano.com\/index.php?rest_route=%2Fwp%2Fv2%2Fcategories&post=382001"},{"taxonomy":"post_tag","embeddable":true,"href":"https:\/\/diariodominicano.com\/index.php?rest_route=%2Fwp%2Fv2%2Ftags&post=382001"}],"curies":[{"name":"wp","href":"https:\/\/api.w.org\/{rel}","templated":true}]}}