{"id":38193,"date":"2020-07-05T10:18:22","date_gmt":"2020-07-05T10:18:22","guid":{"rendered":"http:\/\/diariodominicano.ddns.net\/?p=38193"},"modified":"2020-07-05T10:18:22","modified_gmt":"2020-07-05T10:18:22","slug":"reales-transformaciones-y-cambios-urgidos-por-ti-y-el-pais","status":"publish","type":"post","link":"https:\/\/diariodominicano.com\/?p=38193","title":{"rendered":"Reales transformaciones y cambios urgidos por t\u00ed y el pa\u00eds"},"content":{"rendered":"<p><body><\/p>\n<p><strong>Diariodominicano.com<\/strong><\/p>\n<p><strong>Reales transformaciones y cambios urgidos por t\u00ed y el pa\u00eds<\/strong><\/p>\n<p><strong>Por: Dr. Ys\u00f3crates Andr\u00e9s Pe\u00f1a Reyes<\/strong><\/p>\n<\/p>\n<p>En sus estrategias en torno a propulsar con idoneidad de cara al presente y al futuro el  desarrollo de Rep\u00fablica Dominicana,  el Consejo Regional de Desarrollo, Inc. (CRD)  estima indispensable que los diferentes sectores sociales y los liderazgos del pa\u00eds, tras concluir el proceso electoral y dar paso a un nuevo gobierno, deben proponerse como principal tarea romper con los sectarismos irracionales y las conductas mezquinas, a fin de motorizar un proceso econ\u00f3mico, pol\u00edtico y social que gu\u00ede con eficiencia los cambios y transformaciones exigidas por el desarrollo, la justicia y la paz sustentable a los estamentos del Estado y a todos los integrantes de la sociedad dominicana.<\/p>\n<\/p>\n<p>Para la correcta implementaci\u00f3n de dichos prop\u00f3sitos, el organismo de desarrollo estima de vital importancia un cambio de visi\u00f3n y mentalidad junto con la transici\u00f3n generacional y la consolidaci\u00f3n de nuestras instituciones, por constituir columnas esenciales para motorizar con sabidur\u00eda el desarrollo y el progreso social que amerita nuestra naci\u00f3n.<\/p>\n<\/p>\n<p>Dimensiona que lo se\u00f1alado impondr\u00e1 que nuestros liderazgos pol\u00edticos y sociales sean ciertamente capaces para concretizar lo que dicen y prometen al momento de tomar la conducci\u00f3n de las instituciones que se pongan bajo sus manos.<\/p>\n<\/p>\n<p>Dentro del referido criterio, es del parecer, que el rumbo que enmarca se impone concretizarlo en nuestra sociedad y principalmente en los estamentos del Estado, al requerirse de una nueva forma de pensar, que exige de nuestras entidades pol\u00edticas y sociales, como tambi\u00e9n de sus liderazgos, ir tras una correcta visi\u00f3n que les permita asumir un sustancial y beneficioso accionar social y pol\u00edtico.<\/p>\n<\/p>\n<p>Lo cual ve alcanzable, en raz\u00f3n de contemplar un aumento en nuestra poblaci\u00f3n de los niveles de conciencia de c\u00f3mo debe producirse el progreso y el desarrollo socioecon\u00f3mico y sociopol\u00edtico, y, adem\u00e1s, sobre cuales son las mejores alternativas a seguir para obtener reales soluciones a los diversos problemas que afectan nuestra naci\u00f3n.<\/p>\n<\/p>\n<p>Prop\u00f3sitos que estima que conducen a una mayor valoraci\u00f3n en torno a que nuestros problemas no pueden ser solucionados por un l\u00edder determinado o por grupos de intereses, sino que su id\u00f3nea soluci\u00f3n debe soportarse en los niveles de preparaci\u00f3n, capacidad, vocaci\u00f3n de bien y una sincera implementaci\u00f3n de la concertaci\u00f3n social. <\/p>\n<\/p>\n<p>Visualiza en dichos cometidos, que los grandes cambios que se requieren en todos los estamentos pol\u00edticos y sociales del pa\u00eds, hoy en d\u00eda reclaman de nuestros gobernantes, los partidos y todas nuestras instituciones, como tambi\u00e9n, a los diversos liderazgos, acoplarse a los requerimientos de los nuevos tiempos y la realidad social en que convivimos, con el objetivo de cumplir en la mayor plenitud posible, con roles y las labores que est\u00e1n llamados a cumplir como promotores del desarrollo y el progreso social.<\/p>\n<\/p>\n<p>Dentro de las tan primordiales metas, para el Consejo Regional de Desarrollo, Inc.(CRD) constituye una tarea de gran relevancia a cargo todos sectores de nuestra naci\u00f3n, tomar el camino luminoso y fecundo que les ofrece la concertaci\u00f3n y una aut\u00e9ntica implementaci\u00f3n de la paz social, para relanzar nuestra naci\u00f3n hacia una nueva etapa hist\u00f3rica que le facilite mayores grados de justicia y desarrollo social dentro de una sociedad sustentadas en sus mejores valores, capacidades e ideas.<\/p>\n<p><strong>El autor es:<\/strong><\/p>\n<\/p>\n<p>Por: Dr. Ys\u00f3crates Andr\u00e9s Pe\u00f1a Reyes, Director General del Consejo Regional de Desarrollo, Inc. (CRD), abogado y polit\u00f3logo. Correo: crd.consejoregionaldedesarrollo@yahoo.com, Tel. 809-244.5496. San Francisco de Macor\u00eds, RD:<\/p>\n<\/p>\n<\/p>\n<h6> 2020-07-05 10:18:22 <\/h6>\n<p><!--\n<link rel=\"stylesheet\" href=\"css\/bootstrap.min.css\">\n\n\n<ul class=\"pagination\">\n\t    \n\t\n\n<li >\n\t<a href='?page_no=162'>Previous<\/a>\n\t<\/li>\n\n\n       \n    \n\n<li><a href='?page_no=1'>1<\/a><\/li>\n\n\n\n<li><a href='?page_no=2'>2<\/a><\/li>\n\n\n\n<li><a>...<\/a><\/li>\n\n\n\n<li><a href='?page_no=161'>161<\/a><\/li>\n\n\n\n<li><a href='?page_no=162'>162<\/a><\/li>\n\n\n\n<li class='active'><a>163<\/a><\/li>\n\n\n\n<li><a href='?page_no=164'>164<\/a><\/li>\n\n\n\n<li><a href='?page_no=165'>165<\/a><\/li>\n\n\n\n<li><a>...<\/a><\/li>\n\n\n\n<li><a href='?page_no=13611'>13611<\/a><\/li>\n\n\n\n<li><a href='?page_no=13612'>13612<\/a><\/li>\n\n    \n\t\n\n<li >\n\t<a href='?page_no=164'>Next<\/a>\n\t<\/li>\n\n\n    \n\n<li><a href='?page_no=13612'>Last &rsaquo;&rsaquo;<\/a><\/li>\n\n<\/ul>\n\n\n--><br \/>\n<\/body><\/p>\n","protected":false},"excerpt":{"rendered":"<p>Diariodominicano.com Reales transformaciones y cambios urgidos por t\u00ed y el pa\u00eds Por: Dr. Ys\u00f3crates Andr\u00e9s Pe\u00f1a Reyes En sus estrategias en torno a propulsar con idoneidad de cara al presente y al futuro el desarrollo de Rep\u00fablica Dominicana, el Consejo Regional de Desarrollo, Inc. (CRD) estima indispensable que los diferentes sectores sociales y los liderazgos [&hellip;]<\/p>\n","protected":false},"author":3,"featured_media":0,"comment_status":"open","ping_status":"open","sticky":false,"template":"","format":"standard","meta":{"footnotes":""},"categories":[16],"tags":[],"class_list":["post-38193","post","type-post","status-publish","format-standard","hentry","category-opiniones"],"_links":{"self":[{"href":"https:\/\/diariodominicano.com\/index.php?rest_route=\/wp\/v2\/posts\/38193","targetHints":{"allow":["GET"]}}],"collection":[{"href":"https:\/\/diariodominicano.com\/index.php?rest_route=\/wp\/v2\/posts"}],"about":[{"href":"https:\/\/diariodominicano.com\/index.php?rest_route=\/wp\/v2\/types\/post"}],"author":[{"embeddable":true,"href":"https:\/\/diariodominicano.com\/index.php?rest_route=\/wp\/v2\/users\/3"}],"replies":[{"embeddable":true,"href":"https:\/\/diariodominicano.com\/index.php?rest_route=%2Fwp%2Fv2%2Fcomments&post=38193"}],"version-history":[{"count":0,"href":"https:\/\/diariodominicano.com\/index.php?rest_route=\/wp\/v2\/posts\/38193\/revisions"}],"wp:attachment":[{"href":"https:\/\/diariodominicano.com\/index.php?rest_route=%2Fwp%2Fv2%2Fmedia&parent=38193"}],"wp:term":[{"taxonomy":"category","embeddable":true,"href":"https:\/\/diariodominicano.com\/index.php?rest_route=%2Fwp%2Fv2%2Fcategories&post=38193"},{"taxonomy":"post_tag","embeddable":true,"href":"https:\/\/diariodominicano.com\/index.php?rest_route=%2Fwp%2Fv2%2Ftags&post=38193"}],"curies":[{"name":"wp","href":"https:\/\/api.w.org\/{rel}","templated":true}]}}