{"id":38182,"date":"2020-07-05T20:23:03","date_gmt":"2020-07-05T20:23:03","guid":{"rendered":"http:\/\/diariodominicano.ddns.net\/?p=38182"},"modified":"2020-07-05T20:23:03","modified_gmt":"2020-07-05T20:23:03","slug":"todo-ha-de-compartirse-en-funcion-del-bien-comun-y-repartirse-en-justicia","status":"publish","type":"post","link":"https:\/\/diariodominicano.com\/?p=38182","title":{"rendered":"&#13;\u00bbTodo ha de compartirse en funci\u00f3n del bien com\u00fan y repartirse en justicia\u00bb"},"content":{"rendered":"<p><body><\/p>\n<p>ALGO M\u00c1S QUE PALABRAS<\/p>\n<\/p>\n<p>CONFIANZA EN UNO MISMO<\/p>\n<\/p>\n<p>\u00abTodo ha de compartirse en funci\u00f3n del bien com\u00fan y repartirse en justicia\u00bb<\/p>\n<p>=============================<\/p>\n<p>V\u00edctor CORCOBA HERRERO\/ Escritor<\/p>\n<p>corcoba@telefonica.net<\/p>\n<p>=============================<\/p>\n<p>Partiendo de que la vida no es f\u00e1cil para nadie, nuestro desaf\u00edo generacional posiblemente radique en<\/p>\n<p>fortalecer esa confianza en uno mismo, al menos para encauzar entre todos los moradores ese esp\u00edritu colectivo y<\/p>\n<p>poder hacer frente a nuestras propias fragilidades. Se comenta que para combatir el cambio clim\u00e1tico y la pobreza<\/p>\n<p>necesitamos redise\u00f1ar el sistema financiero mundial, lo que no se dice es que el \u00fanico modo de afrontar estas miserias<\/p>\n<p>humanas, aquellas que nos lanzamos unos contra otras, provienen de la falta de cooperaci\u00f3n y trasparencia en nuestro<\/p>\n<p>diario existencial. Hay una desconfianza manifiesta que nos tritura cualquier rayo de esperanza. Por un lado hablamos<\/p>\n<p>de ofrecer un crecimiento inclusivo y sostenible para todo el mundo; y, sin embargo, no hacemos realidad el buen<\/p>\n<p>prop\u00f3sito, excluyendo de nuestro horizonte principios y valores tan b\u00e1sicos como la consideraci\u00f3n hacia todos desde<\/p>\n<p>ese fiel aliento cooperante, que ha de ser inherente con cada paso que ejecutemos. Tampoco podemos continuar<\/p>\n<p>vacilantes, hemos de tomar la decisi\u00f3n de ser para los dem\u00e1s, no el problema, sino parte de la respuesta. El uno para<\/p>\n<p>todos tiene que hacerse realidad cuanto antes. De continuar indecisos, las sociedades mirar\u00e1n para s\u00ed, y se levantar\u00e1n<\/p>\n<p>muros que acabar\u00e1n destruyendo cualquier horizonte de esperanza.<\/p>\n<p>Lo prioritario es ganar confianza en uno mismo y ver la grandeza que representa la unidad para todos<\/p>\n<p>nosotros. Un mundo global como el nuestro requiere del aliento solidario de su gente, m\u00e1xime en una \u00e9poca en que la<\/p>\n<p>ciudadan\u00eda est\u00e1 perdiendo la confianza en las instituciones pol\u00edticas y en aquellos liderazgos que, en lugar de<\/p>\n<p>armonizar, lo que hacen es enfrentarnos entre s\u00ed. Pensemos que cualquier crisis humanitaria para salir de ella, necesita<\/p>\n<p>del esfuerzo y del tes\u00f3n de sus individuos. Las divisiones siempre han sido un peligro para todo el mundo. Ante esta<\/p>\n<p>bochornosa realidad, no podemos continuar con los sistemas que dieron lugar a esta deshumanizaci\u00f3n y desgobierno<\/p>\n<p>reinante, hacen falta otros caminos m\u00e1s desprendidos de todo ego\u00edsmo, con otras gobernanzas m\u00e1s equitativas, que<\/p>\n<p>funcionen m\u00e1s all\u00e1 de la hipocres\u00eda del decir y no hacer. Est\u00e1 visto que nada puede llevarse a buen t\u00e9rmino sin<\/p>\n<p>entusiasmo conjunto. Por eso, a mi entender los nuevos dirigentes han de ser aglutinadores, destacando por su<\/p>\n<p>raciocinio humilde, de apertura y capacidad para dirigir ciertas rupturas con el pasado. La peor decisi\u00f3n es continuar<\/p>\n<p>sin hacer nada. O predicar sin poner en pr\u00e1ctica lo que uno dice.<\/p>\n<p>Quiz\u00e1s en este acontecer diario, tengamos que morir varias veces para despu\u00e9s rehacer nuevos espacios, que<\/p>\n<p>aunque en un principio, nos pueden atemorizar, nos sirven para renacer con un nuevo furor que nos haga escapar de<\/p>\n<p>esta deplorable crisis de valores, que comienza por una falta de sensibilidad y de injusticia racial y termina por la<\/p>\n<p>creciente epidemia de desigualdades que nos deja sin alma, o sea, sin vida en suma. Esta memoria hist\u00f3rica de dolor y<\/p>\n<p>de desprecios no se sana f\u00e1cilmente, hace falta superar las diversas mentalidades destructivas con nuestra propia<\/p>\n<p>raz\u00f3n de cohabitar y ser. No se puede dejar a nadie al margen. Es inhumano. Nos alienta recordar que, en medio de<\/p>\n<p>este hurac\u00e1n de contrariedades, todos tenemos que poner m\u00e1s de nuestra parte y no abandonarnos en la pasividad. La<\/p>\n<p>lecci\u00f3n del coronavirus puede ayudarnos a tomar esa confianza en uno mismo, que hemos de ejercitar como regla<\/p>\n<p>orientativa al ponernos en camino. Por otra parte, los gobiernos y los cient\u00edficos deben facilitar la informaci\u00f3n<\/p>\n<p>pertinente y preparar la infraestructura y respuestas necesarias, pero son las personas por s\u00ed mismas las que son<\/p>\n<p>responsables de reducir la posibilidad de infectarnos o propagar el COVID-19. Indudablemente, esa lucha social de<\/p>\n<p>uno mismo en favor de todos, lo que implica es un br\u00edo de comuni\u00f3n humana, una capacidad de hacer familia en<\/p>\n<p>definitiva.<\/p>\n<p>No hay lugar para la idea del endiosamiento individualista, desligado de la comunidad o de su territorio. En<\/p>\n<p>consecuencia, todo ha de compartirse en funci\u00f3n del bien com\u00fan y repartirse en justicia, con las responsabilidades de<\/p>\n<p>aportar a ese pasaje comunitario, no s\u00f3lo el mero inter\u00e9s, tambi\u00e9n relaciones fraternas, a trav\u00e9s de su manera de vivir<\/p>\n<p>y trabajar. De ah\u00ed, la necesidad de cuidar los valores culturales de todos los pueblos. La identidad no la podemos<\/p>\n<p>perder, contribuye a complementarnos en la diversidad, tampoco esta econom\u00eda de mercado globalizada puede<\/p>\n<p>continuar da\u00f1ando nuestras v\u00e9rtebras human\u00edsticas, con la obsesi\u00f3n de estilos de vida consumistas, que nos dejan sin<\/p>\n<p>tiempo para el disfrute y sin lenguaje para la autocr\u00edtica. Desde luego, no es de recibo mantener esta situaci\u00f3n que nos<\/p>\n<p>envenena y corroe, penetrando en todos los estamentos sociales. Se trata de un verdadero flagelo moral; y, como<\/p>\n<p>resultado tenemos una contienda de desconfianzas de todo que, a mi manera de ver, nos est\u00e1 impidiendo proseguir<\/p>\n<p>como especie pensante. Ya est\u00e1 bien de adoctrinamientos, amaine este temporal de vientos corruptos, y retornemos a<\/p>\n<p>las ra\u00edces virtuosas del compa\u00f1erismo, que es de donde viene la fuerza que nos har\u00e1 crecer, florecer y fructificar. En<\/p>\n<p>cualquier caso, uno tiene que dejar de estar preso de uno mismo, pues vivir entre rejas es el mayor suplicio. Anide el<\/p>\n<p>vuelo de los so\u00f1adores. No cortemos alas. Otro mundo es posible; \u00a1que renazca! Jam\u00e1s es tarde para auxiliar lo que<\/p>\n<p>todav\u00eda vive.<\/p>\n<\/p>\n<p>V\u00edctor CORCOBA HERRERO \/ Escritor<\/p>\n<p>corcoba@telefonica.net<\/p>\n<p>5 de julio de 2020<\/p>\n<h6> 2020-07-05 20:23:03 <\/h6>\n<p><!--\n<link rel=\"stylesheet\" href=\"css\/bootstrap.min.css\">\n\n\n<ul class=\"pagination\">\n\t    \n\t\n\n<li >\n\t<a href='?page_no=161'>Previous<\/a>\n\t<\/li>\n\n\n       \n    \n\n<li><a href='?page_no=1'>1<\/a><\/li>\n\n\n\n<li><a href='?page_no=2'>2<\/a><\/li>\n\n\n\n<li><a>...<\/a><\/li>\n\n\n\n<li><a href='?page_no=160'>160<\/a><\/li>\n\n\n\n<li><a href='?page_no=161'>161<\/a><\/li>\n\n\n\n<li class='active'><a>162<\/a><\/li>\n\n\n\n<li><a href='?page_no=163'>163<\/a><\/li>\n\n\n\n<li><a href='?page_no=164'>164<\/a><\/li>\n\n\n\n<li><a>...<\/a><\/li>\n\n\n\n<li><a href='?page_no=13611'>13611<\/a><\/li>\n\n\n\n<li><a href='?page_no=13612'>13612<\/a><\/li>\n\n    \n\t\n\n<li >\n\t<a href='?page_no=163'>Next<\/a>\n\t<\/li>\n\n\n    \n\n<li><a href='?page_no=13612'>Last &rsaquo;&rsaquo;<\/a><\/li>\n\n<\/ul>\n\n\n--><br \/>\n<\/body><\/p>\n","protected":false},"excerpt":{"rendered":"<p>ALGO M\u00c1S QUE PALABRAS CONFIANZA EN UNO MISMO \u00abTodo ha de compartirse en funci\u00f3n del bien com\u00fan y repartirse en justicia\u00bb ============================= V\u00edctor CORCOBA HERRERO\/ Escritor corcoba@telefonica.net ============================= Partiendo de que la vida no es f\u00e1cil para nadie, nuestro desaf\u00edo generacional posiblemente radique en fortalecer esa confianza en uno mismo, al menos para encauzar entre [&hellip;]<\/p>\n","protected":false},"author":3,"featured_media":0,"comment_status":"open","ping_status":"open","sticky":false,"template":"","format":"standard","meta":{"footnotes":""},"categories":[16],"tags":[],"class_list":["post-38182","post","type-post","status-publish","format-standard","hentry","category-opiniones"],"_links":{"self":[{"href":"https:\/\/diariodominicano.com\/index.php?rest_route=\/wp\/v2\/posts\/38182","targetHints":{"allow":["GET"]}}],"collection":[{"href":"https:\/\/diariodominicano.com\/index.php?rest_route=\/wp\/v2\/posts"}],"about":[{"href":"https:\/\/diariodominicano.com\/index.php?rest_route=\/wp\/v2\/types\/post"}],"author":[{"embeddable":true,"href":"https:\/\/diariodominicano.com\/index.php?rest_route=\/wp\/v2\/users\/3"}],"replies":[{"embeddable":true,"href":"https:\/\/diariodominicano.com\/index.php?rest_route=%2Fwp%2Fv2%2Fcomments&post=38182"}],"version-history":[{"count":0,"href":"https:\/\/diariodominicano.com\/index.php?rest_route=\/wp\/v2\/posts\/38182\/revisions"}],"wp:attachment":[{"href":"https:\/\/diariodominicano.com\/index.php?rest_route=%2Fwp%2Fv2%2Fmedia&parent=38182"}],"wp:term":[{"taxonomy":"category","embeddable":true,"href":"https:\/\/diariodominicano.com\/index.php?rest_route=%2Fwp%2Fv2%2Fcategories&post=38182"},{"taxonomy":"post_tag","embeddable":true,"href":"https:\/\/diariodominicano.com\/index.php?rest_route=%2Fwp%2Fv2%2Ftags&post=38182"}],"curies":[{"name":"wp","href":"https:\/\/api.w.org\/{rel}","templated":true}]}}