{"id":381735,"date":"2022-09-08T00:21:40","date_gmt":"2022-09-08T04:21:40","guid":{"rendered":"http:\/\/diariodominicano.com\/?p=381735"},"modified":"2022-09-08T00:30:58","modified_gmt":"2022-09-08T04:30:58","slug":"gregorio-luperon-anima-a-los-restauradores-se-organizan-para-intensificar-ataque-contra-el-ejercito-espanol","status":"publish","type":"post","link":"https:\/\/diariodominicano.com\/?p=381735","title":{"rendered":"Gregorio Luper\u00f3n anima a los restauradores. Se organizan para intensificar ataque contra el Ej\u00e9rcito espa\u00f1ol"},"content":{"rendered":"\n<p>Por H\u00e9ctor Tineo Nolasco<\/p>\n\n\n\n<p>Diariodominicano.com<\/p>\n\n\n\n<p>SANTIAGO DE LOS CABALLEROS, el 8 de septiembre de 1863, durante la Guerra de la Restauraci\u00f3n, las tropas dominicanas se abastecieron con municiones que llegaron procedentes de La Vega y Moca, lo que les permiti\u00f3 intensificar el sitio a los espa\u00f1oles que estaban concentrados en la Fortaleza San Luis, en la ciudad Santiago.<\/p>\n\n\n\n<p>&nbsp;&nbsp;&nbsp; El informe militar indica que los restauradores hostigaron a los espa\u00f1oles con fuego de artiller\u00eda al extremo de impedir que salieran de la fortaleza ni siquiera a buscar agua&nbsp; en el r\u00edo Yaque del Norte, que le quedaba muy cerca.<\/p>\n\n\n\n<p>&nbsp;&nbsp; La versi\u00f3n precisa que en varias ocasiones el general Juan Suero trat\u00f3 de abrirse camino entre las tropas restauradoras, pero en cada una de sus escaramuzas fue obligado a replegarse.<\/p>\n\n\n\n<p>El d\u00eda&nbsp; anterior, 7 de septiembre de 1863,&nbsp; el General Gregorio Luper\u00f3n concentr\u00f3 a un grupo de restauradores y&nbsp; les ley\u00f3 cartas de adhesiones al movimiento restaurador de varios pueblos del Sur y del Este, lo que provoc\u00f3 una gran algarab\u00eda entre las tropas restauradoras, que tocaron cornetas y tambores para atraer a los que se hab\u00edan replegados, elev\u00e1ndose de nuevo la moral de los criollos.<\/p>\n\n\n\n<p>&nbsp;&nbsp;&nbsp; De su lado los&nbsp; espa\u00f1oles al o\u00edr la manifestaci\u00f3n, prepararon&nbsp; r\u00e1pidamente las posiciones defensivas, porque creyeron que se trataba de un nuevo asalto, pero no sucedi\u00f3 lo que tem\u00edan.<\/p>\n\n\n\n<p><strong>&nbsp;&nbsp;&nbsp; En el \u00abManual de Historia Militar Dominicana\u00bb, se anota que el mismo d\u00eda 7 de septiembre sali\u00f3 de Puerto Plata, el Brigadier Espa\u00f1ol, Primo Rivera al mando de dos mil hombres que reforzar\u00edan a los espa\u00f1oles que defend\u00edan en Santiago, el r\u00e9gimen de la Anexi\u00f3n.<\/strong><\/p>\n","protected":false},"excerpt":{"rendered":"<p>Por H\u00e9ctor Tineo Nolasco Diariodominicano.com SANTIAGO DE LOS CABALLEROS, el 8 de septiembre de 1863, durante la Guerra de la Restauraci\u00f3n, las tropas dominicanas se abastecieron con municiones que llegaron procedentes de La Vega y Moca, lo que les permiti\u00f3 intensificar el sitio a los espa\u00f1oles que estaban concentrados en la Fortaleza San Luis, en [&hellip;]<\/p>\n","protected":false},"author":28,"featured_media":277559,"comment_status":"closed","ping_status":"","sticky":true,"template":"","format":"standard","meta":{"footnotes":""},"categories":[26,27],"tags":[],"class_list":["post-381735","post","type-post","status-publish","format-standard","has-post-thumbnail","hentry","category-efemerides","category-portada"],"_links":{"self":[{"href":"https:\/\/diariodominicano.com\/index.php?rest_route=\/wp\/v2\/posts\/381735","targetHints":{"allow":["GET"]}}],"collection":[{"href":"https:\/\/diariodominicano.com\/index.php?rest_route=\/wp\/v2\/posts"}],"about":[{"href":"https:\/\/diariodominicano.com\/index.php?rest_route=\/wp\/v2\/types\/post"}],"author":[{"embeddable":true,"href":"https:\/\/diariodominicano.com\/index.php?rest_route=\/wp\/v2\/users\/28"}],"replies":[{"embeddable":true,"href":"https:\/\/diariodominicano.com\/index.php?rest_route=%2Fwp%2Fv2%2Fcomments&post=381735"}],"version-history":[{"count":2,"href":"https:\/\/diariodominicano.com\/index.php?rest_route=\/wp\/v2\/posts\/381735\/revisions"}],"predecessor-version":[{"id":381739,"href":"https:\/\/diariodominicano.com\/index.php?rest_route=\/wp\/v2\/posts\/381735\/revisions\/381739"}],"wp:featuredmedia":[{"embeddable":true,"href":"https:\/\/diariodominicano.com\/index.php?rest_route=\/wp\/v2\/media\/277559"}],"wp:attachment":[{"href":"https:\/\/diariodominicano.com\/index.php?rest_route=%2Fwp%2Fv2%2Fmedia&parent=381735"}],"wp:term":[{"taxonomy":"category","embeddable":true,"href":"https:\/\/diariodominicano.com\/index.php?rest_route=%2Fwp%2Fv2%2Fcategories&post=381735"},{"taxonomy":"post_tag","embeddable":true,"href":"https:\/\/diariodominicano.com\/index.php?rest_route=%2Fwp%2Fv2%2Ftags&post=381735"}],"curies":[{"name":"wp","href":"https:\/\/api.w.org\/{rel}","templated":true}]}}