{"id":38171,"date":"2020-07-07T01:58:55","date_gmt":"2020-07-07T01:58:55","guid":{"rendered":"http:\/\/diariodominicano.ddns.net\/?p=38171"},"modified":"2020-07-07T01:58:55","modified_gmt":"2020-07-07T01:58:55","slug":"la-nueva-marcha","status":"publish","type":"post","link":"https:\/\/diariodominicano.com\/?p=38171","title":{"rendered":"La nueva marcha&#13;"},"content":{"rendered":"<p><body><\/p>\n<p>A Pleno Sol<\/p>\n<\/p>\n<p>La nueva marcha<\/p>\n<\/p>\n<p>Por Manuel Hern\u00e1ndez Villeta<\/p>\n<\/p>\n<\/p>\n<p>El proletario se qued\u00f3 dormido, y la clase media acudi\u00f3 a votar. Se rompi\u00f3 el par\u00e1metro tradicional. Antes, los barrios  se volcaban a las urnas, mientras que los representantes de la clase media se iban a los balnearios  a vacacionar.<\/p>\n<\/p>\n<p>Luis Abinader conto con la posici\u00f3n militante de esos primeros votantes de los sectores pudientes, y los j\u00f3venes que se manejan  en redes sociales. Los hijos de machepa se fueron a los supermercados a comprar con la tarjeta solidaridad.<\/p>\n<\/p>\n<p>Esto significa un cambio importante dentro de la estructura pol\u00edtica dominicana. Los nuevos votantes y los j\u00f3venes, los menores de 35 a\u00f1os, toman el control.  Se sale de los pol\u00edticos profesionales para ir al sost\u00e9n de los tecn\u00f3cratas, y los empresarios de la nueva generaci\u00f3n.<\/p>\n<\/p>\n<p>El principal cambio es que una nueva estructura entra al redondel con caras frescas. No triunfaron los viejos robles, sino los popis, los tradicionalmente indiferentes, que ahora se les ocurri\u00f3 ir a votar.<\/p>\n<\/p>\n<p>En medio del corona-virus Abinader se levant\u00f3 sobre el 50 por ciento m\u00e1s un voto y gano. Pero se desplomaron Gonzalo y Leonel. El Partido de la Liberaci\u00f3n Dominicana entra ahora en terreno movedizo y es inevitable que se produzca una gran purna interna. Tienen sus dirigentes que prepararse para el reflujo.<\/p>\n<\/p>\n<p>Abinader gano con su discurso y sus planteamientos sobre lo que cree debe ser el futuro dominicano. Ahora nadie le puede fijar posiciones. Hay que darle los cien d\u00edas, para que comience a desarrollar su programa de gobierno.<\/p>\n<\/p>\n<p>Ahora, desde este momento debe comenzar a trabajar por las prioridades de su futuro gobierno: El coronavirus y el desempleo. Abinader va a encontrar en un pa\u00eds en medio de la pandemia. Se espera que en este mes se comiencen a reportar los afectados por la socializaci\u00f3n de la campa\u00f1a electoral.<\/p>\n<\/p>\n<p>Hay que redoblar los programas sanitarios, y lo ideal es que desde este momentos Abinader designe una comisi\u00f3n de salud, encabeza por el que ser\u00eda su eventual ministro sanitario, para que comience a trabajar conjuntamente con el gobierno para hacer frente a esta crisis sanitaria.<\/p>\n<\/p>\n<p>Y luego est\u00e1 el terremoto econ\u00f3mico, pero fundamentalmente un mill\u00f3n de desempleados. Hay que iniciar un programa de pleno empleo para que esas personas desocupadas por los cierres de la pandemia, encuentran donde ganarse su comida diaria. Hay que tener desde ahora un programa para enfrentar las dos principales crisis del pa\u00eds: el desempleo y la pandemia. \u00a1Ay!, se me acabo la tinta.<\/p>\n<\/p>\n<h6> 2020-07-07 01:58:55 <\/h6>\n<p><!--\n<link rel=\"stylesheet\" href=\"css\/bootstrap.min.css\">\n\n\n<ul class=\"pagination\">\n\t    \n\t\n\n<li >\n\t<a href='?page_no=160'>Previous<\/a>\n\t<\/li>\n\n\n       \n    \n\n<li><a href='?page_no=1'>1<\/a><\/li>\n\n\n\n<li><a href='?page_no=2'>2<\/a><\/li>\n\n\n\n<li><a>...<\/a><\/li>\n\n\n\n<li><a href='?page_no=159'>159<\/a><\/li>\n\n\n\n<li><a href='?page_no=160'>160<\/a><\/li>\n\n\n\n<li class='active'><a>161<\/a><\/li>\n\n\n\n<li><a href='?page_no=162'>162<\/a><\/li>\n\n\n\n<li><a href='?page_no=163'>163<\/a><\/li>\n\n\n\n<li><a>...<\/a><\/li>\n\n\n\n<li><a href='?page_no=13611'>13611<\/a><\/li>\n\n\n\n<li><a href='?page_no=13612'>13612<\/a><\/li>\n\n    \n\t\n\n<li >\n\t<a href='?page_no=162'>Next<\/a>\n\t<\/li>\n\n\n    \n\n<li><a href='?page_no=13612'>Last &rsaquo;&rsaquo;<\/a><\/li>\n\n<\/ul>\n\n\n--><br \/>\n<\/body><\/p>\n","protected":false},"excerpt":{"rendered":"<p>A Pleno Sol La nueva marcha Por Manuel Hern\u00e1ndez Villeta El proletario se qued\u00f3 dormido, y la clase media acudi\u00f3 a votar. Se rompi\u00f3 el par\u00e1metro tradicional. Antes, los barrios se volcaban a las urnas, mientras que los representantes de la clase media se iban a los balnearios a vacacionar. Luis Abinader conto con la [&hellip;]<\/p>\n","protected":false},"author":3,"featured_media":0,"comment_status":"open","ping_status":"open","sticky":false,"template":"","format":"standard","meta":{"footnotes":""},"categories":[16],"tags":[],"class_list":["post-38171","post","type-post","status-publish","format-standard","hentry","category-opiniones"],"_links":{"self":[{"href":"https:\/\/diariodominicano.com\/index.php?rest_route=\/wp\/v2\/posts\/38171","targetHints":{"allow":["GET"]}}],"collection":[{"href":"https:\/\/diariodominicano.com\/index.php?rest_route=\/wp\/v2\/posts"}],"about":[{"href":"https:\/\/diariodominicano.com\/index.php?rest_route=\/wp\/v2\/types\/post"}],"author":[{"embeddable":true,"href":"https:\/\/diariodominicano.com\/index.php?rest_route=\/wp\/v2\/users\/3"}],"replies":[{"embeddable":true,"href":"https:\/\/diariodominicano.com\/index.php?rest_route=%2Fwp%2Fv2%2Fcomments&post=38171"}],"version-history":[{"count":0,"href":"https:\/\/diariodominicano.com\/index.php?rest_route=\/wp\/v2\/posts\/38171\/revisions"}],"wp:attachment":[{"href":"https:\/\/diariodominicano.com\/index.php?rest_route=%2Fwp%2Fv2%2Fmedia&parent=38171"}],"wp:term":[{"taxonomy":"category","embeddable":true,"href":"https:\/\/diariodominicano.com\/index.php?rest_route=%2Fwp%2Fv2%2Fcategories&post=38171"},{"taxonomy":"post_tag","embeddable":true,"href":"https:\/\/diariodominicano.com\/index.php?rest_route=%2Fwp%2Fv2%2Ftags&post=38171"}],"curies":[{"name":"wp","href":"https:\/\/api.w.org\/{rel}","templated":true}]}}