{"id":381291,"date":"2022-09-06T21:22:56","date_gmt":"2022-09-07T01:22:56","guid":{"rendered":"http:\/\/diariodominicano.com\/?p=381291"},"modified":"2022-09-06T21:31:08","modified_gmt":"2022-09-07T01:31:08","slug":"fuerzas-armadas-conmemoran-159-aniversario-de-la-batalla-de-santiago","status":"publish","type":"post","link":"https:\/\/diariodominicano.com\/?p=381291","title":{"rendered":"Fuerzas Armadas conmemoran 159 Aniversario de la Batalla de Santiago"},"content":{"rendered":"\n<figure class=\"wp-block-image size-full\"><img loading=\"lazy\" decoding=\"async\" width=\"536\" height=\"753\" src=\"https:\/\/diariodominicano.com\/wp-content\/uploads\/2022\/09\/WhatsApp-Image-2022-09-06-at-6.19.45-PM.jpeg\" alt=\"\" class=\"wp-image-381295\" srcset=\"https:\/\/diariodominicano.com\/wp-content\/uploads\/2022\/09\/WhatsApp-Image-2022-09-06-at-6.19.45-PM.jpeg 536w, https:\/\/diariodominicano.com\/wp-content\/uploads\/2022\/09\/WhatsApp-Image-2022-09-06-at-6.19.45-PM-214x300.jpeg 214w\" sizes=\"auto, (max-width: 536px) 100vw, 536px\" \/><figcaption> Coronel S\u00f3crates Suazo Ruiz, director de Historia Militar del MIDE.&nbsp; <\/figcaption><\/figure>\n\n\n\n<p><strong>SANTIAGO DE LOS CABALLEROS.-<\/strong>El Ministerio de Defensa (MIDE), se uni\u00f3 a la conmoraci\u00f3n del 159 aniversario de la Batalla de Santiago, con la que autoridades civiles y militares rindieron tributo a los h\u00e9roes de esa epopeya, ocurrida el 6 de septiembre de 1863.<\/p>\n\n\n\n<p>La haza\u00f1a, que tuvo como antecedente el Grito de Capotillo, se suma a otras tantas que identifican a Santiago de los Caballeros como el escenario de condici\u00f3n especial, \u00edntimamente ligado a los hechos que lo convirti\u00f3 en la capital pol\u00edtica y militar, desde el 14 de septiembre de 1863 al 1865.<\/p>\n\n\n\n<p>\u201cLos soldados dominicanos de las Fuerzas Armadas de hoy, rinden tributo a los h\u00e9roes de la heroica batalla de Santiago que se inici\u00f3 el 6 de septiembre de 1863 y culmin\u00f3 una semana despu\u00e9s, con la conformaci\u00f3n de un gobierno provisional presidido por el General de Divisi\u00f3n Jos\u00e9 Antonio Salcedo (Pepillo) y con la retirada de las tropas espa\u00f1olas hacia Puerto Plata, que ocuparon el pa\u00eds a ra\u00edz de proclamada la anexi\u00f3n, el 18 de marzo de 1861\u201d, afirm\u00f3 el Coronel S\u00f3crates Suazo Ruiz, director de Historia Militar del MIDE.&nbsp;<\/p>\n\n\n\n<figure class=\"wp-block-image size-full\"><img loading=\"lazy\" decoding=\"async\" width=\"1024\" height=\"576\" src=\"https:\/\/diariodominicano.com\/wp-content\/uploads\/2022\/09\/WhatsApp-Image-2022-09-06-at-6.18.19-PM.jpeg\" alt=\"\" class=\"wp-image-381297\" srcset=\"https:\/\/diariodominicano.com\/wp-content\/uploads\/2022\/09\/WhatsApp-Image-2022-09-06-at-6.18.19-PM.jpeg 1024w, https:\/\/diariodominicano.com\/wp-content\/uploads\/2022\/09\/WhatsApp-Image-2022-09-06-at-6.18.19-PM-300x169.jpeg 300w, https:\/\/diariodominicano.com\/wp-content\/uploads\/2022\/09\/WhatsApp-Image-2022-09-06-at-6.18.19-PM-768x432.jpeg 768w, https:\/\/diariodominicano.com\/wp-content\/uploads\/2022\/09\/WhatsApp-Image-2022-09-06-at-6.18.19-PM-816x459.jpeg 816w\" sizes=\"auto, (max-width: 1024px) 100vw, 1024px\" \/><figcaption>Juan Pablo Uribe<\/figcaption><\/figure>\n\n\n\n<p>La actividad, tuvo el respaldo del Presidente de la Comisi\u00f3n Nacional de Efem\u00e9rides Patrias (CPEP), Juan Pablo Uribe; &nbsp;la gobernadora provincial de Santiago, Rosa Santos, y estudiantes de distintos centros educativos. Se inici\u00f3 con el izamiento de la Bandera Nacional en un acto realizado en la parte frontal de la Fortaleza San Luis.<\/p>\n\n\n\n<p>Tambi\u00e9n se rindieron los honores militares de estilo, al General de Divisi\u00f3n \u201cGaspar Polanco Borb\u00f3n\u201d, presidente de la Rep\u00fablica Dominicana en el per\u00edodo 1864-1865, consistente en Toque de Atenci\u00f3n Ordinaria.<\/p>\n\n\n\n<p>Prensa Mide<a rel=\"noreferrer noopener\" target=\"_blank\" href=\"mailto:prensaj5mide@gmail.com\">prensaj5mide@gmail.com<\/a><\/p>\n\n\n\n<figure class=\"wp-block-embed is-type-wp-embed is-provider-diario-dominicano wp-block-embed-diario-dominicano\"><div class=\"wp-block-embed__wrapper\">\n<blockquote class=\"wp-embedded-content\" data-secret=\"Zyt7ug6PyG\"><a href=\"https:\/\/diariodominicano.com\/?p=381149\">Las fuerzas de Espa\u00f1a entran a Santiago. El general restaurador Gregorio de Lora muere en batalla en la Fortaleza San Luis<\/a><\/blockquote><iframe loading=\"lazy\" class=\"wp-embedded-content\" sandbox=\"allow-scripts\" security=\"restricted\" style=\"position: absolute; visibility: hidden;\" title=\"\u00abLas fuerzas de Espa\u00f1a entran a Santiago. El general restaurador Gregorio de Lora muere en batalla en la Fortaleza San Luis\u00bb \u2014 Diario Dominicano\" src=\"https:\/\/diariodominicano.com\/?p=381149&#038;embed=true#?secret=Hr3L6Wrh2V#?secret=Zyt7ug6PyG\" data-secret=\"Zyt7ug6PyG\" width=\"600\" height=\"338\" frameborder=\"0\" marginwidth=\"0\" marginheight=\"0\" scrolling=\"no\"><\/iframe>\n<\/div><\/figure>\n","protected":false},"excerpt":{"rendered":"<p>SANTIAGO DE LOS CABALLEROS.-El Ministerio de Defensa (MIDE), se uni\u00f3 a la conmoraci\u00f3n del 159 aniversario de la Batalla de Santiago, con la que autoridades civiles y militares rindieron tributo a los h\u00e9roes de esa epopeya, ocurrida el 6 de septiembre de 1863. La haza\u00f1a, que tuvo como antecedente el Grito de Capotillo, se suma [&hellip;]<\/p>\n","protected":false},"author":28,"featured_media":381294,"comment_status":"closed","ping_status":"","sticky":true,"template":"","format":"standard","meta":{"footnotes":""},"categories":[26,27],"tags":[],"class_list":["post-381291","post","type-post","status-publish","format-standard","has-post-thumbnail","hentry","category-efemerides","category-portada"],"_links":{"self":[{"href":"https:\/\/diariodominicano.com\/index.php?rest_route=\/wp\/v2\/posts\/381291","targetHints":{"allow":["GET"]}}],"collection":[{"href":"https:\/\/diariodominicano.com\/index.php?rest_route=\/wp\/v2\/posts"}],"about":[{"href":"https:\/\/diariodominicano.com\/index.php?rest_route=\/wp\/v2\/types\/post"}],"author":[{"embeddable":true,"href":"https:\/\/diariodominicano.com\/index.php?rest_route=\/wp\/v2\/users\/28"}],"replies":[{"embeddable":true,"href":"https:\/\/diariodominicano.com\/index.php?rest_route=%2Fwp%2Fv2%2Fcomments&post=381291"}],"version-history":[{"count":5,"href":"https:\/\/diariodominicano.com\/index.php?rest_route=\/wp\/v2\/posts\/381291\/revisions"}],"predecessor-version":[{"id":381300,"href":"https:\/\/diariodominicano.com\/index.php?rest_route=\/wp\/v2\/posts\/381291\/revisions\/381300"}],"wp:featuredmedia":[{"embeddable":true,"href":"https:\/\/diariodominicano.com\/index.php?rest_route=\/wp\/v2\/media\/381294"}],"wp:attachment":[{"href":"https:\/\/diariodominicano.com\/index.php?rest_route=%2Fwp%2Fv2%2Fmedia&parent=381291"}],"wp:term":[{"taxonomy":"category","embeddable":true,"href":"https:\/\/diariodominicano.com\/index.php?rest_route=%2Fwp%2Fv2%2Fcategories&post=381291"},{"taxonomy":"post_tag","embeddable":true,"href":"https:\/\/diariodominicano.com\/index.php?rest_route=%2Fwp%2Fv2%2Ftags&post=381291"}],"curies":[{"name":"wp","href":"https:\/\/api.w.org\/{rel}","templated":true}]}}