{"id":38126,"date":"2020-07-08T16:35:42","date_gmt":"2020-07-08T16:35:42","guid":{"rendered":"http:\/\/diariodominicano.ddns.net\/?p=38126"},"modified":"2020-07-08T16:35:42","modified_gmt":"2020-07-08T16:35:42","slug":"me-duelen-los-abandonados-de-mi-patria","status":"publish","type":"post","link":"https:\/\/diariodominicano.com\/?p=38126","title":{"rendered":"ME DUELEN LOS ABANDONADOS DE MI PATRIA"},"content":{"rendered":"<p><body><\/p>\n<p><strong>Diariodominicano.com<\/strong><\/p>\n<p><strong>ALGO M\u00c1S QUE PALABRAS<\/strong><\/p>\n<p><strong>ME DUELEN LOS ABANDONADOS DE MI PATRIA<\/strong><\/p>\n<p><strong>\u00abLos \u00edndices de desigualdad son terriblemente altos\u00bb <\/strong><\/p>\n<p><strong>=============================<\/strong><\/p>\n<p><strong>V\u00edctor CORCOBA HERRERO\/ Escritor<\/strong><\/p>\n<p><strong>corcoba@telefonica.net\t<\/strong><\/p>\n<p>============================= <\/p>\n<p>\tEl coraz\u00f3n del ser humano ha perdido pulso; y, apenas sentimos por nada ni por nadie, se ha endurecido como una roca, y solo nos movemos para darnos pedradas unos a otros. Deshumanizados como jam\u00e1s todo se derrumba, muy poco se sostiene y se sustenta. El mismo aire de rencor, que respiramos por doquier, es una deshumanizaci\u00f3n total y una p\u00e9rdida de conciencia a la vez, nuestra br\u00fajula orientativa ha dejado de ser el mejor cuadrante moral que poseemos. Justamente, hemos de reconocer que andamos ciegos, disipamos lo conseguido hasta ahora, y hasta el buen ser del alma se pone en entredicho, siendo nuestro mayor tesoro. Convertidos en pedestales, dominados por la furia del dinero, tambi\u00e9n hemos perdido los sentimientos. No obviemos, que todo pasa factura, tambi\u00e9n el infortunio, el aislamiento, el abandono y la exclusi\u00f3n son campos de acci\u00f3n que tienen su reacci\u00f3n y, al fin, sus m\u00e1rtires y  sus h\u00e9roes. Arranquemos las espinas, pero ayud\u00e9monos todos a sobrellevar el calvario, y el linaje saldr\u00e1 fortalecido.<\/p>\n<p>Sin embargo, el empe\u00f1o de los dominadores es bien claro, adormecernos y luego abandonarnos a nuestra suerte. Lo indecente y corrupto es lo que prolifera en este injusto mundo, desbordado por las maldades y retenido por la indiferencia de sus actuales moradores. Atrofiado nuestro interior, lo esencial se torna invisible a nuestros ojos, y no vemos o no queremos ver, la triste situaci\u00f3n que nos circunda. Las torpezas reinantes confieso que me producen indigesti\u00f3n. Resulta que ahora, una mentalidad burocr\u00e1tica permite a las autoridades espa\u00f1olas eludir su responsabilidad en la erradicaci\u00f3n de la pobreza y valora m\u00e1s el formalismo que el bienestar de las personas, acaba de asegurarlo un experto de la ONU en derechos humanos. Tambi\u00e9n se ha mundializado la percepci\u00f3n de una distribuci\u00f3n injusta de la riqueza. Desde luego, si cultiv\u00e1semos m\u00e1s el coraz\u00f3n, nadie se sentir\u00eda abandonado y la fuente de la vida, tendr\u00eda otros aromas m\u00e1s esperanzadores y vivificantes para toda la especie.<\/p>\n<p>Realmente, el esp\u00edritu inclusivo comienza por uno mismo. Los abandonados llaman a nuestra puerta cada d\u00eda, y nos piden otras actitudes m\u00e1s justas, que nos armonicen. Ya est\u00e1 bien de sentirnos dejados por las manos de nuestros semejantes. As\u00ed no podemos avanzar. \u00danicamente la autonom\u00eda que se somete a lo aut\u00e9ntico conduce a la persona humana a su verdadero bien. No lo olvidemos. Por tanto, el escenario de los conflictos armados, el desigual reparto de recursos, la discriminaci\u00f3n de g\u00e9nero, lo que nos indican es un c\u00famulo de maldades, un desinter\u00e9s del propio individuo por sus similares, comenzando por los gobernantes, que no suelen llevar a buen t\u00e9rmino aquello que predican a todos los vientos, al menos para ganar votos. \u00a1Cu\u00e1ntas falsedades vertidas! Ciertamente, vamos inmersos en la continua paradoja de la necedad. Mientras en una parte del mundo, aquellos que diariamente multiplican sus deseos, derrochan millones de toneladas de alimentos, en otra parte sufren hambre. Son, precisamente, estas contrariedades las que nos ahogan nuestras propias entra\u00f1as, dej\u00e1ndonos sin sensibilidad alguna para entenderlo y hablarlo. <\/p>\n<p>Sea como fuere, tenemos que volver al universal lenguaje del \u00e1nimo, si en verdad queremos sentirnos comunidad, ser familia, vivir enraizados a un tronco humanista. Pensemos en esas ense\u00f1anzas que son las que nos dejan huella, y que no son las que se hacen moviendo intereses, adiestrando mentes, sino aquellas que se cultivan coraz\u00f3n a coraz\u00f3n. Est\u00e1 visto que solos no somos nada. Esto, indudablemente, requiere de otro cultivo interior, quiz\u00e1s menos ego\u00edsta, pero cuando los alarmantes niveles de abandono escolar temprano son tan ver\u00eddicos, dif\u00edcilmente las generaciones venideras van a poder discernir. Vi\u00e9ndome por los rincones de la patria m\u00eda, confieso que me entristece, lo que acaba de indicar el experto de Naciones Unidas, ante todo porque es cierto y lo ver\u00eddico es lo que es, y continua siendo verdad aunque se diga de otro modo, o se esparza de otra manera: \u00ablos poderes p\u00fablicos han fallado mayoritariamente a las personas que viven en la pobreza\u00bb.<\/p>\n<p>Cu\u00e1nta dejadez y tomadura de pelo. Resulta m\u00e1s que evidente que los derechos sociales y econ\u00f3micos rara vez se toman en serio, aunque la clase pol\u00edtica los injerten continuamente en sus planes de gobierno y los nombren frecuentemente en los discursos. Ciertamente la red de protecci\u00f3n social de Espa\u00f1a ya era completamente inadecuada antes del COVID-19, pero desde entonces la pandemia ha puesto en evidencia tantos enga\u00f1os y falsedades, que nos estamos quedando como verdaderos gansos del simplismo callejero. Ah\u00ed est\u00e1 en el abandono de nuestros mayores, la falta de humanidad; en el abandono de nuestra juventud con una tasa de desempleo que representa m\u00e1s del doble del promedio de la Uni\u00f3n Europea, la carencia de que los j\u00f3venes puedan sentirse \u00fatiles y realizados; en el abandono de nuestros ni\u00f1os, muchos de ellos sin hogar alguno, la falta de ternura hacia los que son la expectativa del mundo; en suma, el maldito abandono nos est\u00e1 atormentando, pero hacemos bien poco por liberar a las gentes de su miseria. <\/p>\n<p>Perm\u00edtame el lector que haya soltado este r\u00edo de l\u00e1grimas, pero me duelen los abandonados de mi patria, ya que muchas personas tienen un puesto mal remunerado, a tiempo parcial o temporal y perciben un sueldo insuficiente a todas luces para atender sus necesidades b\u00e1sicas. Con raz\u00f3n los \u00edndices de desigualdad son terriblemente altos y los correspondientes indicadores se sit\u00faan muy por encima del promedio de la Uni\u00f3n Europea. Por eso, es menester que volvamos todos a cumplir con nuestros deberes. Necesitamos acogernos y recogernos laboriosos, encontrarnos y reencontrarnos  activos, querernos y amarnos sobre todo lo dem\u00e1s. Est\u00e1 bien el pan de cada d\u00eda, pero el amor es el que nos entusiasma a vivir  y nos enloquece a luchar. <\/p>\n<p>V\u00edctor CORCOBA HERRERO \/ Escritor<\/p>\n<p>corcoba@telefonica.net<\/p>\n<p>8 de julio de 2020<\/p>\n<h6> 2020-07-08 16:35:42 <\/h6>\n<p><!--\n<link rel=\"stylesheet\" href=\"css\/bootstrap.min.css\">\n\n\n<ul class=\"pagination\">\n\t    \n\t\n\n<li >\n\t<a href='?page_no=156'>Previous<\/a>\n\t<\/li>\n\n\n       \n    \n\n<li><a href='?page_no=1'>1<\/a><\/li>\n\n\n\n<li><a href='?page_no=2'>2<\/a><\/li>\n\n\n\n<li><a>...<\/a><\/li>\n\n\n\n<li><a href='?page_no=155'>155<\/a><\/li>\n\n\n\n<li><a href='?page_no=156'>156<\/a><\/li>\n\n\n\n<li class='active'><a>157<\/a><\/li>\n\n\n\n<li><a href='?page_no=158'>158<\/a><\/li>\n\n\n\n<li><a href='?page_no=159'>159<\/a><\/li>\n\n\n\n<li><a>...<\/a><\/li>\n\n\n\n<li><a href='?page_no=13611'>13611<\/a><\/li>\n\n\n\n<li><a href='?page_no=13612'>13612<\/a><\/li>\n\n    \n\t\n\n<li >\n\t<a href='?page_no=158'>Next<\/a>\n\t<\/li>\n\n\n    \n\n<li><a href='?page_no=13612'>Last &rsaquo;&rsaquo;<\/a><\/li>\n\n<\/ul>\n\n\n--><br \/>\n<\/body><\/p>\n","protected":false},"excerpt":{"rendered":"<p>Diariodominicano.com ALGO M\u00c1S QUE PALABRAS ME DUELEN LOS ABANDONADOS DE MI PATRIA \u00abLos \u00edndices de desigualdad son terriblemente altos\u00bb ============================= V\u00edctor CORCOBA HERRERO\/ Escritor corcoba@telefonica.net ============================= El coraz\u00f3n del ser humano ha perdido pulso; y, apenas sentimos por nada ni por nadie, se ha endurecido como una roca, y solo nos movemos para darnos pedradas [&hellip;]<\/p>\n","protected":false},"author":3,"featured_media":0,"comment_status":"open","ping_status":"open","sticky":false,"template":"","format":"standard","meta":{"footnotes":""},"categories":[16],"tags":[],"class_list":["post-38126","post","type-post","status-publish","format-standard","hentry","category-opiniones"],"_links":{"self":[{"href":"https:\/\/diariodominicano.com\/index.php?rest_route=\/wp\/v2\/posts\/38126","targetHints":{"allow":["GET"]}}],"collection":[{"href":"https:\/\/diariodominicano.com\/index.php?rest_route=\/wp\/v2\/posts"}],"about":[{"href":"https:\/\/diariodominicano.com\/index.php?rest_route=\/wp\/v2\/types\/post"}],"author":[{"embeddable":true,"href":"https:\/\/diariodominicano.com\/index.php?rest_route=\/wp\/v2\/users\/3"}],"replies":[{"embeddable":true,"href":"https:\/\/diariodominicano.com\/index.php?rest_route=%2Fwp%2Fv2%2Fcomments&post=38126"}],"version-history":[{"count":0,"href":"https:\/\/diariodominicano.com\/index.php?rest_route=\/wp\/v2\/posts\/38126\/revisions"}],"wp:attachment":[{"href":"https:\/\/diariodominicano.com\/index.php?rest_route=%2Fwp%2Fv2%2Fmedia&parent=38126"}],"wp:term":[{"taxonomy":"category","embeddable":true,"href":"https:\/\/diariodominicano.com\/index.php?rest_route=%2Fwp%2Fv2%2Fcategories&post=38126"},{"taxonomy":"post_tag","embeddable":true,"href":"https:\/\/diariodominicano.com\/index.php?rest_route=%2Fwp%2Fv2%2Ftags&post=38126"}],"curies":[{"name":"wp","href":"https:\/\/api.w.org\/{rel}","templated":true}]}}