{"id":38115,"date":"2020-07-10T01:11:59","date_gmt":"2020-07-10T01:11:59","guid":{"rendered":"http:\/\/diariodominicano.ddns.net\/?p=38115"},"modified":"2020-07-10T01:11:59","modified_gmt":"2020-07-10T01:11:59","slug":"el-ocaso-de-los-partidos","status":"publish","type":"post","link":"https:\/\/diariodominicano.com\/?p=38115","title":{"rendered":"&#13;El ocaso de los partidos"},"content":{"rendered":"<p><body><\/p>\n<p><strong>Diariodominicano.com<\/strong><\/p>\n<p><strong>A Pleno Sol<\/strong><\/p>\n<p><strong>El ocaso de los partidos<\/strong><\/p>\n<p><strong>Por Manuel Hern\u00e1ndez Villeta<\/strong><\/p>\n<p><strong> <\/strong><\/p>\n<\/p>\n<p>Vivimos  el ocaso de los partidos pol\u00edticos. Las instituciones hechas para que la dirijan profesionales de la pol\u00edtica, que viven de  vender esperanzas, est\u00e1n siendo juzgadas por el presente. Las nuevas generaciones no aceptan esa forma de manejar la vida p\u00fablica y social, y est\u00e1n cobrando sus intereses.<\/p>\n<\/p>\n<p>Los partidos han devenido en los \u00faltimos a\u00f1os en logias sagradas, donde se enquistan los que juegan con ofrecer mejor\u00edas a capas irredentas, que son la mayor\u00eda de la poblaci\u00f3n. Pero como dec\u00edan los foquistas, la mayor\u00eda  silente y amorfa casi nunca tiene la disposici\u00f3n de dirigir o ser la avanzada.<\/p>\n<\/p>\n<p>Los partidos se nutr\u00edan tradicionalmente de esa capa baja de la poblaci\u00f3n, que rompiendo brazo llegaba a puestos de mando, y a juguetear con la clase media, y hasta la alta. Pero todo ha ido cambiando.<\/p>\n<\/p>\n<p>La clase media ha demostrado ahora mismo que dentro del rejuego de la democracia representativa, va buscando su rol, arrebat\u00e1ndole el puesto que antes ten\u00edan los proletarios y enganchados a pol\u00edticos.<\/p>\n<\/p>\n<p>El sector empresarial hoy no se conforma con ser la principal fuente de sustento de los partidos pol\u00edticos, sino que lleva sus propios candidatos, e imponen su programa de gobierno. En las pasadas elecciones de los tres partidos mayoritarios, solo uno ten\u00eda como candidato a un pol\u00edtico profesional.<\/p>\n<\/p>\n<p>Las revoluciones del proletario fueron hechas por los intelectuales y representantes de la clase media. Los soldados de a pie podr\u00edan haber salido del lumpen-proletario, pero los dirigentes eran de clase media y de segmentos profesionales y t\u00e9cnicos. Hoy, hay cambios mayores.<\/p>\n<\/p>\n<p>Hoy surge una nueva variante. El empresario que desea meter directamente a sus representantes en los partidos y los puestos de mando. Sin hacer campa\u00f1a, y sin ensuciarse los zapatos, las instituciones que les son fieles, sobre todo las llamadas de la sociedad civil, exigen y toman sus cuotas de poder.<\/p>\n<\/p>\n<p>La lucha futura en la Rep\u00fablica Dominicana ser\u00e1 entre los empresarios, los tecn\u00f3cratas y los pol\u00edticos profesionales. El ocaso de los partidos se llevar\u00e1  lentamente a todos los que se han subido en el caballo, olvid\u00e1ndose de los que est\u00e1n sumergidos en la bo\u00f1iga.<\/p>\n<\/p>\n<p>Tengo esperanzas en los deseos de redenci\u00f3n del pueblo, y que las masas irredentas cambien este panorama que es nublado y relampagueante. El cambio es hoy mas necesario que nunca. La sociedad no puede estar estancada, o en el pasado. La marcha indetenible del tiempo indica que habr\u00e1 renovaci\u00f3n u olvido-.!Ay!, se me acab\u00f3 la tinta. .<\/p>\n<\/p>\n<h6> 2020-07-10 01:11:59 <\/h6>\n<p><!--\n<link rel=\"stylesheet\" href=\"css\/bootstrap.min.css\">\n\n\n<ul class=\"pagination\">\n\t    \n\t\n\n<li >\n\t<a href='?page_no=155'>Previous<\/a>\n\t<\/li>\n\n\n       \n    \n\n<li><a href='?page_no=1'>1<\/a><\/li>\n\n\n\n<li><a href='?page_no=2'>2<\/a><\/li>\n\n\n\n<li><a>...<\/a><\/li>\n\n\n\n<li><a href='?page_no=154'>154<\/a><\/li>\n\n\n\n<li><a href='?page_no=155'>155<\/a><\/li>\n\n\n\n<li class='active'><a>156<\/a><\/li>\n\n\n\n<li><a href='?page_no=157'>157<\/a><\/li>\n\n\n\n<li><a href='?page_no=158'>158<\/a><\/li>\n\n\n\n<li><a>...<\/a><\/li>\n\n\n\n<li><a href='?page_no=13611'>13611<\/a><\/li>\n\n\n\n<li><a href='?page_no=13612'>13612<\/a><\/li>\n\n    \n\t\n\n<li >\n\t<a href='?page_no=157'>Next<\/a>\n\t<\/li>\n\n\n    \n\n<li><a href='?page_no=13612'>Last &rsaquo;&rsaquo;<\/a><\/li>\n\n<\/ul>\n\n\n--><br \/>\n<\/body><\/p>\n","protected":false},"excerpt":{"rendered":"<p>Diariodominicano.com A Pleno Sol El ocaso de los partidos Por Manuel Hern\u00e1ndez Villeta Vivimos el ocaso de los partidos pol\u00edticos. Las instituciones hechas para que la dirijan profesionales de la pol\u00edtica, que viven de vender esperanzas, est\u00e1n siendo juzgadas por el presente. Las nuevas generaciones no aceptan esa forma de manejar la vida p\u00fablica y [&hellip;]<\/p>\n","protected":false},"author":3,"featured_media":0,"comment_status":"open","ping_status":"open","sticky":false,"template":"","format":"standard","meta":{"footnotes":""},"categories":[16],"tags":[],"class_list":["post-38115","post","type-post","status-publish","format-standard","hentry","category-opiniones"],"_links":{"self":[{"href":"https:\/\/diariodominicano.com\/index.php?rest_route=\/wp\/v2\/posts\/38115","targetHints":{"allow":["GET"]}}],"collection":[{"href":"https:\/\/diariodominicano.com\/index.php?rest_route=\/wp\/v2\/posts"}],"about":[{"href":"https:\/\/diariodominicano.com\/index.php?rest_route=\/wp\/v2\/types\/post"}],"author":[{"embeddable":true,"href":"https:\/\/diariodominicano.com\/index.php?rest_route=\/wp\/v2\/users\/3"}],"replies":[{"embeddable":true,"href":"https:\/\/diariodominicano.com\/index.php?rest_route=%2Fwp%2Fv2%2Fcomments&post=38115"}],"version-history":[{"count":0,"href":"https:\/\/diariodominicano.com\/index.php?rest_route=\/wp\/v2\/posts\/38115\/revisions"}],"wp:attachment":[{"href":"https:\/\/diariodominicano.com\/index.php?rest_route=%2Fwp%2Fv2%2Fmedia&parent=38115"}],"wp:term":[{"taxonomy":"category","embeddable":true,"href":"https:\/\/diariodominicano.com\/index.php?rest_route=%2Fwp%2Fv2%2Fcategories&post=38115"},{"taxonomy":"post_tag","embeddable":true,"href":"https:\/\/diariodominicano.com\/index.php?rest_route=%2Fwp%2Fv2%2Ftags&post=38115"}],"curies":[{"name":"wp","href":"https:\/\/api.w.org\/{rel}","templated":true}]}}