{"id":381149,"date":"2022-09-06T00:07:11","date_gmt":"2022-09-06T04:07:11","guid":{"rendered":"http:\/\/diariodominicano.com\/?p=381149"},"modified":"2022-09-06T00:16:02","modified_gmt":"2022-09-06T04:16:02","slug":"las-fuerzas-de-espana-entran-a-santiago-el-general-restaurador-gregorio-de-lora-muere-en-batalla-en-la-fortaleza-san-luis","status":"publish","type":"post","link":"https:\/\/diariodominicano.com\/?p=381149","title":{"rendered":"Las fuerzas de Espa\u00f1a entran a Santiago. El general restaurador Gregorio de Lora muere en batalla en la Fortaleza San Luis"},"content":{"rendered":"\n<p>Externa<\/p>\n\n\n\n<p>\u00a0Por H\u00e9ctor Tineo Nolasco<\/p>\n\n\n\n<p>Diariodominicano.com<\/p>\n\n\n\n<p><\/p>\n\n\n\n<p>SANTIAGO DE LOS CABALLEROS, el 6 de septiembre de 1863, durante la Guerra de la Restauraci\u00f3n, luego de un intenso combate, las fuerzas anexionistas de Espa\u00f1a lograron entrar a la Plaza\u00a0 de Armas de Santiago.<\/p>\n\n\n\n<p>&nbsp;&nbsp;&nbsp; El mismo d\u00eda 6 de septiembre de 1863, muri\u00f3 el General dominicano Gregorio de Lora, quien intent\u00f3 tomar la Fortaleza San Luis, donde estaban las tropas espa\u00f1olas.<\/p>\n\n\n\n<p>&nbsp;&nbsp;&nbsp; Los espa\u00f1oles eran comandados por&nbsp; el general Juan Suero y el coronel&nbsp; Manuel Cappa, quienes hab\u00edan entrado a Santiago de los Caballeros con una columna de tres mil hombres procedentes de Puerto Plata.<\/p>\n\n\n\n<p><strong>&nbsp;&nbsp; En el \u00abManual de Historia Militar Dominicana\u00bb, se precisa que el d\u00eda 6 de septiembre de 1863, los restauradores ten\u00edan el dispositivo siguiente:<\/strong><strong><\/strong><\/p>\n\n\n\n<figure class=\"wp-block-image size-large\"><img loading=\"lazy\" decoding=\"async\" width=\"1024\" height=\"526\" src=\"https:\/\/diariodominicano.com\/wp-content\/uploads\/2021\/10\/Luperon-Despues-De-La-Restauracion-II-Gregorio-Luperon-II-1024x526.jpg\" alt=\"\" class=\"wp-image-302337\" srcset=\"https:\/\/diariodominicano.com\/wp-content\/uploads\/2021\/10\/Luperon-Despues-De-La-Restauracion-II-Gregorio-Luperon-II-1024x526.jpg 1024w, https:\/\/diariodominicano.com\/wp-content\/uploads\/2021\/10\/Luperon-Despues-De-La-Restauracion-II-Gregorio-Luperon-II-300x154.jpg 300w, https:\/\/diariodominicano.com\/wp-content\/uploads\/2021\/10\/Luperon-Despues-De-La-Restauracion-II-Gregorio-Luperon-II-768x395.jpg 768w, https:\/\/diariodominicano.com\/wp-content\/uploads\/2021\/10\/Luperon-Despues-De-La-Restauracion-II-Gregorio-Luperon-II-1536x789.jpg 1536w, https:\/\/diariodominicano.com\/wp-content\/uploads\/2021\/10\/Luperon-Despues-De-La-Restauracion-II-Gregorio-Luperon-II-2048x1052.jpg 2048w, https:\/\/diariodominicano.com\/wp-content\/uploads\/2021\/10\/Luperon-Despues-De-La-Restauracion-II-Gregorio-Luperon-II-816x419.jpg 816w\" sizes=\"auto, (max-width: 1024px) 100vw, 1024px\" \/><figcaption>Gregorio Luper\u00f3n<\/figcaption><\/figure>\n\n\n\n<p>&nbsp;&nbsp; \u00abEl General Gregorio&nbsp; de Lora march\u00f3 con una columna por la calle General Valverde; el Coronel Benito Monci\u00f3n, desde&nbsp; El Castillo, dirig\u00eda la artiller\u00eda; el General Gregorio Luper\u00f3n march\u00f3 con otra columna por la calle Juan Francisco Garc\u00eda y el General Gaspar Polanco, Jefe de Operaciones,&nbsp; march\u00f3 por la calle de La Barranca o de la Iglesia, con dos piezas de artiller\u00eda.<\/p>\n\n\n\n<p>&nbsp;&nbsp;&nbsp; \u00abLas tropas espa\u00f1olas sumaban 900 hombres, dirigidas por el Brigadier Buceta, los generales Hungr\u00eda, Alfau y Achile Michel y el artillero Jos\u00e9 Mar\u00eda L\u00f3pez.<\/p>\n\n\n\n<p>&nbsp;&nbsp; \u00abA las 02:00 horas se dio inicio al ataque. Las tropas restauradoras trataron&nbsp; de forzar el combate cuerpo a&nbsp; cuerpo, debido a que la gran mayor\u00eda estaba armada&nbsp; de machete, que era el arma maestra de los dominicanos. Sin embargo, fueron rechazados por el fuego de la artiller\u00eda y de la infanter\u00eda enemiga, repleg\u00e1ndose las tropas dominicanas.<\/p>\n\n\n\n<p>&nbsp;&nbsp; \u00abA las 09:00 horas, las tropas restauradoras lanzaron un nuevo ataque, en el cual el General Gregorio de Lora, con su columna lleg\u00f3 hasta la puerta de la fortaleza, siendo mortalmente herido&nbsp; por el fuego enemigo.<\/p>\n\n\n\n<p>&nbsp;&nbsp; Ante esa circunstancia,&nbsp; \u00abLa columna del General de Lora fue agregada a la del General Luper\u00f3n, quien intent\u00f3 un nuevo ataque, pero fue nuevamente rechazado por el fuego de la&nbsp; artiller\u00eda y de la infanter\u00eda enemiga.<\/p>\n\n\n\n<p>&nbsp;&nbsp;&nbsp; \u00abDos nuevos intentos de tomar el Fuerte por las armas&nbsp; fueron rechazados por los espa\u00f1oles, quienes manten\u00edan unas posiciones defensivas&nbsp; impenetrables, gracias a su armamento tecnol\u00f3gicamente m\u00e1s avanzado.<\/p>\n\n\n\n<figure class=\"wp-block-image size-large\"><img loading=\"lazy\" decoding=\"async\" width=\"1024\" height=\"526\" src=\"https:\/\/diariodominicano.com\/wp-content\/uploads\/2021\/11\/Gaspar-Polanco-B-1024x526.jpg\" alt=\"\" class=\"wp-image-312068\" srcset=\"https:\/\/diariodominicano.com\/wp-content\/uploads\/2021\/11\/Gaspar-Polanco-B-1024x526.jpg 1024w, https:\/\/diariodominicano.com\/wp-content\/uploads\/2021\/11\/Gaspar-Polanco-B-300x154.jpg 300w, https:\/\/diariodominicano.com\/wp-content\/uploads\/2021\/11\/Gaspar-Polanco-B-768x395.jpg 768w, https:\/\/diariodominicano.com\/wp-content\/uploads\/2021\/11\/Gaspar-Polanco-B-1536x789.jpg 1536w, https:\/\/diariodominicano.com\/wp-content\/uploads\/2021\/11\/Gaspar-Polanco-B-2048x1052.jpg 2048w, https:\/\/diariodominicano.com\/wp-content\/uploads\/2021\/11\/Gaspar-Polanco-B-816x419.jpg 816w\" sizes=\"auto, (max-width: 1024px) 100vw, 1024px\" \/><figcaption>Gaspar Polanco<\/figcaption><\/figure>\n\n\n\n<p>&nbsp;&nbsp;&nbsp; \u00abEn el fragor del combate, el General Gaspar Polanco recibi\u00f3 la informaci\u00f3n de que el General Juan Suero y el Coronel Manuel Cappa se encontraban por el arroyo de Jacagua. Los dos ven\u00edan desde Puerto Plata en auxilio de la guarnici\u00f3n espa\u00f1ola, que se encontraba sitiada en la Fortaleza San Luis, y estim\u00f3 que un ataque por la retaguardia de sus tropas, pr\u00e1cticamente, desarmadas, ser\u00eda un golpe mortal, pues si la guarnici\u00f3n espa\u00f1ola que se encontraba en la Fortaleza San Luis hab\u00eda resistido la embestida de los asaltos, un refuerzo de m\u00e1s de 3,000 hombres con toda su fortaleza,&nbsp; provocar\u00eda que su moral se elevara y podr\u00eda dar al traste con el terreno que hasta ese entonces hab\u00edan ganado\u00bb.<\/p>\n\n\n\n<p><strong>&nbsp;&nbsp;&nbsp; Vista esta situaci\u00f3n se decidi\u00f3 pegarle fuego a Santiago, qu\u00e9 a poco de empezar a arder las llamas, se escucharon grandes detonaciones de los alambiques que funcionaban en la ciudad. <\/strong><strong><\/strong><\/p>\n\n\n\n<p>&nbsp;&nbsp;&nbsp;&nbsp;&nbsp; El General Gaspar Polanco dej\u00f3 a&nbsp; algunos efectivos al mando del general Gregorio Luper\u00f3n,&nbsp; para que mantuvieran el sitio al Fuerte San Luis y con la mayor parte de las tropas, sali\u00f3 al encuentro del general Juan Suero y del Coronel Manuel Cappa.<\/p>\n\n\n\n<p>&nbsp;&nbsp;&nbsp; Asimismo, el general Gaspar Polanco dispuso que sus fuerzas&nbsp; ocuparan los fuertes de Dios, Patria y Libertad, y una artiller\u00eda en el flanco derecho del Fuerte de Dios, aprovechando la cobertura de un bosque&nbsp; en ese lugar.<\/p>\n\n\n\n<p>&nbsp;&nbsp;&nbsp; El informe militar precisa que a las 13:00 horas del 6 de septiembre, se dio inicio a un singular combate&nbsp; en el que las tropas&nbsp; dominicanas tuvieron que recurrir al arma blanca, pues las municiones se hab\u00edan agotado, pero le quedaba un potente recurso: las condiciones meteorol\u00f3gicas, pues el sofocante calor provoc\u00f3 que numerosos espa\u00f1oles cayeran asfixiados en el fragor del combate.<\/p>\n\n\n\n<p>&nbsp;&nbsp;&nbsp; \u00abEl Batall\u00f3n Isabel II atac\u00f3 el centro y el Primer Batall\u00f3n de la Corona atac\u00f3 y tom\u00f3 el Fuerte de Dios, ayudado de la artiller\u00eda.<\/p>\n\n\n\n<p>&nbsp;&nbsp;&nbsp;&nbsp; Al lograr ese objetivo los espa\u00f1oles atacaron el Fuerte Patria, siendo rechazados por las tropas dominicanas, gracias al fuego efectivo de una pieza de artiller\u00eda que sorprendi\u00f3 a los espa\u00f1oles con disparo, pr\u00e1cticamente a quemarropa, que le caus\u00f3 cuantiosas bajas al enemigo, evitando que pudieran penetrar por ese lugar.<\/p>\n\n\n\n<p>&nbsp;&nbsp;&nbsp;&nbsp; \u00abEl Batall\u00f3n de la Corona, el batall\u00f3n de Madrid, el Batall\u00f3n de Cuba y la artiller\u00eda, atacaron y tomaron el Fuerte Libertad, despu\u00e9s de un combate de 4 horas que le cost\u00f3 153 bajas al enemigo, entre muertos y heridos\u00bb.<\/p>\n\n\n\n<p>&nbsp;&nbsp;&nbsp;&nbsp; De acuerdo al informe militar, siendo las 17:00, la columna espa\u00f1ola se refugi\u00f3 en la Iglesia Mayor, que junto a la C\u00e1rcel Vieja fueron los \u00fanicos edificios que se salvaron del incendio, logrando penetrar las barreras establecidas por los patriotas.<\/p>\n\n\n\n<p>&nbsp;&nbsp;&nbsp;&nbsp; Para beneficio de la causa restauradora, la guarnici\u00f3n espa\u00f1ola del Fuerte San Luis no se enter\u00f3, sino al d\u00eda siguiente de los \u00faltimos acontecimientos, cuando se integraron el General Juan Suero y el Coronel Manuel Cappa a las tropas espa\u00f1olas sitiadas.<\/p>\n\n\n\n<p>&nbsp;&nbsp;&nbsp;&nbsp; La versi\u00f3n militar resalta que el resultado de los \u00faltimos combates en Santiago provoc\u00f3 el des\u00e1nimo&nbsp; de las tropas criollas, las cuales se replegaron en diferentes direcciones, perdi\u00e9ndose moment\u00e1neamente la unidad.<\/p>\n\n\n\n<p><strong>&nbsp;&nbsp; Al referirse a los acontecimientos de Santiago, el general Gregorio Luper\u00f3n, en sus \u00abApuntes Hist\u00f3ricos\u00bb, afirma:<\/strong><strong><\/strong><\/p>\n\n\n\n<p>&nbsp;&nbsp; \u00abAmbos contendientes hicieron esfuerzos de valor y dieron ejemplos de hero\u00edsmo en aquel d\u00eda memorable, que no podr\u00e1n borrar jam\u00e1s de la historia de la guerra, ni de la memoria de aquellos que tuvieron la inmensa gloria de presenciarlos.<\/p>\n\n\n\n<p>&nbsp;&nbsp;&nbsp; \u00abLas descargas de fusiler\u00eda y de ca\u00f1ones, se hac\u00edan \u00e1 quema ropa, y los sitiados rechazaban \u00e1 los asaltantes con las puntas de sus bayonetas y con chorros&nbsp; de metrallas\u00bb.<\/p>\n\n\n\n<p>&nbsp;&nbsp;&nbsp; En los combates de Santiago, adem\u00e1s del General Gregorio de Lora, murieron otros oficiales dominicanos. Los&nbsp; espa\u00f1oles tambi\u00e9n mataron el caballo del General Luper\u00f3n.<\/p>\n","protected":false},"excerpt":{"rendered":"<p>Externa \u00a0Por H\u00e9ctor Tineo Nolasco Diariodominicano.com SANTIAGO DE LOS CABALLEROS, el 6 de septiembre de 1863, durante la Guerra de la Restauraci\u00f3n, luego de un intenso combate, las fuerzas anexionistas de Espa\u00f1a lograron entrar a la Plaza\u00a0 de Armas de Santiago. &nbsp;&nbsp;&nbsp; El mismo d\u00eda 6 de septiembre de 1863, muri\u00f3 el General dominicano Gregorio [&hellip;]<\/p>\n","protected":false},"author":28,"featured_media":381150,"comment_status":"closed","ping_status":"","sticky":true,"template":"","format":"standard","meta":{"footnotes":""},"categories":[26,27],"tags":[],"class_list":["post-381149","post","type-post","status-publish","format-standard","has-post-thumbnail","hentry","category-efemerides","category-portada"],"_links":{"self":[{"href":"https:\/\/diariodominicano.com\/index.php?rest_route=\/wp\/v2\/posts\/381149","targetHints":{"allow":["GET"]}}],"collection":[{"href":"https:\/\/diariodominicano.com\/index.php?rest_route=\/wp\/v2\/posts"}],"about":[{"href":"https:\/\/diariodominicano.com\/index.php?rest_route=\/wp\/v2\/types\/post"}],"author":[{"embeddable":true,"href":"https:\/\/diariodominicano.com\/index.php?rest_route=\/wp\/v2\/users\/28"}],"replies":[{"embeddable":true,"href":"https:\/\/diariodominicano.com\/index.php?rest_route=%2Fwp%2Fv2%2Fcomments&post=381149"}],"version-history":[{"count":4,"href":"https:\/\/diariodominicano.com\/index.php?rest_route=\/wp\/v2\/posts\/381149\/revisions"}],"predecessor-version":[{"id":381155,"href":"https:\/\/diariodominicano.com\/index.php?rest_route=\/wp\/v2\/posts\/381149\/revisions\/381155"}],"wp:featuredmedia":[{"embeddable":true,"href":"https:\/\/diariodominicano.com\/index.php?rest_route=\/wp\/v2\/media\/381150"}],"wp:attachment":[{"href":"https:\/\/diariodominicano.com\/index.php?rest_route=%2Fwp%2Fv2%2Fmedia&parent=381149"}],"wp:term":[{"taxonomy":"category","embeddable":true,"href":"https:\/\/diariodominicano.com\/index.php?rest_route=%2Fwp%2Fv2%2Fcategories&post=381149"},{"taxonomy":"post_tag","embeddable":true,"href":"https:\/\/diariodominicano.com\/index.php?rest_route=%2Fwp%2Fv2%2Ftags&post=381149"}],"curies":[{"name":"wp","href":"https:\/\/api.w.org\/{rel}","templated":true}]}}