{"id":380953,"date":"2022-09-05T08:35:36","date_gmt":"2022-09-05T12:35:36","guid":{"rendered":"http:\/\/diariodominicano.com\/?p=380953"},"modified":"2022-09-05T08:35:36","modified_gmt":"2022-09-05T12:35:36","slug":"presiden-raul-castro-y-diaz-canel-conmemoracion-en-cienfuegos-cuba","status":"publish","type":"post","link":"https:\/\/diariodominicano.com\/?p=380953","title":{"rendered":"Presiden Ra\u00fal Castro y D\u00edaz-Canel conmemoraci\u00f3n en Cienfuegos, Cuba"},"content":{"rendered":"\n<p>Cienfuegos, Cuba, 5 sep (Prensa Latina) El l\u00edder de la Revoluci\u00f3n, Ra\u00fal Castro, y el presidente de Cuba, Miguel D\u00edaz-Canel, presidieron hoy el acto conmemorativo por el aniversario 65 del levantamiento popular en esta sure\u00f1a ciudad, el 5 de septiembre de 1957.&nbsp;&nbsp;&nbsp;&nbsp;<\/p>\n\n\n\n<ul class=\"wp-block-list\"><li>septiembre 5, 2022<\/li><li>CDT07:27 (GMT) -0400<\/li><\/ul>\n\n\n\n<ul class=\"wp-block-list\"><li>Fotos: 5 de Septiembre<\/li><\/ul>\n\n\n\n<p>Protagonistas de aquella gesta, como el comandante Julio Camacho, participaron en la actividad, desarrollada en el parque Jos\u00e9 Mart\u00ed, uno de los principales escenarios de la acci\u00f3n.<\/p>\n\n\n\n<p>Tras el acto, que cont\u00f3 con la participaci\u00f3n del primer ministro cubano, Manuel Marrero, el pueblo cienfueguero peregrinar\u00e1 al cementerio Tom\u00e1s Acea, para rendir tributo a los ca\u00eddos, como es tradicional.<\/p>\n\n\n\n<p>Este lunes, a las 06:00 hora local, estudiantes realizaron asaltos simb\u00f3licos a la estaci\u00f3n naval de Cayo Loco y las estaciones de la Polic\u00eda y la Polic\u00eda Mar\u00edtima, tal y como sucedi\u00f3 65 a\u00f1os atr\u00e1s.<\/p>\n\n\n\n<p>La v\u00edspera, trovadores cubanos brindaron un concierto homenaje a la fecha en el teatro Tom\u00e1s Terry, en el cual particip\u00f3 el mandatario cubano.<\/p>\n\n\n\n<p>El domingo igualmente tuvo lugar una ceremonia militar en el cementerio local, para inhumar los restos mortales de dos combatientes del 5 de septiembre fallecidos recientemente fuera de Cienfuegos.<\/p>\n\n\n\n<p>Ofrendas florales del l\u00edder de la Revoluci\u00f3n, Ra\u00fal Castro, del presidente D\u00edaz-Canel y del pueblo de Cuba acompa\u00f1aron a los revolucionarios.<\/p>\n\n\n\n<p>El 5 de septiembre de 1957 una sublevaci\u00f3n popular que conjunt\u00f3 a marinos y civiles mantuvo por casi 24 horas el control de la ciudad de Cienfuegos, para convertirse en paradigma de lucha urbana en Cuba.<\/p>\n\n\n\n<p>Reci\u00e9n se hab\u00edan cumplido nueve meses del desembarco de 82 combatientes revolucionarios, quienes a bordo del yate de Granma y comandados por el l\u00edder hist\u00f3rico, Fidel Castro, llegaron a la isla para formar un foco rebelde en las monta\u00f1as del oriente del pa\u00eds y luchar contra la dictadura de Fulgencio Batista.<\/p>\n\n\n\n<p>En el momento de los hechos el enclave guerrillero a\u00fan no alcanzaba su plena madurez, de ah\u00ed que Fidel Castro considerara que el levantamiento de Cienfuegos \u201csignific\u00f3 un aliento moral extraordinario para los combatientes de la Sierra Maestra\u201d.<\/p>\n\n\n\n<p>Al referirse a la acci\u00f3n en su aniversario 20, el l\u00edder revolucionario destac\u00f3 adem\u00e1s el golpe que represent\u00f3 para el discurso de unidad de las fuerzas armadas promulgado por la tiran\u00eda batistiana.<\/p>\n\n\n\n<p>mv\/kmg<\/p>\n","protected":false},"excerpt":{"rendered":"<p>Cienfuegos, Cuba, 5 sep (Prensa Latina) El l\u00edder de la Revoluci\u00f3n, Ra\u00fal Castro, y el presidente de Cuba, Miguel D\u00edaz-Canel, presidieron hoy el acto conmemorativo por el aniversario 65 del levantamiento popular en esta sure\u00f1a ciudad, el 5 de septiembre de 1957.&nbsp;&nbsp;&nbsp;&nbsp; septiembre 5, 2022 CDT07:27 (GMT) -0400 Fotos: 5 de Septiembre Protagonistas de aquella [&hellip;]<\/p>\n","protected":false},"author":28,"featured_media":380954,"comment_status":"closed","ping_status":"","sticky":false,"template":"","format":"standard","meta":{"footnotes":""},"categories":[26],"tags":[],"class_list":["post-380953","post","type-post","status-publish","format-standard","has-post-thumbnail","hentry","category-efemerides"],"_links":{"self":[{"href":"https:\/\/diariodominicano.com\/index.php?rest_route=\/wp\/v2\/posts\/380953","targetHints":{"allow":["GET"]}}],"collection":[{"href":"https:\/\/diariodominicano.com\/index.php?rest_route=\/wp\/v2\/posts"}],"about":[{"href":"https:\/\/diariodominicano.com\/index.php?rest_route=\/wp\/v2\/types\/post"}],"author":[{"embeddable":true,"href":"https:\/\/diariodominicano.com\/index.php?rest_route=\/wp\/v2\/users\/28"}],"replies":[{"embeddable":true,"href":"https:\/\/diariodominicano.com\/index.php?rest_route=%2Fwp%2Fv2%2Fcomments&post=380953"}],"version-history":[{"count":1,"href":"https:\/\/diariodominicano.com\/index.php?rest_route=\/wp\/v2\/posts\/380953\/revisions"}],"predecessor-version":[{"id":380955,"href":"https:\/\/diariodominicano.com\/index.php?rest_route=\/wp\/v2\/posts\/380953\/revisions\/380955"}],"wp:featuredmedia":[{"embeddable":true,"href":"https:\/\/diariodominicano.com\/index.php?rest_route=\/wp\/v2\/media\/380954"}],"wp:attachment":[{"href":"https:\/\/diariodominicano.com\/index.php?rest_route=%2Fwp%2Fv2%2Fmedia&parent=380953"}],"wp:term":[{"taxonomy":"category","embeddable":true,"href":"https:\/\/diariodominicano.com\/index.php?rest_route=%2Fwp%2Fv2%2Fcategories&post=380953"},{"taxonomy":"post_tag","embeddable":true,"href":"https:\/\/diariodominicano.com\/index.php?rest_route=%2Fwp%2Fv2%2Ftags&post=380953"}],"curies":[{"name":"wp","href":"https:\/\/api.w.org\/{rel}","templated":true}]}}