{"id":38093,"date":"2020-07-12T14:09:40","date_gmt":"2020-07-12T14:09:40","guid":{"rendered":"http:\/\/diariodominicano.ddns.net\/?p=38093"},"modified":"2020-07-12T14:09:40","modified_gmt":"2020-07-12T14:09:40","slug":"cuidar-la-fragilidad-y-curar-la-penalidad","status":"publish","type":"post","link":"https:\/\/diariodominicano.com\/?p=38093","title":{"rendered":"&#13;CUIDAR LA FRAGILIDAD Y CURAR LA PENALIDAD"},"content":{"rendered":"<p><body><\/p>\n<p>ALGO M\u00c1S QUE PALABRAS<\/p>\n<\/p>\n<p>CUIDAR LA FRAGILIDAD Y CURAR LA PENALIDAD<\/p>\n<p>\u00abEl actual modelo econ\u00f3mico y social est\u00e1 fracasado\u00bb <\/p>\n<p>=============================<\/p>\n<p>V\u00edctor CORCOBA HERRERO\/ Escritor<\/p>\n<p>corcoba@telefonica.net\t<\/p>\n<p>============================= <\/p>\n<\/p>\n<p>Hace tiempo que estamos a merced de los intereses econ\u00f3micos. En perpetuidad contamos con el clan de los dominadores y mutiladores de nuestro propio esp\u00edritu aut\u00f3nomo. Reconozco que esta situaci\u00f3n continuamente me ha angustiado, y as\u00ed cuando ten\u00eda el genio vivo y el juicio d\u00e9bil, concretamente en mi etapa de joven quijote, ya reclamaba otros lenguajes m\u00e1s humanos y otras pol\u00edticas m\u00e1s sociales. He aqu\u00ed, parte de lo publicado, en el n\u00famero 36 (octubre 1995) de la revista de pensamiento, \u00abIniciativa Socialista\u00bb. Por entonces, vaticinaba momentos de dificultades sino mud\u00e1bamos de aires y recomendaba que \u00abaquellos poderosos dirigentes, que no saben o no aciertan con la pol\u00edtica, deben dimitir por est\u00e9tica; porque no se puede seguir practicando el cinismo y la desverg\u00fcenza, como un perro en la esquina de una calle, por un plato de hamburguesas de oro\u00bb. A continuaci\u00f3n, subrayaba algo que nos implica a todos en mayor o en menor medida, y es  a cuidar de los m\u00e1s fr\u00e1giles de la tierra. En este sentido, hac\u00eda hincapi\u00e9 en que los responsables del mantenimiento del orden justo, algo que debe manar de los espaciosos poderes de los Estados (el legislativo, el ejecutivo y el judicial), \u00abpromovieran un progreso inclusivo para asegurar a todos, no \u00fanicamente a unos pocos privilegiados, una digna calidad de vida\u00bb. Desde luego, no es progresista pretender resolver los problemas seg\u00fan el tanto tienes, tanto vales. Ha llegado el momento de desterrar para siempre, de nuestro horizonte ese arcaico decir y modo de obrar, con el reconocimiento de cualquier vida humana por insignificante que nos parezca. <\/p>\n<p>\tSin duda, nos conviene repensar sobre nuestra misi\u00f3n de caminantes; y, en esto, estamos todos llamados a cuidar la fragilidad del pueblo y del mundo en que nacemos cada d\u00eda, no para destruirlo, sino para construir un cosmos donde todos tengamos cabida. No podemos continuar silenciando a los m\u00e1s pobres. La dignidad humana y el bien colectivo por el que hemos de trabajar, tienen que estar muy por encima del sosiego de algunos que no quieren renunciar a sus inmunidades. Cuando estos principios se ven afectados, es necesaria una correcci\u00f3n de rumbo. Y aunque nos cueste sangre, sudor y l\u00e1grimas, hemos de hacerlo. Hay que curar esta penalidad. No podemos estar en paz con nosotros mismos, mientras no activemos el lenguaje del coraz\u00f3n, en lugar del abecedario pensante del don dinero. En cada pa\u00eds, sus moradores han de hermanarse bajo esa dimensi\u00f3n social, humaniz\u00e1ndose responsablemente como una obligaci\u00f3n moral, si en verdad queremos ser un linaje en continuidad. Es un hecho que  el actual modelo econ\u00f3mico y social est\u00e1 fracasado, comenzando por los sistemas de salud y finalizando por la falta de porvenir, con el creciente desempleo juvenil y la ausencia de oportunidades. Cada d\u00eda son m\u00e1s las personas que est\u00e1n subempleadas o desempleadas, j\u00f3venes que est\u00e1n fuera de las instituciones educativas, que ni trabajan, ni estudian, ni tampoco reciben formaci\u00f3n laboral alguna. <\/p>\n<p>\tEn el mundo, actualmente, hay m\u00e1s juventud que prefiere continuar estudiando antes que empezar a trabajar a una edad temprana. Esto, a mi juicio, es una buena noticia. No obstante, m\u00e1s de doscientos millones de j\u00f3venes, seg\u00fan datos de Naciones Unidas,  se encuentran parados o tienen un empleo en precario que no les saca de la pobreza. Ciertamente, a medida que la acci\u00f3n de los chavales est\u00e1 presente, se ve m\u00e1s palpable la necesidad de abordar los desaf\u00edos multifac\u00e9ticos a los que se enfrentan, como el acceso a la educaci\u00f3n, la salud, el empleo y la igualdad de g\u00e9nero. Sea como fuere, esa unidad de acci\u00f3n reivindicativa tiene que prevalecer sobre el conflicto, y hacernos ver que esta triste realidad nos requiere de un cambio de actitud y mentalidad. En consecuencia, es el momento de que nos incorporemos todas las generaciones en encarar otro futuro m\u00e1s equitativo, con menos sufrimientos para algunos, dialogando m\u00e1s entre todos, y haciendo valer otro mundo m\u00e1s centrado en la ciudadan\u00eda, en todas las fases de su existencia, a trav\u00e9s de actitudes y acciones concretas. <\/p>\n<p>Abandonemos la continuidad de las contiendas absurdas, que lo \u00fanico que hacen es deshumanizarnos. Si fundamental es conseguir que se permitan las operaciones humanitarias, all\u00e1 donde proliferan las violencias y las violaciones a los derechos humanos, tambi\u00e9n es primordial que las mujeres tengan el derecho a tomar sus propias decisiones sobre si quedar embarazadas, cu\u00e1ndo hacerlo y con qu\u00e9 frecuencia. Hoy multitud de ellas quieren retrasar o prevenir el embarazo, pero tampoco cuentan con medios. De igual modo, nuestros mayores requieren de otras sinton\u00edas m\u00e1s directas, pues ellos tambi\u00e9n forman parte de nuestro presente y del futuro, con la riqueza de la experiencia de los a\u00f1os. No olvidemos que en el mundo todos nos requerimos para cuidar la fragilidad y curar la penalidad, a trav\u00e9s de la fuerza m\u00edstica del autentico amor a la gente. Quien es incapaz de amarse, camina con la ansiedad de no sentirse, permanece en la muerte y no ha conocido el gozo de sentirse \u00fatil a los dem\u00e1s, que le acompa\u00f1an en el camino. Por tanto; es menester activar una nueva din\u00e1mica de justicia y ternura, de extender la mano y de ayudar a caminar, vertiendo l\u00e1grimas cuando sea preciso y tambi\u00e9n sonrisas. Con el nacimiento de un nuevo panorama viviente, la esperanza brota de esa aurora que se posa en los labios del alma de cada cual. \u00a1No echemos a nadie del camino por su flaqueza! <\/p>\n<\/p>\n<p>V\u00edctor CORCOBA HERRERO \/ Escritor<\/p>\n<p>corcoba@telefonica.net<\/p>\n<p>12 de julio de 2020<\/p>\n<h6> 2020-07-12 14:09:40 <\/h6>\n<p><!--\n<link rel=\"stylesheet\" href=\"css\/bootstrap.min.css\">\n\n\n<ul class=\"pagination\">\n\t    \n\t\n\n<li >\n\t<a href='?page_no=153'>Previous<\/a>\n\t<\/li>\n\n\n       \n    \n\n<li><a href='?page_no=1'>1<\/a><\/li>\n\n\n\n<li><a href='?page_no=2'>2<\/a><\/li>\n\n\n\n<li><a>...<\/a><\/li>\n\n\n\n<li><a href='?page_no=152'>152<\/a><\/li>\n\n\n\n<li><a href='?page_no=153'>153<\/a><\/li>\n\n\n\n<li class='active'><a>154<\/a><\/li>\n\n\n\n<li><a href='?page_no=155'>155<\/a><\/li>\n\n\n\n<li><a href='?page_no=156'>156<\/a><\/li>\n\n\n\n<li><a>...<\/a><\/li>\n\n\n\n<li><a href='?page_no=13611'>13611<\/a><\/li>\n\n\n\n<li><a href='?page_no=13612'>13612<\/a><\/li>\n\n    \n\t\n\n<li >\n\t<a href='?page_no=155'>Next<\/a>\n\t<\/li>\n\n\n    \n\n<li><a href='?page_no=13612'>Last &rsaquo;&rsaquo;<\/a><\/li>\n\n<\/ul>\n\n\n--><br \/>\n<\/body><\/p>\n","protected":false},"excerpt":{"rendered":"<p>ALGO M\u00c1S QUE PALABRAS CUIDAR LA FRAGILIDAD Y CURAR LA PENALIDAD \u00abEl actual modelo econ\u00f3mico y social est\u00e1 fracasado\u00bb ============================= V\u00edctor CORCOBA HERRERO\/ Escritor corcoba@telefonica.net ============================= Hace tiempo que estamos a merced de los intereses econ\u00f3micos. En perpetuidad contamos con el clan de los dominadores y mutiladores de nuestro propio esp\u00edritu aut\u00f3nomo. Reconozco que esta [&hellip;]<\/p>\n","protected":false},"author":3,"featured_media":0,"comment_status":"open","ping_status":"open","sticky":false,"template":"","format":"standard","meta":{"footnotes":""},"categories":[16],"tags":[],"class_list":["post-38093","post","type-post","status-publish","format-standard","hentry","category-opiniones"],"_links":{"self":[{"href":"https:\/\/diariodominicano.com\/index.php?rest_route=\/wp\/v2\/posts\/38093","targetHints":{"allow":["GET"]}}],"collection":[{"href":"https:\/\/diariodominicano.com\/index.php?rest_route=\/wp\/v2\/posts"}],"about":[{"href":"https:\/\/diariodominicano.com\/index.php?rest_route=\/wp\/v2\/types\/post"}],"author":[{"embeddable":true,"href":"https:\/\/diariodominicano.com\/index.php?rest_route=\/wp\/v2\/users\/3"}],"replies":[{"embeddable":true,"href":"https:\/\/diariodominicano.com\/index.php?rest_route=%2Fwp%2Fv2%2Fcomments&post=38093"}],"version-history":[{"count":0,"href":"https:\/\/diariodominicano.com\/index.php?rest_route=\/wp\/v2\/posts\/38093\/revisions"}],"wp:attachment":[{"href":"https:\/\/diariodominicano.com\/index.php?rest_route=%2Fwp%2Fv2%2Fmedia&parent=38093"}],"wp:term":[{"taxonomy":"category","embeddable":true,"href":"https:\/\/diariodominicano.com\/index.php?rest_route=%2Fwp%2Fv2%2Fcategories&post=38093"},{"taxonomy":"post_tag","embeddable":true,"href":"https:\/\/diariodominicano.com\/index.php?rest_route=%2Fwp%2Fv2%2Ftags&post=38093"}],"curies":[{"name":"wp","href":"https:\/\/api.w.org\/{rel}","templated":true}]}}