{"id":380912,"date":"2022-09-04T23:43:12","date_gmt":"2022-09-05T03:43:12","guid":{"rendered":"http:\/\/diariodominicano.com\/?p=380912"},"modified":"2022-09-04T23:43:12","modified_gmt":"2022-09-05T03:43:12","slug":"muere-el-poeta-osvaldo-bazil-2","status":"publish","type":"post","link":"https:\/\/diariodominicano.com\/?p=380912","title":{"rendered":"Muere el poeta Osvaldo Bazil"},"content":{"rendered":"\n<p>SANTO DOMINGO, el 5 de septiembre de 1946, muri\u00f3 en ciudad Santo Domino de Guzm\u00e1n, el poeta y diplom\u00e1tico Osvaldo Bazil.<\/p>\n\n\n\n<p>&nbsp;&nbsp;&nbsp;&nbsp; Durante la dictadura de Trujillo, fue secretario de Trabajo, y entre las funciones diplom\u00e1ticas que desempe\u00f1\u00f3 figura el cargo de \u00abJefe de la Misi\u00f3n Dominicana en Espa\u00f1a\u00bb.<\/p>\n\n\n\n<p>&nbsp;&nbsp;&nbsp;&nbsp; El doctor Joaqu\u00edn Balaguer, quien fue su subalterno en la embajada dominicana en Madrid, afirma&nbsp; que Osvaldo Bazil \u00abse comport\u00f3 siempre como un bohemio y como un trasnochador entregado a las disipaciones de la vida elegante.<\/p>\n\n\n\n<p>&nbsp;&nbsp; En su obra \u00abMemorias de un Cortesano de la Era de Trujillo\u00bb,&nbsp; Balaguer afirma que Osvaldo Bazil fue de \u00b4los pocos que s\u00f3lo se sometieron a medias a la tiran\u00eda de esa disciplina cuartelaria.&nbsp; El poder, sol\u00eda decir el autor de \u00abCampanas de la tarde\u00bb, se invent\u00f3 para que sus favorecidos lo disfruten\u00bb.<\/p>\n\n\n\n<p>&nbsp;&nbsp;&nbsp; Inici\u00f3 su&nbsp; producci\u00f3n po\u00e9tica desde muy joven&nbsp; en el a\u00f1o 1906, a los 22 a\u00f1os, public\u00f3&nbsp; \u00abRosales en Flor\u00bb. Adem\u00e1s hizo la ediciones de \u00abArcos Votivos\u00bb, en la Habana, Cuba, en 1907; \u00abCampanas de la tarde\u00bb,&nbsp; en&nbsp; la Habana, Cuba;&nbsp; \u00abHuerto de Inquietud\u00bb,&nbsp; publicado en Par\u00eds, Francia, en el a\u00f1o 1926,&nbsp; y \u00abCabezas de Am\u00e9rica\u00bb, en la Habana, Cuba, en 1933.<\/p>\n\n\n\n<p>&nbsp;&nbsp;&nbsp; Osvaldo Bazil public\u00f3 en 1939, en Buenos Aires, Argentina, \u00abLa Cruz transparente\u00bb, y \u00abTarea Literaria y patricia, en la Habana, Cuba, en 1943.<\/p>\n\n\n\n<p>&nbsp;&nbsp;&nbsp;&nbsp; En Santo Domingo&nbsp; public\u00f3&nbsp; \u00abParnaso Dominicano\u00bb,&nbsp; y&nbsp; \u00abLa Apoteosis de las lagunas\u00bb.<\/p>\n\n\n\n<p>&nbsp;&nbsp;&nbsp;&nbsp; En la \u00abHistoria de la Literatura Dominicana\u00bb, Balaguer refiere que Osvaldo Bazil&nbsp; form\u00f3 parte del grupo de poetas para quienes el modernismo se personific\u00f3 en Rub\u00e9n Dar\u00edo, imitado en lo que \u00e9l tuvo de m\u00e1s superficial y ligero: en cierta anarqu\u00eda del ritmo y en la tendencia a llenar&nbsp; el verso de luz y de color como un cuadro del Ticiano.<\/p>\n\n\n\n<p>&nbsp;&nbsp;&nbsp;&nbsp; \u00abPero los mejores aciertos de Osvaldo Bazil no residen en los&nbsp; sonoros alejandrinos de sus sonetos, sino en los versos becquerianos que dot\u00f3 de sensibilidad propia y en que sac\u00f3 a relucir lo m\u00e1s puro de su caudal emotivo:<\/p>\n\n\n\n<p>&nbsp;&nbsp;&nbsp; Ella, la que yo hubiera amado tanto,<\/p>\n\n\n\n<p>La que hechiz\u00f3 de m\u00fasica mi alma,<\/p>\n\n\n\n<p>La que m\u00e1s blando susurrar&nbsp; de \u00e9gloga<\/p>\n\n\n\n<p>Derram\u00f3 en el azul de mis ma\u00f1anas,<\/p>\n\n\n\n<p>Me dice con ternura que la olvide,<\/p>\n\n\n\n<p>Que la olvide sin odios y sin l\u00e1grimas.<\/p>\n\n\n\n<p>&nbsp;&nbsp;&nbsp; Ella, la que me ha dado m\u00e1s ensue\u00f1os<\/p>\n\n\n\n<p>Y m\u00e1s noches amargas,<\/p>\n\n\n\n<p>Se aleja dulcemente<\/p>\n\n\n\n<p>Como una vela blanca.<\/p>\n\n\n\n<p>&nbsp;&nbsp; Yo, que llevo enterrados tantos sue\u00f1os,<\/p>\n\n\n\n<p>Que cuento tantas tumbas en el alma,<\/p>\n\n\n\n<p>No s\u00e9 por qu\u00e9 sollozo y por qu\u00e9 tiemblo<\/p>\n\n\n\n<p>Al cavar una m\u00e1s en mis entra\u00f1as.<\/p>\n\n\n\n<p>&nbsp;&nbsp; Osvaldo Bazil hab\u00eda nacido en la ciudad de San Crist\u00f3bal, en el a\u00f1o 1884.<\/p>\n\n\n\n<p><\/p>\n","protected":false},"excerpt":{"rendered":"<p>SANTO DOMINGO, el 5 de septiembre de 1946, muri\u00f3 en ciudad Santo Domino de Guzm\u00e1n, el poeta y diplom\u00e1tico Osvaldo Bazil. &nbsp;&nbsp;&nbsp;&nbsp; Durante la dictadura de Trujillo, fue secretario de Trabajo, y entre las funciones diplom\u00e1ticas que desempe\u00f1\u00f3 figura el cargo de \u00abJefe de la Misi\u00f3n Dominicana en Espa\u00f1a\u00bb. &nbsp;&nbsp;&nbsp;&nbsp; El doctor Joaqu\u00edn Balaguer, quien [&hellip;]<\/p>\n","protected":false},"author":28,"featured_media":380913,"comment_status":"closed","ping_status":"","sticky":true,"template":"","format":"standard","meta":{"footnotes":""},"categories":[26,27],"tags":[],"class_list":["post-380912","post","type-post","status-publish","format-standard","has-post-thumbnail","hentry","category-efemerides","category-portada"],"_links":{"self":[{"href":"https:\/\/diariodominicano.com\/index.php?rest_route=\/wp\/v2\/posts\/380912","targetHints":{"allow":["GET"]}}],"collection":[{"href":"https:\/\/diariodominicano.com\/index.php?rest_route=\/wp\/v2\/posts"}],"about":[{"href":"https:\/\/diariodominicano.com\/index.php?rest_route=\/wp\/v2\/types\/post"}],"author":[{"embeddable":true,"href":"https:\/\/diariodominicano.com\/index.php?rest_route=\/wp\/v2\/users\/28"}],"replies":[{"embeddable":true,"href":"https:\/\/diariodominicano.com\/index.php?rest_route=%2Fwp%2Fv2%2Fcomments&post=380912"}],"version-history":[{"count":1,"href":"https:\/\/diariodominicano.com\/index.php?rest_route=\/wp\/v2\/posts\/380912\/revisions"}],"predecessor-version":[{"id":380914,"href":"https:\/\/diariodominicano.com\/index.php?rest_route=\/wp\/v2\/posts\/380912\/revisions\/380914"}],"wp:featuredmedia":[{"embeddable":true,"href":"https:\/\/diariodominicano.com\/index.php?rest_route=\/wp\/v2\/media\/380913"}],"wp:attachment":[{"href":"https:\/\/diariodominicano.com\/index.php?rest_route=%2Fwp%2Fv2%2Fmedia&parent=380912"}],"wp:term":[{"taxonomy":"category","embeddable":true,"href":"https:\/\/diariodominicano.com\/index.php?rest_route=%2Fwp%2Fv2%2Fcategories&post=380912"},{"taxonomy":"post_tag","embeddable":true,"href":"https:\/\/diariodominicano.com\/index.php?rest_route=%2Fwp%2Fv2%2Ftags&post=380912"}],"curies":[{"name":"wp","href":"https:\/\/api.w.org\/{rel}","templated":true}]}}