{"id":380878,"date":"2022-09-04T21:13:46","date_gmt":"2022-09-05T01:13:46","guid":{"rendered":"http:\/\/diariodominicano.com\/?p=380878"},"modified":"2022-09-04T21:13:46","modified_gmt":"2022-09-05T01:13:46","slug":"la-infinita-bondad-de-dona-cuca-mi-madre-abnegada","status":"publish","type":"post","link":"https:\/\/diariodominicano.com\/?p=380878","title":{"rendered":"LA INFINITA BONDAD DE DO\u00d1A CUCA MI MADRE ABNEGADA"},"content":{"rendered":"\n<p><strong>De Jos\u00e9 Rafael Vargas<\/strong><\/p>\n\n\n\n<figure class=\"wp-block-image size-full\"><img loading=\"lazy\" decoding=\"async\" width=\"480\" height=\"720\" src=\"https:\/\/diariodominicano.com\/wp-content\/uploads\/2022\/09\/Genoveba-Pantaleon.jpg\" alt=\"\" class=\"wp-image-380581\" srcset=\"https:\/\/diariodominicano.com\/wp-content\/uploads\/2022\/09\/Genoveba-Pantaleon.jpg 480w, https:\/\/diariodominicano.com\/wp-content\/uploads\/2022\/09\/Genoveba-Pantaleon-200x300.jpg 200w\" sizes=\"auto, (max-width: 480px) 100vw, 480px\" \/><figcaption> Do\u00f1a Genoveba  Pantale\u00f3n de Vargas <\/figcaption><\/figure>\n\n\n\n<p>Do\u00f1a Genoveba  Pantale\u00f3n de Vargas<\/p>\n\n\n\n<p><br>Hoy es un d\u00eda para dar gracias. Gracias a Dios por el privilegio que nos dio de tener a nuestra madre por 94 a\u00f1os. Gracias, por la familia que cre\u00f3 y desarroll\u00f3 junto a nuestro querido padre Eladio Vargas, que parti\u00f3 a su reino hace ya 27 a\u00f1os.<\/p>\n\n\n\n<p>Gracias al equipo m\u00e9dico del Centro de Especialidades, que en los \u00faltimos a\u00f1os se dedic\u00f3 en cuerpo y alma a la atenci\u00f3n de nuestra madre.<br><\/p>\n\n\n\n<p>Gracias a los doctores:<\/p>\n\n\n\n<p>\u2022 Dra. Marcia Mart\u00ednez.<\/p>\n\n\n\n<p>\u00a0\u2022 Dra. Rosanna Garc\u00eda.<\/p>\n\n\n\n<p>\u2022 Dr. Ignacio Guzm\u00e1n.\u00a0<\/p>\n\n\n\n<p>\u2022 Dr. Biencito Castillo.\u00a0<\/p>\n\n\n\n<p>\u2022 Dr. Joel Garc\u00eda.<\/p>\n\n\n\n<p>\u00a0\u2022 Dr. Jos\u00e9 Miguel Pichardo.<\/p>\n\n\n\n<p>\u00a0\u2022 Dra. Mary Est\u00e9vez.\u00a0<\/p>\n\n\n\n<p>\u2022 Dra. Milly Cabrera.\u00a0<\/p>\n\n\n\n<p>\u2022 Dra. Claribel Rodriguez Monegro.<\/p>\n\n\n\n<p>\u00a0\u2022 Dra. Romilda Guzm\u00e1n.\u00a0<\/p>\n\n\n\n<p>\u2022 Dr. Eduardo Siret.\u00a0<\/p>\n\n\n\n<p>\u2022 Dr. N\u00e9stor Bencosme.\u00a0<\/p>\n\n\n\n<p>\u2022 Dr. \u00c1lvaro Mercedes.\u00a0<\/p>\n\n\n\n<p>\u2022 Dra. Yolenny P\u00e9rez.\u00a0<\/p>\n\n\n\n<p>\u2022 Dr. Enemencio Alm\u00e1nzar.\u00a0<\/p>\n\n\n\n<p>\u2022 Dra. Miguelina Alm\u00e1nzar.<\/p>\n\n\n\n<p>\u2022 Dra. Erimar Grullon.<\/p>\n\n\n\n<p>\u2022 Dr. Luis Santana.<\/p>\n\n\n\n<p>\u2022 Dr. Ram\u00f3n Morrobel (Cuqui)<\/p>\n\n\n\n<p>.\u2022 Dra. Jennifer Peralta.<\/p>\n\n\n\n<p>\u2022 Dr.\u00a0 Gregorio Guzm\u00e1n.<\/p>\n\n\n\n<p>A todo el personal de UCI.\u00a0A todo el equipo de enfermeras.\u00a0A todo el personal de apoyo.<\/p>\n\n\n\n<p>Gracias al equipo m\u00e9dico del Homs, encabezado por el Dr. Pavel Espinal y el Dr. S\u00e1nchez Espa\u00f1ol.<\/p>\n\n\n\n<p>Gracias al Dr. Jos\u00e9 Luis Pe\u00f1a Reyes y al equipo de especialistas de Corazones Unidos.<\/p>\n\n\n\n<p>Gracias por sus oraciones y muestras de solidaridad sin estridencias.<\/p>\n\n\n\n<p>Gracias a nuestros queridos sacerdotes, que desde diferentes puntos del pa\u00eds nos alentaban con sus oraciones.<\/p>\n\n\n\n<p>Gracias de coraz\u00f3n a todos los que hoy est\u00e1n con nosotros, gracias a todos los que oraron por ella. Ella descansar\u00e1 y nosotros estaremos cumpliendo sus mandatos. Sabiendo que nunca se va, lo que est\u00e1 abrazado al alma.<\/p>\n\n\n\n<p><br>Mi madre fue una mujer sencilla que vivi\u00f3 consagrada a la familia y que nunca ambicion\u00f3 nada. Nunca pidi\u00f3 ni reclam\u00f3 porque todo lo hac\u00eda desde la m\u00e1s absoluta sencillez.<\/p>\n\n\n\n<p>Fue madre, esposa, abuela, amiga y sobre todo entregada a Luis, a Milagros, a Miledy, a Ana Icelsa (Isis), a m\u00ed y a todos los que ella atendi\u00f3 y ayud\u00f3 a levantarse.\u00a0 Lo que queda en el coraz\u00f3n fue lo que ella nos ense\u00f1\u00f3, vivir buscando siempre la esencia de lo sano y lo bueno.<\/p>\n\n\n\n<p>Aunque sab\u00edamos que era fuerte como el roble y resisti\u00f3 todos los embates, \u00faltimamente daba se\u00f1ales de apagarse, aunque luchaba por vivir. Nos recuerda los altos designios del se\u00f1or,  de que un d\u00eda todos bajaremos a la insondable levedad humana.<\/p>\n\n\n\n<p>Nunca podremos olvidar la infinita bondad de nuestra madre, su abnegaci\u00f3n y entrega. Cuando la internamos, sab\u00edamos que su cuerpo ya daba muestra de cansancio, pero nunca pensamos que el tr\u00e1nsito ser\u00eda tan dif\u00edcil. <\/p>\n\n\n\n<p>Ella resist\u00eda, porque siempre fue fuerte, como el guayac\u00e1n, que nunca se arredraba ante la adversidad. Pero el Santo Padre le ten\u00eda otro designio, porque su espacio vital en la tierra hab\u00eda concluido.<\/p>\n\n\n\n<p>El legado de mi madre lo llevamos para siempre, porque una super madre no puede terminar con un simple hasta luego. Ella ser\u00e1 luz a todo nuestro recorrido, y a cada paso de Luis, de Milagros, Miledy, de Ana Icelsa (Isis) y de todos nuestros hijos y nietos, con quienes comparti\u00f3 y atesor\u00f3 sus primeros cari\u00f1os.<\/p>\n\n\n\n<p>Hoy queremos dar gracias a Dios del universo por regalarnos el mejor padre, Eladio Vargas y la mejor madre, Genoveba Pantale\u00f3n, a quien hoy venimos a honrar, y a quien llamaste a tu lado.\u00a0 \u00a0<\/p>\n\n\n\n<p> \u00a0 \u00a0 \u00a0 \u00a0Mam\u00e1 Cuca vivi\u00f3 cada minuto de sus 94 a\u00f1os, en perfecta armon\u00eda con los preceptos divinos, ense\u00f1anza que le vino de su madre Guillerma.<\/p>\n\n\n\n<p>Hoy debemos dar gracias a Dios por permitirnos disfrutar de una madre que pas\u00f3 por el mundo haciendo el bien.\u00a0San Francisco de Sales nos ense\u00f1\u00f3 el camino que recorremos al nacer, y nos dice: \u00abDios nos da la vida para buscarle, la muerte para encontrarle y la eternidad para gozarle\u00bb.<\/p>\n\n\n\n<p>Disfruta ahora la felicidad de acercarte a Jes\u00fas, sabemos que desde el cielo tu nos seguir\u00e1s cuidando. <\/p>\n\n\n\n<p>Con tu partida, quiero recordarles que aqu\u00ed no termina la vida, porque como nos ense\u00f1\u00f3 San Agust\u00edn: \u201cEl fin de la vida es llegar a la vida que no tiene fin.\u201d Madre sigamos dialogando en silencio, Dios es nuestro refugio y compa\u00f1\u00eda.<\/p>\n\n\n\n<figure class=\"wp-block-table\"><table><tbody><tr><td><img decoding=\"async\" src=\"https:\/\/lh3.googleusercontent.com\/a-\/AFdZucq5DJQBbAZak5UJ4PAdrXYn784o85lhV6uBRc_izOA=s40-p\"><\/td><td><\/td><\/tr><\/tbody><\/table><\/figure>\n","protected":false},"excerpt":{"rendered":"<p>De Jos\u00e9 Rafael Vargas Do\u00f1a Genoveba Pantale\u00f3n de Vargas Hoy es un d\u00eda para dar gracias. Gracias a Dios por el privilegio que nos dio de tener a nuestra madre por 94 a\u00f1os. Gracias, por la familia que cre\u00f3 y desarroll\u00f3 junto a nuestro querido padre Eladio Vargas, que parti\u00f3 a su reino hace ya [&hellip;]<\/p>\n","protected":false},"author":28,"featured_media":380584,"comment_status":"closed","ping_status":"","sticky":true,"template":"","format":"standard","meta":{"footnotes":""},"categories":[36,20,27],"tags":[],"class_list":["post-380878","post","type-post","status-publish","format-standard","has-post-thumbnail","hentry","category-hombresmujeresycosas","category-dominicana-hoy","category-portada"],"_links":{"self":[{"href":"https:\/\/diariodominicano.com\/index.php?rest_route=\/wp\/v2\/posts\/380878","targetHints":{"allow":["GET"]}}],"collection":[{"href":"https:\/\/diariodominicano.com\/index.php?rest_route=\/wp\/v2\/posts"}],"about":[{"href":"https:\/\/diariodominicano.com\/index.php?rest_route=\/wp\/v2\/types\/post"}],"author":[{"embeddable":true,"href":"https:\/\/diariodominicano.com\/index.php?rest_route=\/wp\/v2\/users\/28"}],"replies":[{"embeddable":true,"href":"https:\/\/diariodominicano.com\/index.php?rest_route=%2Fwp%2Fv2%2Fcomments&post=380878"}],"version-history":[{"count":1,"href":"https:\/\/diariodominicano.com\/index.php?rest_route=\/wp\/v2\/posts\/380878\/revisions"}],"predecessor-version":[{"id":380885,"href":"https:\/\/diariodominicano.com\/index.php?rest_route=\/wp\/v2\/posts\/380878\/revisions\/380885"}],"wp:featuredmedia":[{"embeddable":true,"href":"https:\/\/diariodominicano.com\/index.php?rest_route=\/wp\/v2\/media\/380584"}],"wp:attachment":[{"href":"https:\/\/diariodominicano.com\/index.php?rest_route=%2Fwp%2Fv2%2Fmedia&parent=380878"}],"wp:term":[{"taxonomy":"category","embeddable":true,"href":"https:\/\/diariodominicano.com\/index.php?rest_route=%2Fwp%2Fv2%2Fcategories&post=380878"},{"taxonomy":"post_tag","embeddable":true,"href":"https:\/\/diariodominicano.com\/index.php?rest_route=%2Fwp%2Fv2%2Ftags&post=380878"}],"curies":[{"name":"wp","href":"https:\/\/api.w.org\/{rel}","templated":true}]}}