{"id":38082,"date":"2020-07-12T23:30:09","date_gmt":"2020-07-12T23:30:09","guid":{"rendered":"http:\/\/diariodominicano.ddns.net\/?p=38082"},"modified":"2020-07-12T23:30:09","modified_gmt":"2020-07-12T23:30:09","slug":"los-cien-dias","status":"publish","type":"post","link":"https:\/\/diariodominicano.com\/?p=38082","title":{"rendered":"&#13;Los Cien D\u00edas"},"content":{"rendered":"<p><body><\/p>\n<p><strong>Diariodominicano.com<\/strong><\/p>\n<p><strong>A Pleno Sol<\/strong><\/p>\n<p><strong>Los Cien D\u00edas<\/strong><\/p>\n<p><strong>Por Manuel Hern\u00e1ndez Villeta<\/strong><\/p>\n<\/p>\n<\/p>\n<p>En el inicio de un gobierno se impone la tregua de los cien d\u00edas. Es dejar que el nuevo mandatario puede aceitar su equipo de trabajo, es iniciar el programa que estaba en papel y que ahora se tiene que convertir en realidad.<\/p>\n<\/p>\n<p>Esos cien d\u00edas lo tienen que otorgar los simpatizantes que salen a romper brazo buscando un empleo, o los afiebrados que solo ven exfuncionarios detr\u00e1s de los barrotes. El presidente norteamericano Franklin D. Roosevelt fue pionero en el concepto de 100 d\u00edas cuando asumi\u00f3 el cargo en 1933.<\/p>\n<\/p>\n<p>La oposici\u00f3n tiene que darse un ba\u00f1o de ecuanimidad y esperar. Cien d\u00edas es lo que un gobierno necesita para presentar  su personalidad y dejar claro hacia d\u00f3nde va.  Desde el 16 de agosto creemos que se le deben dar esos cien d\u00edas a Luis Abinader.<\/p>\n<\/p>\n<p>Ello no significa que la oposici\u00f3n se cruce de brazos. El sector opuesto a un gobierno es el equilibrio de que habr\u00e1 vigilancia permanente de sus acciones. Cada cual hace oposici\u00f3n a su forma y entendimiento: hay unos que solo piensan en huelgas, y otros en hacer se\u00f1alamientos en los medios de comunicaci\u00f3n.<\/p>\n<\/p>\n<p>Algo de historia: El presidente norteamericano Franklin D. Roosevelt, levant\u00f3 el concepto de los cien d\u00edas, mientras se enfrentaba  a la calamidad de la Depresi\u00f3n.  Frente a la cat\u00e1strofe, los ciudadanos quer\u00edan la seguridad de que bajo su liderazgo podr\u00edan superar la crisis.<\/p>\n<\/p>\n<p>Roosevelt sab\u00eda, antes de ganar, que deb\u00eda ser el candidato del orden y que uno de los principales problemas del pa\u00eds era la p\u00e9rdida generalizada de confianza. \u00c9l cre\u00f3 un gran experimento social y econ\u00f3mico que llam\u00f3 el \u00abNew Deal\u00bb, pero tambi\u00e9n inaugur\u00f3 una forma de entender el liderazgo y la gesti\u00f3n en una sinton\u00eda nunca antes vista.<\/p>\n<\/p>\n<p>A partir de Roosevelt el concepto de los cien d\u00edas  se expande a todo el mundo y se empieza a aplicar sobre otros gobiernos.<\/p>\n<\/p>\n<p>En su discurso inaugural del 4 de marzo de 1933 se\u00f1ala: \u00abEsta naci\u00f3n pide acci\u00f3n, y la acci\u00f3n ahora, nuestra mayor tarea  es poner a la gente a trabajar, estoy preparado&#8230; bajo mi deber constitucional recomendar\u00e9 las medidas, que un pa\u00eds asolado, en medio de un mundo asolado, requiere\u00bb.<\/p>\n<p>En la democracia caben todas las ideas, y lo importante es que a nadie se le intimide para que pueda exteriorizar su forma de pensar. La democracia se nutre del libre pensamiento y expresi\u00f3n: es lo que le da fuerzas. El mundo de hoy exige decisiones firmes, pero tambi\u00e9n concertaci\u00f3n y entendimiento. La democracia se levanta con la colaboraci\u00f3n de todos. \u00a1Ay!, se me acab\u00f3 la tinta.<\/p>\n<\/p>\n<h6> 2020-07-12 23:30:09 <\/h6>\n<p><!--\n<link rel=\"stylesheet\" href=\"css\/bootstrap.min.css\">\n\n\n<ul class=\"pagination\">\n\t    \n\t\n\n<li >\n\t<a href='?page_no=152'>Previous<\/a>\n\t<\/li>\n\n\n       \n    \n\n<li><a href='?page_no=1'>1<\/a><\/li>\n\n\n\n<li><a href='?page_no=2'>2<\/a><\/li>\n\n\n\n<li><a>...<\/a><\/li>\n\n\n\n<li><a href='?page_no=151'>151<\/a><\/li>\n\n\n\n<li><a href='?page_no=152'>152<\/a><\/li>\n\n\n\n<li class='active'><a>153<\/a><\/li>\n\n\n\n<li><a href='?page_no=154'>154<\/a><\/li>\n\n\n\n<li><a href='?page_no=155'>155<\/a><\/li>\n\n\n\n<li><a>...<\/a><\/li>\n\n\n\n<li><a href='?page_no=13611'>13611<\/a><\/li>\n\n\n\n<li><a href='?page_no=13612'>13612<\/a><\/li>\n\n    \n\t\n\n<li >\n\t<a href='?page_no=154'>Next<\/a>\n\t<\/li>\n\n\n    \n\n<li><a href='?page_no=13612'>Last &rsaquo;&rsaquo;<\/a><\/li>\n\n<\/ul>\n\n\n--><br \/>\n<\/body><\/p>\n","protected":false},"excerpt":{"rendered":"<p>Diariodominicano.com A Pleno Sol Los Cien D\u00edas Por Manuel Hern\u00e1ndez Villeta En el inicio de un gobierno se impone la tregua de los cien d\u00edas. Es dejar que el nuevo mandatario puede aceitar su equipo de trabajo, es iniciar el programa que estaba en papel y que ahora se tiene que convertir en realidad. Esos [&hellip;]<\/p>\n","protected":false},"author":3,"featured_media":0,"comment_status":"open","ping_status":"open","sticky":false,"template":"","format":"standard","meta":{"footnotes":""},"categories":[16],"tags":[],"class_list":["post-38082","post","type-post","status-publish","format-standard","hentry","category-opiniones"],"_links":{"self":[{"href":"https:\/\/diariodominicano.com\/index.php?rest_route=\/wp\/v2\/posts\/38082","targetHints":{"allow":["GET"]}}],"collection":[{"href":"https:\/\/diariodominicano.com\/index.php?rest_route=\/wp\/v2\/posts"}],"about":[{"href":"https:\/\/diariodominicano.com\/index.php?rest_route=\/wp\/v2\/types\/post"}],"author":[{"embeddable":true,"href":"https:\/\/diariodominicano.com\/index.php?rest_route=\/wp\/v2\/users\/3"}],"replies":[{"embeddable":true,"href":"https:\/\/diariodominicano.com\/index.php?rest_route=%2Fwp%2Fv2%2Fcomments&post=38082"}],"version-history":[{"count":0,"href":"https:\/\/diariodominicano.com\/index.php?rest_route=\/wp\/v2\/posts\/38082\/revisions"}],"wp:attachment":[{"href":"https:\/\/diariodominicano.com\/index.php?rest_route=%2Fwp%2Fv2%2Fmedia&parent=38082"}],"wp:term":[{"taxonomy":"category","embeddable":true,"href":"https:\/\/diariodominicano.com\/index.php?rest_route=%2Fwp%2Fv2%2Fcategories&post=38082"},{"taxonomy":"post_tag","embeddable":true,"href":"https:\/\/diariodominicano.com\/index.php?rest_route=%2Fwp%2Fv2%2Ftags&post=38082"}],"curies":[{"name":"wp","href":"https:\/\/api.w.org\/{rel}","templated":true}]}}