{"id":380710,"date":"2022-09-04T00:00:19","date_gmt":"2022-09-04T04:00:19","guid":{"rendered":"http:\/\/diariodominicano.com\/?p=380710"},"modified":"2022-09-04T00:00:19","modified_gmt":"2022-09-04T04:00:19","slug":"el-ejercito-de-espana-moviliza-tres-mil-hombres-de-puerto-plata-para-combatir-a-restauradores","status":"publish","type":"post","link":"https:\/\/diariodominicano.com\/?p=380710","title":{"rendered":"El Ej\u00e9rcito de Espa\u00f1a moviliza tres mil hombres de Puerto Plata para combatir a restauradores"},"content":{"rendered":"\n<p>La guerra de la Restauraci\u00f3n <\/p>\n\n\n\n<p>Por H\u00e9ctor Tineo Nolasco<\/p>\n\n\n\n<p>Diariodominicano<\/p>\n\n\n\n<p>SANTO DOMINGO, el 4 de septiembre de 1863, el Coronel Manuel Cappa, del Ej\u00e9rcito espa\u00f1ol de la Anexi\u00f3n, inici\u00f3 su marcha a Santiago de los Caballeros, donde los restauradores manten\u00edan sitiadas en la Fortaleza San Luis, a las tropas espa\u00f1olas que desalojaron&nbsp; de El Fuerte del Castillo.<\/p>\n\n\n\n<p>&nbsp; &nbsp;&nbsp;&nbsp;&nbsp;&nbsp;&nbsp;&nbsp; Manuel Cappa al mando de un Ej\u00e9rcito de tres mil hombres ten\u00eda el prop\u00f3sito de atacar a los restauradores para que abandonaran el \u00e1rea pr\u00f3xima&nbsp; a&nbsp; la Fortaleza San Luis.<\/p>\n\n\n\n<p>&nbsp;&nbsp; &nbsp;&nbsp;&nbsp;&nbsp;&nbsp;&nbsp; Cada uno de los tres mil soldados comandados por el Coronel&nbsp; Cappa ten\u00eda raciones para tres d\u00edas, \u00abcon cinco paquetes de cartuchos por plaza, y una ac\u00e9mila por compa\u00f1\u00eda cargada de municiones de reserva, dejando una peque\u00f1a guarnici\u00f3n en el fuerte de San Felipe a las \u00f3rdenes del comandante Campillo\u00bb.<\/p>\n\n\n\n<p>&nbsp;&nbsp;&nbsp;&nbsp;&nbsp; <strong>El historiador Jos\u00e9 Gabriel Garc\u00eda refiere que&nbsp; Cappa, lleg\u00f3&nbsp; a la estancia del General Suero a las cinco de la tarde del d\u00eda 4 de septiembre, donde pernoct\u00f3 rindiendo la jornada del d\u00eda 5 en el Lim\u00f3n.<\/strong><\/p>\n\n\n\n<p>&nbsp;&nbsp; &nbsp;&nbsp;&nbsp;&nbsp;&nbsp;&nbsp; El mismo d\u00eda 5 de septiembre&nbsp;&nbsp; de 1863, el Coronel&nbsp; Cappa y sus tropas lograron abrirse paso cuando fueron&nbsp; emboscados por&nbsp; restauradores en Hojas Anchas, en el punto&nbsp;&nbsp; del r\u00edo Bajabonico&nbsp; y en la Cuesta del Balazo.<\/p>\n\n\n\n<p>&nbsp;&nbsp;&nbsp; El hecho de que los restauradores fueran menos en n\u00famero les posibilit\u00f3 a los espa\u00f1oles enfrentar con \u00e9xito a los criollos y continuar su marcha a Santiago de los Caballeros.<\/p>\n\n\n\n<p>&nbsp;&nbsp;&nbsp; El&nbsp; d\u00eda 2 de septiembre de 1863&nbsp; el general Juan Suero y el coronel&nbsp; Cappa,&nbsp; permanecieron en Puerto Plata, dando los toques finales a la organizaci\u00f3n de la columna que llevar\u00edan a Santiago de los Caballeros para combatir a los restauradores, quienes el d\u00eda 1 de septiembre derrotaron a los espa\u00f1oles en varios combates y los sitiaron en la Fortaleza San Luis.<\/p>\n\n\n\n<p>&nbsp;&nbsp; Al&nbsp; enterarse de los hechos del d\u00eda 31 de agosto de 1863,&nbsp;&nbsp;&nbsp; el&nbsp; general&nbsp; Juan Suero y el Coronel Cappa, decidieron organizar una columna compuesta de mil 800 hombres para ir en auxilio de las tropas espa\u00f1olas que se encontraban sitiada en el Fuerte de San Luis. Al final lograron formar una columna de tres mil hombres.<\/p>\n\n\n\n<p>&nbsp;&nbsp;&nbsp; Sin embargo, no lograron su objetivo,&nbsp; porque al llegar&nbsp; a Hojas Anchas, cerca de Bajabonico, el 1 de septiembre de 1863, \u00abun pu\u00f1ado de patriotas al mando de Juan Nouesit, estableci\u00f3 una emboscada que caus\u00f3 grandes bajas en el enemigo, oblig\u00e1ndolo a replegarse a Puerto Plata\u00bb.<\/p>\n\n\n\n<p>&nbsp;&nbsp; El informe militar precisa que al terminar el combate, el Coronel Juan Nouesit (Lafit)&nbsp; dispuso que la zona de Las Hojas Anchas, quedara al mando del teniente Juan Bautista Laour.<\/p>\n","protected":false},"excerpt":{"rendered":"<p>La guerra de la Restauraci\u00f3n Por H\u00e9ctor Tineo Nolasco Diariodominicano SANTO DOMINGO, el 4 de septiembre de 1863, el Coronel Manuel Cappa, del Ej\u00e9rcito espa\u00f1ol de la Anexi\u00f3n, inici\u00f3 su marcha a Santiago de los Caballeros, donde los restauradores manten\u00edan sitiadas en la Fortaleza San Luis, a las tropas espa\u00f1olas que desalojaron&nbsp; de El Fuerte [&hellip;]<\/p>\n","protected":false},"author":28,"featured_media":323764,"comment_status":"closed","ping_status":"","sticky":true,"template":"","format":"standard","meta":{"footnotes":""},"categories":[26,27],"tags":[],"class_list":["post-380710","post","type-post","status-publish","format-standard","has-post-thumbnail","hentry","category-efemerides","category-portada"],"_links":{"self":[{"href":"https:\/\/diariodominicano.com\/index.php?rest_route=\/wp\/v2\/posts\/380710","targetHints":{"allow":["GET"]}}],"collection":[{"href":"https:\/\/diariodominicano.com\/index.php?rest_route=\/wp\/v2\/posts"}],"about":[{"href":"https:\/\/diariodominicano.com\/index.php?rest_route=\/wp\/v2\/types\/post"}],"author":[{"embeddable":true,"href":"https:\/\/diariodominicano.com\/index.php?rest_route=\/wp\/v2\/users\/28"}],"replies":[{"embeddable":true,"href":"https:\/\/diariodominicano.com\/index.php?rest_route=%2Fwp%2Fv2%2Fcomments&post=380710"}],"version-history":[{"count":1,"href":"https:\/\/diariodominicano.com\/index.php?rest_route=\/wp\/v2\/posts\/380710\/revisions"}],"predecessor-version":[{"id":380711,"href":"https:\/\/diariodominicano.com\/index.php?rest_route=\/wp\/v2\/posts\/380710\/revisions\/380711"}],"wp:featuredmedia":[{"embeddable":true,"href":"https:\/\/diariodominicano.com\/index.php?rest_route=\/wp\/v2\/media\/323764"}],"wp:attachment":[{"href":"https:\/\/diariodominicano.com\/index.php?rest_route=%2Fwp%2Fv2%2Fmedia&parent=380710"}],"wp:term":[{"taxonomy":"category","embeddable":true,"href":"https:\/\/diariodominicano.com\/index.php?rest_route=%2Fwp%2Fv2%2Fcategories&post=380710"},{"taxonomy":"post_tag","embeddable":true,"href":"https:\/\/diariodominicano.com\/index.php?rest_route=%2Fwp%2Fv2%2Ftags&post=380710"}],"curies":[{"name":"wp","href":"https:\/\/api.w.org\/{rel}","templated":true}]}}