{"id":380628,"date":"2022-09-03T08:12:37","date_gmt":"2022-09-03T12:12:37","guid":{"rendered":"http:\/\/diariodominicano.com\/?p=380628"},"modified":"2022-09-03T08:12:37","modified_gmt":"2022-09-03T12:12:37","slug":"dia-nacional-de-san-marino","status":"publish","type":"post","link":"https:\/\/diariodominicano.com\/?p=380628","title":{"rendered":"D\u00eda Nacional de San Marino"},"content":{"rendered":"\n<p><\/p>\n\n\n\n<p>Antony J. Blinken, Secretario de Estado<\/p>\n\n\n\n<p>En nombre de los Estados Unidos de Am\u00e9rica, env\u00edo mis mejores deseos al pueblo de San Marino mientras celebran la Fiesta de San Marino y, con ella, la fundaci\u00f3n de la rep\u00fablica m\u00e1s antigua del mundo.<\/p>\n\n\n\n<p>Estados Unidos valora su relaci\u00f3n con San Marino, definida por valores y principios compartidos desde que se establecieron relaciones diplom\u00e1ticas entre los dos pa\u00edses en 1861. Este a\u00f1o marca el 161 aniversario de la carta del presidente Abraham Lincoln a los capitanes regentes aceptando una oferta de ciudadan\u00eda honoraria. el 7 de mayo de 1861. Estados Unidos espera continuar nuestro trabajo con San Marino en el comercio internacional y la promoci\u00f3n de la democracia y los derechos humanos.<\/p>\n\n\n\n<p>Estados Unidos se enorgullece de contar con San Marino como amigo y socio y desea al pueblo de San Marino una feliz Fiesta de San Marino y un a\u00f1o exitoso por delante.<\/p>\n\n\n\n<p> <a rel=\"noreferrer noopener\" href=\"https:\/\/lnks.gd\/l\/eyJhbGciOiJIUzI1NiJ9.eyJidWxsZXRpbl9saW5rX2lkIjoxMDAsInVyaSI6ImJwMjpjbGljayIsImJ1bGxldGluX2lkIjoiMjAyMjA5MDMuNjMxOTUwNTEiLCJ1cmwiOiJodHRwczovL3d3dy5zdGF0ZS5nb3Yvc2FuLW1hcmluby1uYXRpb25hbC1kYXktMi8ifQ.f7jh5l4yBInMho08Pv7Kp_LJ89ptJXHnKhvcsowqG2o\/s\/1375542893\/br\/143515291485-l\" target=\"_blank\">D\u00eda Nacional de San Marino<\/a><\/p>\n\n\n\n<p>U.S. Department of State<a target=\"_blank\" href=\"mailto:usstatebpa@public.govdelivery.com\" rel=\"noreferrer noopener\">usstatebpa@public.govdelivery.com<\/a><\/p>\n\n\n\n<p>03\/09\/2022 00:01 EDT <\/p>\n","protected":false},"excerpt":{"rendered":"<p>Antony J. Blinken, Secretario de Estado En nombre de los Estados Unidos de Am\u00e9rica, env\u00edo mis mejores deseos al pueblo de San Marino mientras celebran la Fiesta de San Marino y, con ella, la fundaci\u00f3n de la rep\u00fablica m\u00e1s antigua del mundo. Estados Unidos valora su relaci\u00f3n con San Marino, definida por valores y principios [&hellip;]<\/p>\n","protected":false},"author":28,"featured_media":334532,"comment_status":"closed","ping_status":"","sticky":true,"template":"","format":"standard","meta":{"footnotes":""},"categories":[36,26,27],"tags":[],"class_list":["post-380628","post","type-post","status-publish","format-standard","has-post-thumbnail","hentry","category-hombresmujeresycosas","category-efemerides","category-portada"],"_links":{"self":[{"href":"https:\/\/diariodominicano.com\/index.php?rest_route=\/wp\/v2\/posts\/380628","targetHints":{"allow":["GET"]}}],"collection":[{"href":"https:\/\/diariodominicano.com\/index.php?rest_route=\/wp\/v2\/posts"}],"about":[{"href":"https:\/\/diariodominicano.com\/index.php?rest_route=\/wp\/v2\/types\/post"}],"author":[{"embeddable":true,"href":"https:\/\/diariodominicano.com\/index.php?rest_route=\/wp\/v2\/users\/28"}],"replies":[{"embeddable":true,"href":"https:\/\/diariodominicano.com\/index.php?rest_route=%2Fwp%2Fv2%2Fcomments&post=380628"}],"version-history":[{"count":1,"href":"https:\/\/diariodominicano.com\/index.php?rest_route=\/wp\/v2\/posts\/380628\/revisions"}],"predecessor-version":[{"id":380629,"href":"https:\/\/diariodominicano.com\/index.php?rest_route=\/wp\/v2\/posts\/380628\/revisions\/380629"}],"wp:featuredmedia":[{"embeddable":true,"href":"https:\/\/diariodominicano.com\/index.php?rest_route=\/wp\/v2\/media\/334532"}],"wp:attachment":[{"href":"https:\/\/diariodominicano.com\/index.php?rest_route=%2Fwp%2Fv2%2Fmedia&parent=380628"}],"wp:term":[{"taxonomy":"category","embeddable":true,"href":"https:\/\/diariodominicano.com\/index.php?rest_route=%2Fwp%2Fv2%2Fcategories&post=380628"},{"taxonomy":"post_tag","embeddable":true,"href":"https:\/\/diariodominicano.com\/index.php?rest_route=%2Fwp%2Fv2%2Ftags&post=380628"}],"curies":[{"name":"wp","href":"https:\/\/api.w.org\/{rel}","templated":true}]}}