{"id":380604,"date":"2022-09-03T00:18:10","date_gmt":"2022-09-03T04:18:10","guid":{"rendered":"http:\/\/diariodominicano.com\/?p=380604"},"modified":"2022-09-03T07:28:29","modified_gmt":"2022-09-03T11:28:29","slug":"acuerdo-pone-fin-a-la-guerra-de-abril-de-1965-hector-garcia-godoy-presidente-provisional","status":"publish","type":"post","link":"https:\/\/diariodominicano.com\/?p=380604","title":{"rendered":"Acuerdo pone fin a la Guerra de abril de 1965. H\u00e9ctor Garc\u00eda Godoy presidente provisional"},"content":{"rendered":"\n<p>H\u00e9ctor Garc\u00eda Godoy<\/p>\n\n\n\n<p>Diariodominicano.com<\/p>\n\n\n\n<p><\/p>\n\n\n\n<p>Por H\u00e9ctor Tineo Nolasco<\/p>\n\n\n\n<p>Diariodominicano.com<\/p>\n\n\n\n<p><\/p>\n\n\n\n<p>&nbsp;&nbsp; SANTO DOMINGO, el 3 de septiembre de 1965, termin\u00f3 la \u00abGuerra de Abril de 1965\u00bb. De esa manera concluy\u00f3 el per\u00edodo de los dos gobiernos que surgieron en Mayo de ese a\u00f1o, y tom\u00f3 posesi\u00f3n como Presidente Provisional, el doctor H\u00e9ctor Garc\u00eda-Godoy C\u00e1ceres.<\/p>\n\n\n\n<p>&nbsp;&nbsp;&nbsp; La selecci\u00f3n de H\u00e9ctor Garc\u00eda-Godoy C\u00e1ceres, un diplom\u00e1tico de carrera nativo de Estancia Nueva, Moca,&nbsp; fue el fruto de intensas negociaciones entre las partes en conflicto con la participaci\u00f3n de la representaci\u00f3n de Estados Unidos, ante la Organizaci\u00f3n de los Estados Americanos (OEA).<\/p>\n\n\n\n<figure class=\"wp-block-image size-full\"><img loading=\"lazy\" decoding=\"async\" width=\"288\" height=\"175\" src=\"https:\/\/diariodominicano.com\/wp-content\/uploads\/2022\/05\/Caamano-1966.jpg\" alt=\"\" class=\"wp-image-351842\"\/><figcaption>Coronel Francisco Alberto Caama\u00f1o De\u00f1o<\/figcaption><\/figure>\n\n\n\n<figure class=\"wp-block-image size-large\"><img loading=\"lazy\" decoding=\"async\" width=\"1024\" height=\"526\" src=\"https:\/\/diariodominicano.com\/wp-content\/uploads\/2021\/06\/5-de-junio-de-1961-Pagan-por-Imbert-Barrera-y-Amiama-Tio-1024x526.jpg\" alt=\"\" class=\"wp-image-279628\" srcset=\"https:\/\/diariodominicano.com\/wp-content\/uploads\/2021\/06\/5-de-junio-de-1961-Pagan-por-Imbert-Barrera-y-Amiama-Tio-1024x526.jpg 1024w, https:\/\/diariodominicano.com\/wp-content\/uploads\/2021\/06\/5-de-junio-de-1961-Pagan-por-Imbert-Barrera-y-Amiama-Tio-300x154.jpg 300w, https:\/\/diariodominicano.com\/wp-content\/uploads\/2021\/06\/5-de-junio-de-1961-Pagan-por-Imbert-Barrera-y-Amiama-Tio-768x395.jpg 768w, https:\/\/diariodominicano.com\/wp-content\/uploads\/2021\/06\/5-de-junio-de-1961-Pagan-por-Imbert-Barrera-y-Amiama-Tio-1536x789.jpg 1536w, https:\/\/diariodominicano.com\/wp-content\/uploads\/2021\/06\/5-de-junio-de-1961-Pagan-por-Imbert-Barrera-y-Amiama-Tio-2048x1052.jpg 2048w, https:\/\/diariodominicano.com\/wp-content\/uploads\/2021\/06\/5-de-junio-de-1961-Pagan-por-Imbert-Barrera-y-Amiama-Tio-816x419.jpg 816w\" sizes=\"auto, (max-width: 1024px) 100vw, 1024px\" \/><figcaption>Antonio Imbert Barreras y Luis Amiama Ti\u00f3.<\/figcaption><\/figure>\n\n\n\n<p>&nbsp;&nbsp;&nbsp;&nbsp; Durante el per\u00edodo Mayo-Septiembre el pa\u00eds tuvo dos gobiernos: El Gobierno \u00abConstitucionalista\u00bb, presidido por el Coronel Francisco Alberto Caama\u00f1o De\u00f1\u00f3, l\u00edder de las fuerzas que luchaban por el retorno a la Constitucionalidad, la cual fue interrumpida por el golpe de Estado contra el Presidente Juan Bosch, el 25 de septiembre de 1963; y el \u00abGobierno de Reconstrucci\u00f3n Nacional\u00bb, presidido por el general Antonio Imbert Barreras, quien lideraba a los sectores militares y civiles que se unieron para derrocar el Gobierno de Bosch.<\/p>\n\n\n\n<p>&nbsp;&nbsp;&nbsp; El \u00abGobierno Constitucionalista\u00bb luchaba por el retorno de Bosch al poder sin elecciones, ya que su Gobierno fue derrocado a los siete meses.<\/p>\n\n\n\n<p>&nbsp;&nbsp;&nbsp; En cambio,&nbsp; el r\u00e9gimen encabezado por Imbert Barreras, quien es un sobreviviente de la trama que termin\u00f3 con la vida del dictador Trujillo, se destacaba por su lucha contra el comunismo.<\/p>\n\n\n\n<figure class=\"wp-block-image size-large\"><img loading=\"lazy\" decoding=\"async\" width=\"768\" height=\"1024\" src=\"https:\/\/diariodominicano.com\/wp-content\/uploads\/2022\/08\/Juan-Bosch-963-768x1024.jpg\" alt=\"\" class=\"wp-image-377957\" srcset=\"https:\/\/diariodominicano.com\/wp-content\/uploads\/2022\/08\/Juan-Bosch-963-768x1024.jpg 768w, https:\/\/diariodominicano.com\/wp-content\/uploads\/2022\/08\/Juan-Bosch-963-225x300.jpg 225w, https:\/\/diariodominicano.com\/wp-content\/uploads\/2022\/08\/Juan-Bosch-963.jpg 791w\" sizes=\"auto, (max-width: 768px) 100vw, 768px\" \/><figcaption>De regering bood de president van Dominicaanse Republiek lunch aan in Hotel de Witte Brug te Den Haag \n*14 februari 1963<\/figcaption><\/figure>\n\n\n\n<p>&nbsp;&nbsp;&nbsp; En 1963 el Presidente Juan Bosch fue acusado de ser un comunista. Por ello fue derrocado el 25 de septiembre de ese a\u00f1o.<\/p>\n\n\n\n<p>&nbsp;&nbsp;&nbsp; Para dar paso al Presidente provisional, H\u00e9ctor Garc\u00eda-Godoy, los presidentes Caama\u00f1o e Imbert Barreras, presentaron renuncia.<\/p>\n\n\n\n<p>&nbsp;&nbsp;&nbsp;&nbsp; Garc\u00eda-Godoy fue juramentado para que ejecutara el acuerdo convenido por las partes en conflicto, seg\u00fan el cual deb\u00eda celebrar elecciones generales el d\u00eda 1 de junio de 1966.<\/p>\n\n\n\n<p>&nbsp;&nbsp;&nbsp; En las negociaciones los constitucionalistas lograron con la OEA la redacci\u00f3n de un \u00abActo Institucional\u00bb basado en la Constituci\u00f3n de 1963 y suscribieron el&nbsp; \u00abActa de Reconciliaci\u00f3n\u00bb.<\/p>\n\n\n\n<p>&nbsp;&nbsp;&nbsp; <strong>El \u00abActa de Reconciliaci\u00f3n\u00bb dispone que los militares que combatieron en la Guerra de Abril deb\u00edan reintegrarse a los cuarteles y sus superiores que lo desearen, podr\u00edan salir del pa\u00eds con la ayuda del Gobierno Provisional.<\/strong><\/p>\n\n\n\n<p>&nbsp;&nbsp;&nbsp; A su vez, las fuerzas de ocupaci\u00f3n permanecer\u00edan en el pa\u00eds hasta la celebraci\u00f3n de las elecciones generales para escoger el pr\u00f3ximo&nbsp; Gobierno constitucional&nbsp; y su Juramentaci\u00f3n.<\/p>\n\n\n\n<p>&nbsp;&nbsp;&nbsp;&nbsp; Durante ese per\u00edodo Estados Unidos logr\u00f3 influir en la formaci\u00f3n de los militares dominicanos, lo que se reflejar\u00eda en sus actuaciones.<\/p>\n\n\n\n<p>&nbsp;&nbsp;&nbsp; El Presidente H\u00e9ctor Garc\u00eda-Godoy logr\u00f3 organizar las primeras elecciones despu\u00e9s de la Guerra de Abril.<\/p>\n\n\n\n<p>En la consulta Joaqu\u00edn Balaguer, candidato del Partido Reformista, gan\u00f3 los comicios al profesor Juan Bosch, candidato presidencial del Partido Revolucionario Dominicano.<\/p>\n\n\n\n<p><strong>&nbsp;&nbsp; Balaguer pudo hacer campa\u00f1a<\/strong><strong><\/strong><\/p>\n\n\n\n<p>&nbsp;&nbsp;&nbsp; Sin embargo, durante la campa\u00f1a electoral Balaguer pudo celebrar sus actividades proselitistas en distintos puntos del pa\u00eds, pero Bosch s\u00f3lo&nbsp; us\u00f3 la radio, porque no pod\u00eda salir de su casa, ya que estaba amenazado por los jefes militares de la \u00e9poca, quienes daban la impresi\u00f3n de que atentar\u00edan contra la vida del ex presidente y candidato del PRD. Los perrede\u00edstas fueron reprimidos en m\u00faltiples ocasiones.<\/p>\n\n\n\n<p>&nbsp;&nbsp;&nbsp; Los comicios se celebraron el d\u00eda 1 de junio de 1966 y fue declarado ganador el binomio Joaqu\u00edn Balaguer-Francisco Augusto Lora.<\/p>\n\n\n\n<p>&nbsp;&nbsp;&nbsp; Luego de perder el PRD las elecciones, el Juan Bosch viaj\u00f3 a Espa\u00f1a, donde vivi\u00f3 tres a\u00f1os.<\/p>\n\n\n\n<p>Otras efem\u00e9rides<\/p>\n\n\n\n<figure class=\"wp-block-embed is-type-wp-embed is-provider-diario-dominicano wp-block-embed-diario-dominicano\"><div class=\"wp-block-embed__wrapper\">\n<blockquote class=\"wp-embedded-content\" data-secret=\"lF5gNr9mOc\"><a href=\"https:\/\/diariodominicano.com\/?p=380604\">Acuerdo pone fin a la Guerra de abril de 1965. H\u00e9ctor Garc\u00eda Godoy presidente provisional<\/a><\/blockquote><iframe loading=\"lazy\" class=\"wp-embedded-content\" sandbox=\"allow-scripts\" security=\"restricted\" style=\"position: absolute; visibility: hidden;\" title=\"\u00abAcuerdo pone fin a la Guerra de abril de 1965. H\u00e9ctor Garc\u00eda Godoy presidente provisional\u00bb \u2014 Diario Dominicano\" src=\"https:\/\/diariodominicano.com\/?p=380604&#038;embed=true#?secret=5JIYfoGzjJ#?secret=lF5gNr9mOc\" data-secret=\"lF5gNr9mOc\" width=\"600\" height=\"338\" frameborder=\"0\" marginwidth=\"0\" marginheight=\"0\" scrolling=\"no\"><\/iframe>\n<\/div><\/figure>\n\n\n\n<figure class=\"wp-block-embed is-type-wp-embed is-provider-diario-dominicano wp-block-embed-diario-dominicano\"><div class=\"wp-block-embed__wrapper\">\n<blockquote class=\"wp-embedded-content\" data-secret=\"m0ZzBq4AJt\"><a href=\"https:\/\/diariodominicano.com\/?p=380580\">Fallece la madre del ex senador Jos\u00e9 Rafael Vargas<\/a><\/blockquote><iframe loading=\"lazy\" class=\"wp-embedded-content\" sandbox=\"allow-scripts\" security=\"restricted\" style=\"position: absolute; visibility: hidden;\" title=\"\u00abFallece la madre del ex senador Jos\u00e9 Rafael Vargas\u00bb \u2014 Diario Dominicano\" src=\"https:\/\/diariodominicano.com\/?p=380580&#038;embed=true#?secret=K2U7MeJsG6#?secret=m0ZzBq4AJt\" data-secret=\"m0ZzBq4AJt\" width=\"600\" height=\"338\" frameborder=\"0\" marginwidth=\"0\" marginheight=\"0\" scrolling=\"no\"><\/iframe>\n<\/div><\/figure>\n","protected":false},"excerpt":{"rendered":"<p>H\u00e9ctor Garc\u00eda Godoy Diariodominicano.com Por H\u00e9ctor Tineo Nolasco Diariodominicano.com &nbsp;&nbsp; SANTO DOMINGO, el 3 de septiembre de 1965, termin\u00f3 la \u00abGuerra de Abril de 1965\u00bb. De esa manera concluy\u00f3 el per\u00edodo de los dos gobiernos que surgieron en Mayo de ese a\u00f1o, y tom\u00f3 posesi\u00f3n como Presidente Provisional, el doctor H\u00e9ctor Garc\u00eda-Godoy C\u00e1ceres. &nbsp;&nbsp;&nbsp; La [&hellip;]<\/p>\n","protected":false},"author":28,"featured_media":305697,"comment_status":"closed","ping_status":"","sticky":true,"template":"","format":"standard","meta":{"footnotes":""},"categories":[26,27],"tags":[],"class_list":["post-380604","post","type-post","status-publish","format-standard","has-post-thumbnail","hentry","category-efemerides","category-portada"],"_links":{"self":[{"href":"https:\/\/diariodominicano.com\/index.php?rest_route=\/wp\/v2\/posts\/380604","targetHints":{"allow":["GET"]}}],"collection":[{"href":"https:\/\/diariodominicano.com\/index.php?rest_route=\/wp\/v2\/posts"}],"about":[{"href":"https:\/\/diariodominicano.com\/index.php?rest_route=\/wp\/v2\/types\/post"}],"author":[{"embeddable":true,"href":"https:\/\/diariodominicano.com\/index.php?rest_route=\/wp\/v2\/users\/28"}],"replies":[{"embeddable":true,"href":"https:\/\/diariodominicano.com\/index.php?rest_route=%2Fwp%2Fv2%2Fcomments&post=380604"}],"version-history":[{"count":8,"href":"https:\/\/diariodominicano.com\/index.php?rest_route=\/wp\/v2\/posts\/380604\/revisions"}],"predecessor-version":[{"id":380626,"href":"https:\/\/diariodominicano.com\/index.php?rest_route=\/wp\/v2\/posts\/380604\/revisions\/380626"}],"wp:featuredmedia":[{"embeddable":true,"href":"https:\/\/diariodominicano.com\/index.php?rest_route=\/wp\/v2\/media\/305697"}],"wp:attachment":[{"href":"https:\/\/diariodominicano.com\/index.php?rest_route=%2Fwp%2Fv2%2Fmedia&parent=380604"}],"wp:term":[{"taxonomy":"category","embeddable":true,"href":"https:\/\/diariodominicano.com\/index.php?rest_route=%2Fwp%2Fv2%2Fcategories&post=380604"},{"taxonomy":"post_tag","embeddable":true,"href":"https:\/\/diariodominicano.com\/index.php?rest_route=%2Fwp%2Fv2%2Ftags&post=380604"}],"curies":[{"name":"wp","href":"https:\/\/api.w.org\/{rel}","templated":true}]}}