{"id":38060,"date":"2020-07-13T01:31:32","date_gmt":"2020-07-13T01:31:32","guid":{"rendered":"http:\/\/diariodominicano.ddns.net\/?p=38060"},"modified":"2020-07-13T01:31:32","modified_gmt":"2020-07-13T01:31:32","slug":"que-que-paso","status":"publish","type":"post","link":"https:\/\/diariodominicano.com\/?p=38060","title":{"rendered":"\u00bfQu\u00e9 qu\u00e9 pas\u00f3?"},"content":{"rendered":"<p><body><\/p>\n<p><strong>\u00bfQu\u00e9 qu\u00e9 pas\u00f3?<\/strong><\/p>\n<p><strong>Franklin Almeyda Rancier <\/strong><\/p>\n<p>Unos pocos fuimos convocados para hacer algunas reflexiones sobre el por qu\u00e9 no funcionaba la democracia en la Rep\u00fablica Dominicana; cu\u00e1les eran las causas.<\/p>\n<p>La convocatoria la hizo el profesor Bosch, reci\u00e9n regresado de Europa empezando los a\u00f1os 70s. Se hab\u00eda retirado a Bemnidor, Espa\u00f1a despu\u00e9s de la revoluci\u00f3n de abril de 1965, un intento de reponer la Constituci\u00f3n de 1963 y el gobierno que \u00e9l encabez\u00f3 durante siete meses.<\/p>\n<\/p>\n<p>En Bemnidor escribi\u00f3 seis publicaciones que sirvieron de base te\u00f3rica e hist\u00f3rica para tratar de entenderse el proceso, no s\u00f3lo del pa\u00eds, sino tambi\u00e9n del conflicto bipolar y de la Guerra Fr\u00eda entre las naciones m\u00e1s desarrolladas.<\/p>\n<\/p>\n<p>Sus publicaciones desde el momento que sal\u00edan eran lectura que los j\u00f3venes devor\u00e1bamos y con ellas se sosten\u00edan debates pol\u00edticos y acad\u00e9micos, en tertulias y encuentros ocasionales.<\/p>\n<\/p>\n<p>\u00c9l sab\u00eda que aquellos pocos j\u00f3venes que convoc\u00f3 conoc\u00edan de sus obras publicadas. Sin embargo, puso en nuestras manos una monograf\u00eda breve de Carlos Marx titulada \u00abFormaciones Econ\u00f3micas sobre Precapitalistas (Formen)\u00bb, escrito hacia 1852.<\/p>\n<\/p>\n<p>Ah\u00ed est\u00e1n las explicaciones. La democracia es el r\u00e9gimen pol\u00edtico que sustenta el capitalismo. Donde las relaciones y formaciones son de capitalismo tard\u00edo, la democracia es defectuosa porque carece de base de sustentaci\u00f3n. Debemos pues, construir un partido que desde el Estado dominicano d\u00e9bil que tenemos, estimule las fuerzas productivas para un crecimiento econ\u00f3mico sostenido.<\/p>\n<\/p>\n<p>El Paso fue construir pacientemente ese partido pol\u00edtico. En tres fases: 1.- Crearlo y estructurarlo (1973-77); 2-. Desarrollar su crecimiento participando en procesos electorales (1978-1986); 3-. Participar para ganar (1990-1996).<\/p>\n<\/p>\n<p>Desde que alcanz\u00f3 el poder, con la interrupci\u00f3n del per\u00edodo 2000-2004, se logr\u00f3 estimular el desarrollo de las fuerzas productivas y el Producto Interno Bruto (PIB) pas\u00f3 de 18 mil millones de d\u00f3lares a 82 mil millones de d\u00f3lares en 2019. Ese crecimiento macroecon\u00f3mico es la base del desarrollo y lo es tambi\u00e9n de los \u00e9xitos pol\u00edticos electorales del PLD, partido que fundamos un lejano a\u00f1o de 1973.<\/p>\n<\/p>\n<p>\u00bfQue qu\u00e9 pas\u00f3? La estructura partidaria era ejemplar y funcionaba sobre m\u00e9todos que ofrec\u00edan participaci\u00f3n a su membres\u00eda; a\u00fan con mandos verticales org\u00e1nicos o colegiados y sometidos a evaluaciones de resultados debidamente consensuadas. Se estimulaba a pensar.<\/p>\n<\/p>\n<p>Ten\u00eda fortaleza social y pol\u00edtica, por lo que controlarlo era apetecido. El asomo de esa apetencia tuvo espacio mayor al tener que salir el l\u00edder fundador; pero a\u00fan en ese momento no hubo irrupciones dominantes. Porque al ir al poder desde 1996 se coloc\u00f3 como cabeza a Leonel Fern\u00e1ndez, quien por su formaci\u00f3n te\u00f3rica y acad\u00e9mica, sostuvo los m\u00e9todos de conducci\u00f3n partidaria y daba paso permanente al consenso para las decisiones.<\/p>\n<\/p>\n<p>\u00bfQue qu\u00e9 pas\u00f3? Los asomos de apetecer la organizaci\u00f3n empezaron a brotar de nuevo cuando Leonel, acogi\u00e9ndose voluntariamente a las normas constitucionales, sale del poder. Deb\u00eda entrar otro dirigente, lo logr\u00f3 Danilo que reten\u00eda un grupo que no pensaba, s\u00f3lo actuaba. Para ganar con \u00e9l en el 2012, dio trabajo, pero se gan\u00f3.<\/p>\n<\/p>\n<p>Se sent\u00f3 en la silla del Palacio y desde ella logr\u00f3 controlar la mayor\u00eda del Comit\u00e9 Pol\u00edtico. Sustituy\u00f3 al Comit\u00e9 Pol\u00edtico y se convirti\u00f3 en el partido y como Jefe del Estado decid\u00eda solo.<\/p>\n<\/p>\n<p>Salir de esa organizaci\u00f3n fue el recurso necesario, para crear su reemplazo, puesto que ha pasado a ser su propia negaci\u00f3n. Va rumbo a una implosi\u00f3n.<\/p>\n<\/p>\n<h6> 2020-07-13 01:31:32 <\/h6>\n<p><!--\n<link rel=\"stylesheet\" href=\"css\/bootstrap.min.css\">\n\n\n<ul class=\"pagination\">\n\t    \n\t\n\n<li >\n\t<a href='?page_no=150'>Previous<\/a>\n\t<\/li>\n\n\n       \n    \n\n<li><a href='?page_no=1'>1<\/a><\/li>\n\n\n\n<li><a href='?page_no=2'>2<\/a><\/li>\n\n\n\n<li><a>...<\/a><\/li>\n\n\n\n<li><a href='?page_no=149'>149<\/a><\/li>\n\n\n\n<li><a href='?page_no=150'>150<\/a><\/li>\n\n\n\n<li class='active'><a>151<\/a><\/li>\n\n\n\n<li><a href='?page_no=152'>152<\/a><\/li>\n\n\n\n<li><a href='?page_no=153'>153<\/a><\/li>\n\n\n\n<li><a>...<\/a><\/li>\n\n\n\n<li><a href='?page_no=13611'>13611<\/a><\/li>\n\n\n\n<li><a href='?page_no=13612'>13612<\/a><\/li>\n\n    \n\t\n\n<li >\n\t<a href='?page_no=152'>Next<\/a>\n\t<\/li>\n\n\n    \n\n<li><a href='?page_no=13612'>Last &rsaquo;&rsaquo;<\/a><\/li>\n\n<\/ul>\n\n\n--><br \/>\n<\/body><\/p>\n","protected":false},"excerpt":{"rendered":"<p>\u00bfQu\u00e9 qu\u00e9 pas\u00f3? Franklin Almeyda Rancier Unos pocos fuimos convocados para hacer algunas reflexiones sobre el por qu\u00e9 no funcionaba la democracia en la Rep\u00fablica Dominicana; cu\u00e1les eran las causas. La convocatoria la hizo el profesor Bosch, reci\u00e9n regresado de Europa empezando los a\u00f1os 70s. Se hab\u00eda retirado a Bemnidor, Espa\u00f1a despu\u00e9s de la revoluci\u00f3n [&hellip;]<\/p>\n","protected":false},"author":3,"featured_media":0,"comment_status":"open","ping_status":"open","sticky":false,"template":"","format":"standard","meta":{"footnotes":""},"categories":[16],"tags":[],"class_list":["post-38060","post","type-post","status-publish","format-standard","hentry","category-opiniones"],"_links":{"self":[{"href":"https:\/\/diariodominicano.com\/index.php?rest_route=\/wp\/v2\/posts\/38060","targetHints":{"allow":["GET"]}}],"collection":[{"href":"https:\/\/diariodominicano.com\/index.php?rest_route=\/wp\/v2\/posts"}],"about":[{"href":"https:\/\/diariodominicano.com\/index.php?rest_route=\/wp\/v2\/types\/post"}],"author":[{"embeddable":true,"href":"https:\/\/diariodominicano.com\/index.php?rest_route=\/wp\/v2\/users\/3"}],"replies":[{"embeddable":true,"href":"https:\/\/diariodominicano.com\/index.php?rest_route=%2Fwp%2Fv2%2Fcomments&post=38060"}],"version-history":[{"count":0,"href":"https:\/\/diariodominicano.com\/index.php?rest_route=\/wp\/v2\/posts\/38060\/revisions"}],"wp:attachment":[{"href":"https:\/\/diariodominicano.com\/index.php?rest_route=%2Fwp%2Fv2%2Fmedia&parent=38060"}],"wp:term":[{"taxonomy":"category","embeddable":true,"href":"https:\/\/diariodominicano.com\/index.php?rest_route=%2Fwp%2Fv2%2Fcategories&post=38060"},{"taxonomy":"post_tag","embeddable":true,"href":"https:\/\/diariodominicano.com\/index.php?rest_route=%2Fwp%2Fv2%2Ftags&post=38060"}],"curies":[{"name":"wp","href":"https:\/\/api.w.org\/{rel}","templated":true}]}}