{"id":380580,"date":"2022-09-02T23:24:30","date_gmt":"2022-09-03T03:24:30","guid":{"rendered":"http:\/\/diariodominicano.com\/?p=380580"},"modified":"2022-09-02T23:25:48","modified_gmt":"2022-09-03T03:25:48","slug":"fallece-la-madre-del-ex-senador-jose-rafael-vargas","status":"publish","type":"post","link":"https:\/\/diariodominicano.com\/?p=380580","title":{"rendered":"Fallece la madre del ex senador Jos\u00e9 Rafael Vargas"},"content":{"rendered":"\n<p> Do\u00f1a  Genoveba Pantale\u00f3n, (Do\u00f1a Cuca), <\/p>\n\n\n\n<p>Falleci\u00f3  en Moca la tarde de este viernes Do\u00f1a  Genoveba Pantale\u00f3n, (Do\u00f1a Cuca), madre del   del ex senador de la provincia Espaillat, doctor Jos\u00e9 Rafael Vargas.<\/p>\n\n\n\n<figure class=\"wp-block-image size-full\"><img loading=\"lazy\" decoding=\"async\" width=\"220\" height=\"229\" src=\"https:\/\/diariodominicano.com\/wp-content\/uploads\/2022\/09\/Jose-Rafael-Vargas-arch.jpg\" alt=\"\" class=\"wp-image-380584\"\/><figcaption>Jos\u00e9 Rafael Vargas<\/figcaption><\/figure>\n\n\n\n<p>La informaci\u00f3n la dio  el doctor Jos\u00e9 Rafael  Vargas a trav\u00e9s de las redes sociales.  Explic\u00f3 que la triste noticia se ha producido tras 18 d\u00edas de duro batallar por controlar una neumon\u00eda cr\u00f3nica. <\/p>\n\n\n\n<p> Las honras f\u00fanebres se har\u00e1n a partir de  las 8 de la ma\u00f1ana de este s\u00e1bado 3 de septiembre, en la funeraria Coraz\u00f3n De Jes\u00fas de Moca. <\/p>\n\n\n\n<p>La misa de cuerpo presente ser\u00e1 a las 4 de la tarde en la iglesia Sagrado Coraz\u00f3n de Jes\u00fas, desde donde  partir\u00e1 al cementerio municipal  de Moca.<\/p>\n\n\n\n<p>A trav\u00e9s de las redes sociales el doctor Jos\u00e9 Rafael Vargas comunic\u00f3 el siguiente mensaje:<\/p>\n\n\n\n<p> Con el alma estremecida, comunico la partida de muestra adorada madre, Genoveba Pantale\u00f3n, (Do\u00f1a Cuca), tras 18 d\u00edas de duro batallar por controlar una neumon\u00eda cr\u00f3nica.\u00a0Las honras f\u00fanebres se har\u00e1n desde las 8 de la ma\u00f1ana de este s\u00e1bado 3 de Septiembre, en la funeraria Coraz\u00f3n De Jes\u00fas de Moca. La misa de cuerpo presente ser\u00e1 a las 4 de la tarde en la iglesia Sagrado Coraz\u00f3n de Jes\u00fas, desde donde partiremos al cementerio municipal.\u00a0Su aliento, su amor y su sonrisa, estar\u00e1n siempre con nosotros. La paz del Se\u00f1or te aguarda en su reino celestial.<\/p>\n","protected":false},"excerpt":{"rendered":"<p>Do\u00f1a Genoveba Pantale\u00f3n, (Do\u00f1a Cuca), Falleci\u00f3 en Moca la tarde de este viernes Do\u00f1a Genoveba Pantale\u00f3n, (Do\u00f1a Cuca), madre del del ex senador de la provincia Espaillat, doctor Jos\u00e9 Rafael Vargas. La informaci\u00f3n la dio el doctor Jos\u00e9 Rafael Vargas a trav\u00e9s de las redes sociales. Explic\u00f3 que la triste noticia se ha producido tras [&hellip;]<\/p>\n","protected":false},"author":28,"featured_media":380581,"comment_status":"closed","ping_status":"","sticky":true,"template":"","format":"standard","meta":{"footnotes":""},"categories":[20,27],"tags":[],"class_list":["post-380580","post","type-post","status-publish","format-standard","has-post-thumbnail","hentry","category-dominicana-hoy","category-portada"],"_links":{"self":[{"href":"https:\/\/diariodominicano.com\/index.php?rest_route=\/wp\/v2\/posts\/380580","targetHints":{"allow":["GET"]}}],"collection":[{"href":"https:\/\/diariodominicano.com\/index.php?rest_route=\/wp\/v2\/posts"}],"about":[{"href":"https:\/\/diariodominicano.com\/index.php?rest_route=\/wp\/v2\/types\/post"}],"author":[{"embeddable":true,"href":"https:\/\/diariodominicano.com\/index.php?rest_route=\/wp\/v2\/users\/28"}],"replies":[{"embeddable":true,"href":"https:\/\/diariodominicano.com\/index.php?rest_route=%2Fwp%2Fv2%2Fcomments&post=380580"}],"version-history":[{"count":3,"href":"https:\/\/diariodominicano.com\/index.php?rest_route=\/wp\/v2\/posts\/380580\/revisions"}],"predecessor-version":[{"id":380585,"href":"https:\/\/diariodominicano.com\/index.php?rest_route=\/wp\/v2\/posts\/380580\/revisions\/380585"}],"wp:featuredmedia":[{"embeddable":true,"href":"https:\/\/diariodominicano.com\/index.php?rest_route=\/wp\/v2\/media\/380581"}],"wp:attachment":[{"href":"https:\/\/diariodominicano.com\/index.php?rest_route=%2Fwp%2Fv2%2Fmedia&parent=380580"}],"wp:term":[{"taxonomy":"category","embeddable":true,"href":"https:\/\/diariodominicano.com\/index.php?rest_route=%2Fwp%2Fv2%2Fcategories&post=380580"},{"taxonomy":"post_tag","embeddable":true,"href":"https:\/\/diariodominicano.com\/index.php?rest_route=%2Fwp%2Fv2%2Ftags&post=380580"}],"curies":[{"name":"wp","href":"https:\/\/api.w.org\/{rel}","templated":true}]}}