{"id":38049,"date":"2020-07-13T21:03:47","date_gmt":"2020-07-13T21:03:47","guid":{"rendered":"http:\/\/diariodominicano.ddns.net\/?p=38049"},"modified":"2020-07-13T21:03:47","modified_gmt":"2020-07-13T21:03:47","slug":"y-los-responsables","status":"publish","type":"post","link":"https:\/\/diariodominicano.com\/?p=38049","title":{"rendered":"&#8230;Y LOS RESPONSABLES?"},"content":{"rendered":"<p><body><\/p>\n<p><strong>&#8230;Y LOS RESPONSABLES?<\/strong><\/p>\n<p><strong>                                                                                                                       Por Narciso Isa Conde<\/strong><\/p>\n<\/p>\n<p>La verdad es que no es cosa de genios pensar y vaticinar lo que ha pasado con la pandemia, comenzando por el contagio inicial  a causa de la resistencia a cerrar los aeropuertos para defender intereses de los magnates del turismo, seguido del primer brote posterior a unas elecciones municipales realizadas a la \u00abca\u00f1ona\u00bb.<\/p>\n<\/p>\n<p>No quer\u00edamos tener raz\u00f3n, m\u00e1s bien dese\u00e1bamos equivocarnos. Pero para colmo, la aventura criticada se repiti\u00f3 en varias oportunidades con una emergencia y una cuarentena mal manejadas, una apertura econ\u00f3mica inoportuna y sin posibilidades de cuajar, la convocatoria a elecciones presidenciales y congresuales \u00abs\u00ed o s\u00ed\u00bb, una campa\u00f1a electoral clientelista e irrespetuosa de normas sanitarias vitales, y votaciones y celebraciones altamente contaminantes.<\/p>\n<\/p>\n<p>El rebrote no se hizo esperar&#8230; hasta generar la alarma y los peligros actuales, quedando pendiente la sumatoria de lo acontecido al finalizar la campa\u00f1a y en  los comicios del 5 de junio, que podr\u00eda generar algo peor. La salud y la vida de tanta gente nunca ocuparon el primer lugar de atenci\u00f3n de la clase dominante-gobernante; no conmovi\u00f3 los corazones de partidocracia, grandes empresarios y tutores supranacionales movidos fundamentalmente, o por el dinero, o por la ambici\u00f3n y dominio sobre el Estado y el territorio nacional.<\/p>\n<\/p>\n<p>En materia de \u00abEstado de Emergencia\u00bb y \u00abCuarentena\u00bb prim\u00f3 el \u00abcomesolismo\u00bb, el af\u00e1n de control autoritario, el ventajismo electoral, el uso clientelista del poder, el empleo de dinero sucio acumulado en ocho a\u00f1os de corruptela y la oportunidad de robar con las ventajas que permiten los atributos excepcionales de la emergencia.<\/p>\n<\/p>\n<p>Esto, a su vez, gener\u00f3 en la c\u00fapula opositora -puntera en cuanto a respaldo de electores- enormes tensiones que la condujeron a intensificar sus pr\u00e1cticas clientelistas, al empleo de recursos espurios y a riesgosas complacencias con la c\u00fapula empresarial. \u00a1Hay criminalidad sist\u00e9mica compartida y responsables impunes en esas decisiones genocidas,  que la historia habr\u00e1  de juzgar y castigar!<\/p>\n<\/p>\n<p>No cuestiono la justeza del inmenso anhelo popular de castigar todo eso y muchas  perversidades previas. Incluso es explicable el inter\u00e9s la mayor\u00eda de los votantes y de la propia partidocracia opositora en desplazar al PLD. Pero es injustificable el desprecio esencial del PRM y aliados, y de todo el abanico defensor de este sistema de dominaci\u00f3n, respecto al  previsible impacto tr\u00e1gico de  una apertura econ\u00f3mica, una campa\u00f1a electoral y unas votaciones evidentemente a destiempo y re\u00f1idas con la salud y la vida de esta sociedad.  Ciertos motivos justos no eximen las culpas en tragedias expresamente provocadas y, adem\u00e1s, previsibles. (12-07-2020, Santo Domingo, RD)<\/p>\n<\/p>\n<\/p>\n<p>Zona de los archivos adjuntos<\/p>\n<h6> 2020-07-13 21:03:47 <\/h6>\n<p><!--\n<link rel=\"stylesheet\" href=\"css\/bootstrap.min.css\">\n\n\n<ul class=\"pagination\">\n\t    \n\t\n\n<li >\n\t<a href='?page_no=149'>Previous<\/a>\n\t<\/li>\n\n\n       \n    \n\n<li><a href='?page_no=1'>1<\/a><\/li>\n\n\n\n<li><a href='?page_no=2'>2<\/a><\/li>\n\n\n\n<li><a>...<\/a><\/li>\n\n\n\n<li><a href='?page_no=148'>148<\/a><\/li>\n\n\n\n<li><a href='?page_no=149'>149<\/a><\/li>\n\n\n\n<li class='active'><a>150<\/a><\/li>\n\n\n\n<li><a href='?page_no=151'>151<\/a><\/li>\n\n\n\n<li><a href='?page_no=152'>152<\/a><\/li>\n\n\n\n<li><a>...<\/a><\/li>\n\n\n\n<li><a href='?page_no=13611'>13611<\/a><\/li>\n\n\n\n<li><a href='?page_no=13612'>13612<\/a><\/li>\n\n    \n\t\n\n<li >\n\t<a href='?page_no=151'>Next<\/a>\n\t<\/li>\n\n\n    \n\n<li><a href='?page_no=13612'>Last &rsaquo;&rsaquo;<\/a><\/li>\n\n<\/ul>\n\n\n--><br \/>\n<\/body><\/p>\n","protected":false},"excerpt":{"rendered":"<p>&#8230;Y LOS RESPONSABLES? Por Narciso Isa Conde La verdad es que no es cosa de genios pensar y vaticinar lo que ha pasado con la pandemia, comenzando por el contagio inicial a causa de la resistencia a cerrar los aeropuertos para defender intereses de los magnates del turismo, seguido del primer brote posterior a unas [&hellip;]<\/p>\n","protected":false},"author":3,"featured_media":0,"comment_status":"open","ping_status":"open","sticky":false,"template":"","format":"standard","meta":{"footnotes":""},"categories":[16],"tags":[],"class_list":["post-38049","post","type-post","status-publish","format-standard","hentry","category-opiniones"],"_links":{"self":[{"href":"https:\/\/diariodominicano.com\/index.php?rest_route=\/wp\/v2\/posts\/38049","targetHints":{"allow":["GET"]}}],"collection":[{"href":"https:\/\/diariodominicano.com\/index.php?rest_route=\/wp\/v2\/posts"}],"about":[{"href":"https:\/\/diariodominicano.com\/index.php?rest_route=\/wp\/v2\/types\/post"}],"author":[{"embeddable":true,"href":"https:\/\/diariodominicano.com\/index.php?rest_route=\/wp\/v2\/users\/3"}],"replies":[{"embeddable":true,"href":"https:\/\/diariodominicano.com\/index.php?rest_route=%2Fwp%2Fv2%2Fcomments&post=38049"}],"version-history":[{"count":0,"href":"https:\/\/diariodominicano.com\/index.php?rest_route=\/wp\/v2\/posts\/38049\/revisions"}],"wp:attachment":[{"href":"https:\/\/diariodominicano.com\/index.php?rest_route=%2Fwp%2Fv2%2Fmedia&parent=38049"}],"wp:term":[{"taxonomy":"category","embeddable":true,"href":"https:\/\/diariodominicano.com\/index.php?rest_route=%2Fwp%2Fv2%2Fcategories&post=38049"},{"taxonomy":"post_tag","embeddable":true,"href":"https:\/\/diariodominicano.com\/index.php?rest_route=%2Fwp%2Fv2%2Ftags&post=38049"}],"curies":[{"name":"wp","href":"https:\/\/api.w.org\/{rel}","templated":true}]}}