{"id":380371,"date":"2022-09-02T08:30:48","date_gmt":"2022-09-02T12:30:48","guid":{"rendered":"http:\/\/diariodominicano.com\/?p=380371"},"modified":"2022-09-02T08:30:48","modified_gmt":"2022-09-02T12:30:48","slug":"en-vigor-ny-ley-prohibe-armas-de-fuego-areas-sensibles","status":"publish","type":"post","link":"https:\/\/diariodominicano.com\/?p=380371","title":{"rendered":"En vigor NY ley proh\u00edbe armas de fuego \u00e1reas sensibles"},"content":{"rendered":"\n<p><strong>Por Ram\u00f3n Mercedes<\/strong><\/p>\n\n\n\n<p><strong>NUEVA YORK.-<\/strong>&nbsp;Entr\u00f3 en vigor este jueves en esta ciudad la ley que proh\u00edbe el porte de armas de fuego en lugares sensibles, entre ellos la plaza Times Square, visitada por 300 mil personas diariamente, entre ellas miles de dominicanos y otras etnias.<\/p>\n\n\n\n<p>Asimismo, en el metro, autobuses, hospitales, iglesias, escuelas, parques, guarder\u00edas, teatros, bares, discotecas, restaurantes, y zonas de entretenimiento, entre otros lugares, donde tambi\u00e9n acuden de miles de quisqueyanos.<\/p>\n\n\n\n<p>En cuanto a la emblem\u00e1tica plaza de Times Square, se busca que desde la Calle 40 hasta la calle 53 entre las avenidas Sexta y Octava, y desde la calle 40 hasta a la 48 entre las avenidas Octava y Novena no se pueda portar armas de fuego. Los violadores podr\u00edan enfrentar hasta cuatro a\u00f1os de prisi\u00f3n.<\/p>\n\n\n\n<p>Tambi\u00e9n habr\u00e1 una campa\u00f1a informativa y educativa sobre las nuevas normas, que incluir\u00e1 carteles y avisos que indiquen que las armas de fuego est\u00e1n prohibidas en ciertas \u00e1reas.<\/p>\n\n\n\n<p>A parte de todo esto, el pr\u00f3ximo domingo d\u00eda 4, tambi\u00e9n entrar\u00e1 en efecto el aumento a 21 a\u00f1os la edad para adquirir armas semiautom\u00e1ticas en el estado.<\/p>\n\n\n\n<p>Esta nueva ley es en respuesta a la decisi\u00f3n del Tribunal Supremo de Estados Unidos que a finales de junio aval\u00f3 que se puedan portar armas en p\u00fablico en todo el pa\u00eds, derogando as\u00ed una ley de 1973 de este estado.<\/p>\n\n\n\n<p>Respecto a la violencia con armas de fuego en la Gran Manzana, la Polic\u00eda ha registrado 924 tiroteos en lo que va de a\u00f1o; con 1,115 v\u00edctimas; y 178 tiroteos se registraron en julio para un aumento del 13,4%.<\/p>\n\n\n\n<p>Adem\u00e1s, los hechos armados dejaron 129 v\u00edctimas en los \u00faltimos 28 d\u00edas; 30 tiroteos se registraron en la \u00faltima semana; 4,700 armas de fuego han sido decomisadas este a\u00f1o; 2,752 personas han sido arrestadas en los primeros siete meses.<\/p>\n\n\n\n<p>\u201cLa seguridad y protecci\u00f3n de 8,8 millones de personas es nuestra responsabilidad y protegeremos a nuestra gente\u00bb, han coincidido en expresar la gobernadora del Estado, Kathy Hochul, y el alcalde de NYC, Eric Adams.<\/p>\n\n\n\n<p>A causa de armas de fuego, en el territorio estadounidense han fallecido 29,753 personas hasta el pasado mes de agosto; 13,649 por homicidios y 16,104 por suicidios. Adem\u00e1s, 26,494 han resultado heridas, algunas de gravedad.<\/p>\n","protected":false},"excerpt":{"rendered":"<p>Por Ram\u00f3n Mercedes NUEVA YORK.-&nbsp;Entr\u00f3 en vigor este jueves en esta ciudad la ley que proh\u00edbe el porte de armas de fuego en lugares sensibles, entre ellos la plaza Times Square, visitada por 300 mil personas diariamente, entre ellas miles de dominicanos y otras etnias. Asimismo, en el metro, autobuses, hospitales, iglesias, escuelas, parques, guarder\u00edas, [&hellip;]<\/p>\n","protected":false},"author":28,"featured_media":380372,"comment_status":"closed","ping_status":"","sticky":true,"template":"","format":"standard","meta":{"footnotes":""},"categories":[36,23,27],"tags":[],"class_list":["post-380371","post","type-post","status-publish","format-standard","has-post-thumbnail","hentry","category-hombresmujeresycosas","category-internacional","category-portada"],"_links":{"self":[{"href":"https:\/\/diariodominicano.com\/index.php?rest_route=\/wp\/v2\/posts\/380371","targetHints":{"allow":["GET"]}}],"collection":[{"href":"https:\/\/diariodominicano.com\/index.php?rest_route=\/wp\/v2\/posts"}],"about":[{"href":"https:\/\/diariodominicano.com\/index.php?rest_route=\/wp\/v2\/types\/post"}],"author":[{"embeddable":true,"href":"https:\/\/diariodominicano.com\/index.php?rest_route=\/wp\/v2\/users\/28"}],"replies":[{"embeddable":true,"href":"https:\/\/diariodominicano.com\/index.php?rest_route=%2Fwp%2Fv2%2Fcomments&post=380371"}],"version-history":[{"count":1,"href":"https:\/\/diariodominicano.com\/index.php?rest_route=\/wp\/v2\/posts\/380371\/revisions"}],"predecessor-version":[{"id":380373,"href":"https:\/\/diariodominicano.com\/index.php?rest_route=\/wp\/v2\/posts\/380371\/revisions\/380373"}],"wp:featuredmedia":[{"embeddable":true,"href":"https:\/\/diariodominicano.com\/index.php?rest_route=\/wp\/v2\/media\/380372"}],"wp:attachment":[{"href":"https:\/\/diariodominicano.com\/index.php?rest_route=%2Fwp%2Fv2%2Fmedia&parent=380371"}],"wp:term":[{"taxonomy":"category","embeddable":true,"href":"https:\/\/diariodominicano.com\/index.php?rest_route=%2Fwp%2Fv2%2Fcategories&post=380371"},{"taxonomy":"post_tag","embeddable":true,"href":"https:\/\/diariodominicano.com\/index.php?rest_route=%2Fwp%2Fv2%2Ftags&post=380371"}],"curies":[{"name":"wp","href":"https:\/\/api.w.org\/{rel}","templated":true}]}}