{"id":380362,"date":"2022-09-01T23:54:23","date_gmt":"2022-09-02T03:54:23","guid":{"rendered":"http:\/\/diariodominicano.com\/?p=380362"},"modified":"2022-09-01T23:54:23","modified_gmt":"2022-09-02T03:54:23","slug":"jacinto-de-castro-juramentado-presidente-de-la-republica-dominicana","status":"publish","type":"post","link":"https:\/\/diariodominicano.com\/?p=380362","title":{"rendered":"Jacinto de Castro  juramentado presidente de la Rep\u00fablica Dominicana"},"content":{"rendered":"\n<p>Por HTN<\/p>\n\n\n\n<p>Diariodominicano.com<\/p>\n\n\n\n<p> SANTO DOMINGO, el\u00a0 2 de septiembre de 1878, fue juramentado como Presidente de la Rep\u00fablica, el Ministro de Justicia Jacinto de Castro.<\/p>\n\n\n\n<p>&nbsp;&nbsp;&nbsp; El acontecimiento se&nbsp; produjo&nbsp; por&nbsp; la renuncia del Presidente Ignacio Mar\u00eda Gonz\u00e1lez, el 2 de septiembre de 1878. Jacinto de Castro asumi\u00f3 la Presidencia de manera interina, porque&nbsp; era el Presidente de la Suprema Corte de Justicia.<\/p>\n\n\n\n<p>&nbsp;&nbsp;&nbsp; Al asumir la Presidencia, Jacinto de Castro organiz\u00f3 un Gobierno Provisional hasta que se celebraron elecciones para escoger el nuevo Jefe del Estado. Termin\u00f3 sus funciones el 27 de febrero de 1879, con la juramentaci\u00f3n del nuevo Presidente.<\/p>\n\n\n\n<p>&nbsp;&nbsp;&nbsp;&nbsp; Como secretario de Justicia e instrucci\u00f3n p\u00fablica design\u00f3 a Angulo Guridi; Pedro M. Aristy, de Hacienda y Comercio, y Pedro Guillermo, Ministro de Guerra y Marina y encargado del Ministerio de Relaciones Exteriores.<\/p>\n\n\n\n<p>&nbsp;&nbsp; Como delegado del Gabinete del Cibao, nombr\u00f3 al general Ulises Heureaux.<\/p>\n\n\n\n<p>&nbsp;&nbsp;&nbsp;&nbsp;&nbsp; Jacinto de Castro hab\u00eda nacido el&nbsp; 15 de agosto de 1811,&nbsp; en la ciudad de Ban\u00ed. Se&nbsp; distingui\u00f3 como pol\u00edtico y abogado.<\/p>\n\n\n\n<p>&nbsp;&nbsp;&nbsp;&nbsp; Era hijo&nbsp; de la se\u00f1ora Dolores de Castro. Fue un luchador contra las invasiones haitianas.<\/p>\n\n\n\n<p>&nbsp;&nbsp;&nbsp;&nbsp;&nbsp; Entre las funciones p\u00fablicas que desempe\u00f1\u00f3 el abogado Jacinto de Castro, figura&nbsp; diputado de la Rep\u00fablica, Ministro de Relaciones Exteriores, Ministro de Interior y Polic\u00eda, as\u00ed como Ministro de Hacienda y Comercio.<\/p>\n\n\n\n<p>&nbsp;&nbsp;&nbsp; Jacinto de Castro muri\u00f3 en la ciudad de Santo Domingo, el d\u00eda 13 de diciembre de 1896.<\/p>\n\n\n\n<p>&nbsp;&nbsp;&nbsp; El General Ces\u00e1reo Guillermo, quien ocupaba el cargo de Guerra y Marina, aprovech\u00f3 su posici\u00f3n para ser escogido nuevo Presidente de la Rep\u00fablica a finales de enero de 1879 y tom\u00f3 posesi\u00f3n el 27 de febrero de 1879.<\/p>\n\n\n\n<p>&nbsp;&nbsp;&nbsp;&nbsp; Ignacio Mar\u00eda Gonz\u00e1lez hab\u00eda tomado posesi\u00f3n el d\u00eda 25 de junio de 1878, con el apoyo del Partido Azul, que lideraba el General Gregorio Luper\u00f3n.&nbsp;&nbsp;&nbsp; Sin embargo, su Gobierno incumpli\u00f3 lo pactado con el Partido Azul y orden\u00f3 el arresto del General Luper\u00f3n, lo que origin\u00f3 un levantamiento de los azules que culmin\u00f3 con la ca\u00edda del Presidente Ignacio Mar\u00eda Gonz\u00e1lez, el d\u00eda 2 de septiembre de 1878.<\/p>\n","protected":false},"excerpt":{"rendered":"<p>Por HTN Diariodominicano.com SANTO DOMINGO, el\u00a0 2 de septiembre de 1878, fue juramentado como Presidente de la Rep\u00fablica, el Ministro de Justicia Jacinto de Castro. &nbsp;&nbsp;&nbsp; El acontecimiento se&nbsp; produjo&nbsp; por&nbsp; la renuncia del Presidente Ignacio Mar\u00eda Gonz\u00e1lez, el 2 de septiembre de 1878. Jacinto de Castro asumi\u00f3 la Presidencia de manera interina, porque&nbsp; era [&hellip;]<\/p>\n","protected":false},"author":28,"featured_media":307362,"comment_status":"closed","ping_status":"","sticky":true,"template":"","format":"standard","meta":{"footnotes":""},"categories":[26,27],"tags":[],"class_list":["post-380362","post","type-post","status-publish","format-standard","has-post-thumbnail","hentry","category-efemerides","category-portada"],"_links":{"self":[{"href":"https:\/\/diariodominicano.com\/index.php?rest_route=\/wp\/v2\/posts\/380362","targetHints":{"allow":["GET"]}}],"collection":[{"href":"https:\/\/diariodominicano.com\/index.php?rest_route=\/wp\/v2\/posts"}],"about":[{"href":"https:\/\/diariodominicano.com\/index.php?rest_route=\/wp\/v2\/types\/post"}],"author":[{"embeddable":true,"href":"https:\/\/diariodominicano.com\/index.php?rest_route=\/wp\/v2\/users\/28"}],"replies":[{"embeddable":true,"href":"https:\/\/diariodominicano.com\/index.php?rest_route=%2Fwp%2Fv2%2Fcomments&post=380362"}],"version-history":[{"count":1,"href":"https:\/\/diariodominicano.com\/index.php?rest_route=\/wp\/v2\/posts\/380362\/revisions"}],"predecessor-version":[{"id":380363,"href":"https:\/\/diariodominicano.com\/index.php?rest_route=\/wp\/v2\/posts\/380362\/revisions\/380363"}],"wp:featuredmedia":[{"embeddable":true,"href":"https:\/\/diariodominicano.com\/index.php?rest_route=\/wp\/v2\/media\/307362"}],"wp:attachment":[{"href":"https:\/\/diariodominicano.com\/index.php?rest_route=%2Fwp%2Fv2%2Fmedia&parent=380362"}],"wp:term":[{"taxonomy":"category","embeddable":true,"href":"https:\/\/diariodominicano.com\/index.php?rest_route=%2Fwp%2Fv2%2Fcategories&post=380362"},{"taxonomy":"post_tag","embeddable":true,"href":"https:\/\/diariodominicano.com\/index.php?rest_route=%2Fwp%2Fv2%2Ftags&post=380362"}],"curies":[{"name":"wp","href":"https:\/\/api.w.org\/{rel}","templated":true}]}}