{"id":380357,"date":"2022-09-01T23:46:55","date_gmt":"2022-09-02T03:46:55","guid":{"rendered":"http:\/\/diariodominicano.com\/?p=380357"},"modified":"2022-09-01T23:49:01","modified_gmt":"2022-09-02T03:49:01","slug":"ejercito-espanol-organiza-columna-para-combatir-a-los-restauradores","status":"publish","type":"post","link":"https:\/\/diariodominicano.com\/?p=380357","title":{"rendered":"Ej\u00e9rcito Espa\u00f1ol organiza columna para combatir a los restauradores"},"content":{"rendered":"\n<p>Gaspar Polanco jefe de la Junta de Guerra<\/p>\n\n\n\n<p>\u00a0 Por HTN<\/p>\n\n\n\n<p>Diariodominicano.com<\/p>\n\n\n\n<p>PUERTO PLATA, durante la Guerra de la Restauraci\u00f3n, el general Juan Suero y el coronel Manuel Cappa, del Ej\u00e9rcito Espa\u00f1ol del Gobierno de la Anexi\u00f3n,\u00a0 permanecieron en Puerto Plata, dando los toques finales a la organizaci\u00f3n de la columna que llevar\u00edan a Santiago de los Caballeros para combatir a los restauradores, quienes el d\u00eda 1 de septiembre derrotaron a los espa\u00f1oles en varios combates y los sitiaron en la Fortaleza San Luis.<\/p>\n\n\n\n<p>&nbsp;&nbsp; Al&nbsp; enterarse de los hechos del d\u00eda anterior el&nbsp; general&nbsp; Juan Suero y el Coronel Manuel Cappa, decidieron organizar una columna compuesta de mil 800 hombres para ir en auxilio de las tropas espa\u00f1olas que se encontraban sitiadas&nbsp; en el Fuerte de San Luis.<\/p>\n\n\n\n<p>&nbsp;&nbsp;&nbsp; Sin embargo, no lograron su objetivo, porque al llegar&nbsp; a Hojas Anchas, cerca de Bajabonico, el 1 de septiembre de 1863, \u00abun pu\u00f1ado de patriotas al mando de Juan Nouesit, estableci\u00f3 una emboscada que caus\u00f3 grandes bajas en el enemigo, oblig\u00e1ndolo a replegarse a Puerto Plata\u00bb.<\/p>\n\n\n\n<p>&nbsp;&nbsp; El informe militar precisa que al terminar el combate, el Coronel Juan Nouesit (Lafit)&nbsp; dispuso que la zona de Las Hojas Anchas, quedara al mando del teniente Juan Bautista Laour.<\/p>\n","protected":false},"excerpt":{"rendered":"<p>Gaspar Polanco jefe de la Junta de Guerra \u00a0 Por HTN Diariodominicano.com PUERTO PLATA, durante la Guerra de la Restauraci\u00f3n, el general Juan Suero y el coronel Manuel Cappa, del Ej\u00e9rcito Espa\u00f1ol del Gobierno de la Anexi\u00f3n,\u00a0 permanecieron en Puerto Plata, dando los toques finales a la organizaci\u00f3n de la columna que llevar\u00edan a Santiago [&hellip;]<\/p>\n","protected":false},"author":28,"featured_media":312068,"comment_status":"closed","ping_status":"","sticky":true,"template":"","format":"standard","meta":{"footnotes":""},"categories":[26,27],"tags":[],"class_list":["post-380357","post","type-post","status-publish","format-standard","has-post-thumbnail","hentry","category-efemerides","category-portada"],"_links":{"self":[{"href":"https:\/\/diariodominicano.com\/index.php?rest_route=\/wp\/v2\/posts\/380357","targetHints":{"allow":["GET"]}}],"collection":[{"href":"https:\/\/diariodominicano.com\/index.php?rest_route=\/wp\/v2\/posts"}],"about":[{"href":"https:\/\/diariodominicano.com\/index.php?rest_route=\/wp\/v2\/types\/post"}],"author":[{"embeddable":true,"href":"https:\/\/diariodominicano.com\/index.php?rest_route=\/wp\/v2\/users\/28"}],"replies":[{"embeddable":true,"href":"https:\/\/diariodominicano.com\/index.php?rest_route=%2Fwp%2Fv2%2Fcomments&post=380357"}],"version-history":[{"count":3,"href":"https:\/\/diariodominicano.com\/index.php?rest_route=\/wp\/v2\/posts\/380357\/revisions"}],"predecessor-version":[{"id":380361,"href":"https:\/\/diariodominicano.com\/index.php?rest_route=\/wp\/v2\/posts\/380357\/revisions\/380361"}],"wp:featuredmedia":[{"embeddable":true,"href":"https:\/\/diariodominicano.com\/index.php?rest_route=\/wp\/v2\/media\/312068"}],"wp:attachment":[{"href":"https:\/\/diariodominicano.com\/index.php?rest_route=%2Fwp%2Fv2%2Fmedia&parent=380357"}],"wp:term":[{"taxonomy":"category","embeddable":true,"href":"https:\/\/diariodominicano.com\/index.php?rest_route=%2Fwp%2Fv2%2Fcategories&post=380357"},{"taxonomy":"post_tag","embeddable":true,"href":"https:\/\/diariodominicano.com\/index.php?rest_route=%2Fwp%2Fv2%2Ftags&post=380357"}],"curies":[{"name":"wp","href":"https:\/\/api.w.org\/{rel}","templated":true}]}}