{"id":380352,"date":"2022-09-01T23:42:05","date_gmt":"2022-09-02T03:42:05","guid":{"rendered":"http:\/\/diariodominicano.com\/?p=380352"},"modified":"2022-09-02T00:54:09","modified_gmt":"2022-09-02T04:54:09","slug":"traen-detenidos-a-ciudad-santo-domingo-a-juan-pablo-duarte-y-a-companeros","status":"publish","type":"post","link":"https:\/\/diariodominicano.com\/?p=380352","title":{"rendered":"Traen detenidos a ciudad Santo Domingo a Juan Pablo Duarte y a compa\u00f1eros"},"content":{"rendered":"\n<p>Juan Pablo Duarte<\/p>\n\n\n\n<p>Por H\u00e9ctor Tineo Nolasco<\/p>\n\n\n\n<p>Diariodominicano.com<\/p>\n\n\n\n<p>SANTO DOMINGO, el 2 de septiembre de 1844, el pr\u00f3cer Juan Pablo Duarte y varios de sus compa\u00f1eros trinitarios fueron tra\u00eddos detenidos a la ciudad de Santo Domingo.<\/p>\n\n\n\n<figure class=\"wp-block-image size-large\"><img loading=\"lazy\" decoding=\"async\" width=\"1024\" height=\"526\" src=\"https:\/\/diariodominicano.com\/wp-content\/uploads\/2021\/07\/Juan-Isidro-Perez-enfrenta-a-Santana-1024x526.jpg\" alt=\"\" class=\"wp-image-286996\" srcset=\"https:\/\/diariodominicano.com\/wp-content\/uploads\/2021\/07\/Juan-Isidro-Perez-enfrenta-a-Santana-1024x526.jpg 1024w, https:\/\/diariodominicano.com\/wp-content\/uploads\/2021\/07\/Juan-Isidro-Perez-enfrenta-a-Santana-300x154.jpg 300w, https:\/\/diariodominicano.com\/wp-content\/uploads\/2021\/07\/Juan-Isidro-Perez-enfrenta-a-Santana-768x395.jpg 768w, https:\/\/diariodominicano.com\/wp-content\/uploads\/2021\/07\/Juan-Isidro-Perez-enfrenta-a-Santana-1536x789.jpg 1536w, https:\/\/diariodominicano.com\/wp-content\/uploads\/2021\/07\/Juan-Isidro-Perez-enfrenta-a-Santana-2048x1052.jpg 2048w, https:\/\/diariodominicano.com\/wp-content\/uploads\/2021\/07\/Juan-Isidro-Perez-enfrenta-a-Santana-816x419.jpg 816w\" sizes=\"auto, (max-width: 1024px) 100vw, 1024px\" \/><figcaption>Juan Isidro P\u00e9rez<\/figcaption><\/figure>\n\n\n\n<p>&nbsp;&nbsp; El grupo que formaban adem\u00e1s de Juan Pablo Duarte, Juan Isidro P\u00e9rez, Juan Evangelista Jim\u00e9nez y el espa\u00f1ol Gregorio del Valle, fue transportado desde Puerto Plata, en la goleta \u00abSeparaci\u00f3n Dominicana\u00bb, capitaneada por el coronel Juan Bautista Cambiaso, quien lleg\u00f3 al Puerto de Santo Domingo, en horas de la noche.&nbsp;<\/p>\n\n\n\n<p>&nbsp;&nbsp;&nbsp; Los presos&nbsp; fueron llevados a la Fortaleza&nbsp; de la Torre del Homenaje, donde quedaron en prisi\u00f3n hasta el d\u00eda 10 de septiembre de 1844, cuando fueron deportados.&nbsp; En ese momento Duarte estaba afectado por una fiebre y estaba muy d\u00e9bil.<\/p>\n\n\n\n<p>&nbsp;&nbsp;&nbsp;&nbsp; Jos\u00e9 Gabriel Garc\u00eda, en el II tomo de su obra \u00abCompendio de la Historia de Santo Domingo\u00bb, anota que desde la Torre del Homenaje, Duarte \u00abpresenci\u00f3 la farsa rid\u00edcula con que hombres apasionados, vali\u00e9ndose de ignorantes esbirros, hicieron aparecer al pueblo pidiendo con furor las cabezas de los iniciadores de su independencia, y al ej\u00e9rcito las de los m\u00e1s ilustrados de sus generales, augurio fatal de la larga serie de cr\u00edmenes que en nombre de entidades morales tan respetables deb\u00edan realizarse en no lejano porvenir\u00bb.<\/p>\n\n\n\n<p>&nbsp;&nbsp;&nbsp;&nbsp; Juan Pablo Duarte hab\u00eda sido detenido el 27 de agosto de 1844,&nbsp; por una patrulla militar que lo localiz\u00f3&nbsp; en&nbsp; Jamao, Puerto Plata,&nbsp; en la residencia de su amigo el ex oficial del Ej\u00e9rcito franc\u00e9s&nbsp; Pedro Eduardo Dubocq.<\/p>\n\n\n\n<p>&nbsp;&nbsp;&nbsp;&nbsp;&nbsp; La patrulla que apres\u00f3 a&nbsp; Duarte, la comandaba el General Pedro Ram\u00f3n Mena, quien traslad\u00f3 al detenido a la Fortaleza San Felipe.<\/p>\n\n\n\n<p>&nbsp;&nbsp;&nbsp; En la prisi\u00f3n Juan Pablo Duarte fue visitado por varios amigos,&nbsp; incluidos&nbsp; el Presb\u00edtero Manuel Gonz\u00e1lez&nbsp; Regalado y Mu\u00f1oz,&nbsp; y el trinitario Juan Isidro P\u00e9rez.<\/p>\n\n\n\n<p>&nbsp;&nbsp;&nbsp; Fue en la c\u00e1rcel de San Felipe, en Puerto Plata, que Juan Isidro P\u00e9rez le expres\u00f3 a Duarte:<\/p>\n\n\n\n<p>&nbsp;&nbsp;&nbsp; \u00abS\u00e9 que vas a morir, y he venido a cumplir el sagrado juramento de dar mi vida por la tuya\u00bb.<\/p>\n\n\n\n<p>&nbsp;&nbsp;&nbsp;&nbsp; Horas despu\u00e9s Juan Pablo Duarte fue trasladado a Santo Domingo, para ser deportado, por disposici\u00f3n de la Junta Central Gubernativa&nbsp; encabezada por el General Pedro Santana.<\/p>\n\n\n\n<p>&nbsp;&nbsp;&nbsp;&nbsp; El d\u00eda 22 de agosto de 1844, La Junta Central Gubernativa, hab\u00eda declarado&nbsp; al patricio Juan Pablo Duarte y a un grupo de trinitarios traidores e infieles a la patria.<\/p>\n\n\n\n<p>&nbsp;&nbsp; En el momento que se produjo la decisi\u00f3n, Juan Pablo Duarte, se encontraba escondido en Puerto Plata, luego que fue&nbsp; calificado de anarquista por el general Pedro Santana.<\/p>\n\n\n\n<p>&nbsp;&nbsp; La Junta Central Gubernativa cuando declar\u00f3 a Duarte y a los trinitarios traidores a la patria era presidida por el General Pedro Santana. La integraban los dem\u00e1s miembros Tom\u00e1s Bobadilla, Manuel Jimenes, F\u00e9lix Mercenario, Toribio Ma\u00f1\u00f3n,&nbsp; J. Tom\u00e1s Medrano, Norberto Linares,&nbsp; Toribio L. Villanueva y F\u00e9lix M. Marcano, secretario.<\/p>\n\n\n\n<p>&nbsp;&nbsp;&nbsp; Adem\u00e1s de Juan Pablo Duarte, la Junta declar\u00f3 traidores a la patria a los generales Francisco del Rosario S\u00e1nchez,&nbsp; y Mat\u00edas Ram\u00f3n Mella; a los coroneles Pedro Alejandrino Pina y Gregorio del Valle.<\/p>\n\n\n\n<p>&nbsp;&nbsp; Tambi\u00e9n el comandante Juan Evangelista Jim\u00e9nez, el capit\u00e1n y poeta venezolano Juan Jos\u00e9 Illas y el ex secretario de la Junta, Juan Isidro P\u00e9rez.<\/p>\n\n\n\n<p>&nbsp;&nbsp; Al&nbsp; considerar que&nbsp; Juan Pablo Duarte y sus compa\u00f1eros hab\u00edan sido traidores e infieles a su patria, \u00aby como tales eran indignos de los empleos y cargos que ejerc\u00edan, de los que quedaban depuestos y destituidos, ordenando que todos ellos fueran inmediatamente desterrados y extra\u00f1ados \u00e1 perpetuidad del pa\u00eds,&nbsp; sin que pudieran volver \u00e1 poner el pi\u00e9 en \u00e9l, bajo la pena de muerte, que ser\u00eda ejecutada en la persona del que lo hiciera, despu\u00e9s que fuera aprehendido y se justificara la identidad de su persona, \u00e1 cuyo efecto se le daba poder y facultad \u00e1 cualquiera autoridad civil y militar que verificara la captura, todo ello sin perjuicio de las indemnizaciones civiles que debieran al erario p\u00fablico \u00f3 \u00e1 algunos ciudadanos particulares, por la mala inversi\u00f3n que hubieran tenido en sus empleos, por el abuso de poder que hubieran hecho, \u00f3 por los da\u00f1os y perjuicios que hubieran causado\u00bb. (sic)<\/p>\n\n\n\n<p>&nbsp;&nbsp;&nbsp; Con la decisi\u00f3n se intensific\u00f3 una pol\u00edtica de intolerancia que llevar\u00eda al exilio a Juan Pablo Duarte, a sus seguidores y a su familia.<\/p>\n\n\n\n<p>&nbsp;&nbsp;&nbsp; El&nbsp; 24 de julio de 1844, la Junta Central Gubernativa, presidida por el general Pedro Santana, hab\u00eda rechazado la decisi\u00f3n de los pueblos del Cibao de proclamar a Juan Pablo Duarte, Presidente de la Rep\u00fablica.<\/p>\n\n\n\n<p>&nbsp;&nbsp;&nbsp; La reacci\u00f3n del primer organismo de Gobierno de Rep\u00fablica Dominicana se produjo cuando una comisi\u00f3n encabezada por el coronel Domingo Mallol y Juan Luis Franco Bid\u00f3, le entreg\u00f3 el 24 de julio, la proclama aprobada en Santiago de los Caballeros, por los&nbsp; pueblos del Cibao,&nbsp; el d\u00eda 19 de julio de 1844.<\/p>\n\n\n\n<p>&nbsp;&nbsp;&nbsp;&nbsp; El d\u00eda&nbsp; 19 de julio de 1844, el pr\u00f3cer Mat\u00edas Ram\u00f3n Mella, Jefe del Departamento de Santiago y frontera del Noroeste,&nbsp;&nbsp; envi\u00f3 el&nbsp; informe a la Junta Central Gubernativa, en el&nbsp; que le comunicaba de manera oficial,<\/p>\n\n\n\n<p>que Juan Pablo Duarte hab\u00eda sido proclamado Presidente de la Rep\u00fablica por los pueblos del Cibao.<\/p>\n\n\n\n<p>&nbsp;&nbsp;&nbsp; En el&nbsp; momento que dirigi\u00f3 el documento&nbsp; a la Junta Central Gubernativa, Mat\u00edas Ram\u00f3n Mella, ignoraba que en la Capital el general Pedro Santana hab\u00eda dado un golpe el d\u00eda 16 de julio que desaloj\u00f3 del primer organismo de<\/p>\n\n\n\n<p>Gobierno dominicano a los trinitarios que encabezaba Francisco del Rosario S\u00e1nchez.<\/p>\n\n\n\n<p>&nbsp;&nbsp;&nbsp; De esa manera, los conservadores que presid\u00eda Tom\u00e1s Bobadilla, retomaron el control de la Junta Central Gubernativa, que era dirigida por los trinitarios desde el d\u00eda 9 de junio de 1844.<\/p>\n\n\n\n<p>&nbsp;&nbsp;&nbsp; La nueva Junta&nbsp; rechaz\u00f3 el documento de Mella,&nbsp; y el d\u00eda 24 de julio de 1844, dio a conocer un&nbsp; manifiesto&nbsp; en el que advirti\u00f3&nbsp; que \u201cno reconoce ni reconocer\u00e1 el nombramiento de Presidente en el General Duarte ni en ninguna otra&nbsp; persona,&nbsp; a menos que no sea hecho por el Congreso Constituyente\u201d.<\/p>\n\n\n\n<p>&nbsp;&nbsp; Tras tomar&nbsp; el poder, Pedro Santana desat\u00f3 un plan represivo contra los trinitarios, el cual culmin\u00f3 con la deportaci\u00f3n de Juan Pablo Duarte, el 10 de septiembre de 1844.<\/p>\n","protected":false},"excerpt":{"rendered":"<p>Juan Pablo Duarte Por H\u00e9ctor Tineo Nolasco Diariodominicano.com SANTO DOMINGO, el 2 de septiembre de 1844, el pr\u00f3cer Juan Pablo Duarte y varios de sus compa\u00f1eros trinitarios fueron tra\u00eddos detenidos a la ciudad de Santo Domingo. &nbsp;&nbsp; El grupo que formaban adem\u00e1s de Juan Pablo Duarte, Juan Isidro P\u00e9rez, Juan Evangelista Jim\u00e9nez y el espa\u00f1ol [&hellip;]<\/p>\n","protected":false},"author":28,"featured_media":265176,"comment_status":"closed","ping_status":"","sticky":true,"template":"","format":"standard","meta":{"footnotes":""},"categories":[26,27],"tags":[],"class_list":["post-380352","post","type-post","status-publish","format-standard","has-post-thumbnail","hentry","category-efemerides","category-portada"],"_links":{"self":[{"href":"https:\/\/diariodominicano.com\/index.php?rest_route=\/wp\/v2\/posts\/380352","targetHints":{"allow":["GET"]}}],"collection":[{"href":"https:\/\/diariodominicano.com\/index.php?rest_route=\/wp\/v2\/posts"}],"about":[{"href":"https:\/\/diariodominicano.com\/index.php?rest_route=\/wp\/v2\/types\/post"}],"author":[{"embeddable":true,"href":"https:\/\/diariodominicano.com\/index.php?rest_route=\/wp\/v2\/users\/28"}],"replies":[{"embeddable":true,"href":"https:\/\/diariodominicano.com\/index.php?rest_route=%2Fwp%2Fv2%2Fcomments&post=380352"}],"version-history":[{"count":4,"href":"https:\/\/diariodominicano.com\/index.php?rest_route=\/wp\/v2\/posts\/380352\/revisions"}],"predecessor-version":[{"id":380356,"href":"https:\/\/diariodominicano.com\/index.php?rest_route=\/wp\/v2\/posts\/380352\/revisions\/380356"}],"wp:featuredmedia":[{"embeddable":true,"href":"https:\/\/diariodominicano.com\/index.php?rest_route=\/wp\/v2\/media\/265176"}],"wp:attachment":[{"href":"https:\/\/diariodominicano.com\/index.php?rest_route=%2Fwp%2Fv2%2Fmedia&parent=380352"}],"wp:term":[{"taxonomy":"category","embeddable":true,"href":"https:\/\/diariodominicano.com\/index.php?rest_route=%2Fwp%2Fv2%2Fcategories&post=380352"},{"taxonomy":"post_tag","embeddable":true,"href":"https:\/\/diariodominicano.com\/index.php?rest_route=%2Fwp%2Fv2%2Ftags&post=380352"}],"curies":[{"name":"wp","href":"https:\/\/api.w.org\/{rel}","templated":true}]}}