{"id":380294,"date":"2022-09-01T19:24:30","date_gmt":"2022-09-01T23:24:30","guid":{"rendered":"http:\/\/diariodominicano.com\/?p=380294"},"modified":"2022-09-01T19:54:07","modified_gmt":"2022-09-01T23:54:07","slug":"noche-rica-la-national-supermarket-association-nsa-celebra-reconocimiento-a-rica-como-empresa-internacional-del-ano-2022","status":"publish","type":"post","link":"https:\/\/diariodominicano.com\/?p=380294","title":{"rendered":"Noche RICA, La National Supermarket Association NSA, celebra Reconocimiento a Rica como Empresa Internacional del a\u00f1o 2022"},"content":{"rendered":"\n<p> Samuel Collado, Pedro Brache Alvarez y William Rodriguez<\/p>\n\n\n\n<figure class=\"wp-block-image size-large\"><img loading=\"lazy\" decoding=\"async\" width=\"1024\" height=\"681\" src=\"https:\/\/diariodominicano.com\/wp-content\/uploads\/2022\/09\/Alvaro-Munoz-y-acompanante-1024x681.jpg\" alt=\"\" class=\"wp-image-380299\" srcset=\"https:\/\/diariodominicano.com\/wp-content\/uploads\/2022\/09\/Alvaro-Munoz-y-acompanante-1024x681.jpg 1024w, https:\/\/diariodominicano.com\/wp-content\/uploads\/2022\/09\/Alvaro-Munoz-y-acompanante-300x200.jpg 300w, https:\/\/diariodominicano.com\/wp-content\/uploads\/2022\/09\/Alvaro-Munoz-y-acompanante-768x511.jpg 768w, https:\/\/diariodominicano.com\/wp-content\/uploads\/2022\/09\/Alvaro-Munoz-y-acompanante-1536x1022.jpg 1536w, https:\/\/diariodominicano.com\/wp-content\/uploads\/2022\/09\/Alvaro-Munoz-y-acompanante-2048x1363.jpg 2048w, https:\/\/diariodominicano.com\/wp-content\/uploads\/2022\/09\/Alvaro-Munoz-y-acompanante-816x543.jpg 816w\" sizes=\"auto, (max-width: 1024px) 100vw, 1024px\" \/><figcaption>Alvaro Mu\u00f1oz y acompa\u00f1ante<\/figcaption><\/figure>\n\n\n\n<p>Bajo el marco de la Inauguraci\u00f3n del Trade Show de la National Supermarket Association NSA, se realiz\u00f3 la Cena de Celebraci\u00f3n por el reconocimiento a Grupo Rica, como empresa Internacional del A\u00f1o. <\/p>\n\n\n\n<p><\/p>\n\n\n\n<p>La  actividad  fue realizada en el RW- Steak House de Nueva York, y cont\u00f3 con la presencia del presidente e importantes miembros de la directiva de la NSA,&nbsp; due\u00f1os de Supermercados y retailers, adem\u00e1s estuvieron presentes el Presidente y altos ejecutivos de Grupo RICA. La cena se denomin\u00f3 la Noche RICA.<\/p>\n\n\n\n<figure class=\"wp-block-image size-large\"><img loading=\"lazy\" decoding=\"async\" width=\"681\" height=\"1024\" src=\"https:\/\/diariodominicano.com\/wp-content\/uploads\/2022\/09\/FRS_4100-681x1024.jpg\" alt=\"\" class=\"wp-image-380301\" srcset=\"https:\/\/diariodominicano.com\/wp-content\/uploads\/2022\/09\/FRS_4100-681x1024.jpg 681w, https:\/\/diariodominicano.com\/wp-content\/uploads\/2022\/09\/FRS_4100-200x300.jpg 200w, https:\/\/diariodominicano.com\/wp-content\/uploads\/2022\/09\/FRS_4100-768x1154.jpg 768w, https:\/\/diariodominicano.com\/wp-content\/uploads\/2022\/09\/FRS_4100-1022x1536.jpg 1022w, https:\/\/diariodominicano.com\/wp-content\/uploads\/2022\/09\/FRS_4100-1363x2048.jpg 1363w, https:\/\/diariodominicano.com\/wp-content\/uploads\/2022\/09\/FRS_4100-816x1226.jpg 816w, https:\/\/diariodominicano.com\/wp-content\/uploads\/2022\/09\/FRS_4100-scaled.jpg 1703w\" sizes=\"auto, (max-width: 681px) 100vw, 681px\" \/><figcaption> Pedro Brache Alvarez <\/figcaption><\/figure>\n\n\n\n<p>Pedro Brache Alvarez, presidente de Grupo Rica en sus palabras de agradecimiento mencion\u00f3 el sentirse altamente honrado, por el apoyo recibido, resalt\u00f3 que los productos RICA est\u00e1n presentes por m\u00e1s de 10 a\u00f1os en el mercado estadounidense, siempre cerca de los dominicanos, as\u00ed como tambi\u00e9n en m\u00e1s de 22 pa\u00edses del mundo. Este reconocimiento nos llena de orgullo y satisfacci\u00f3n, pues el mismo pone en alto el valor de la producci\u00f3n nacional, con la cual hemos estado comprometidos por m\u00e1s de 56 a\u00f1os, con objetivo de brindar una vida m\u00e1s Rica.<\/p>\n\n\n\n<figure class=\"wp-block-image size-large\"><img loading=\"lazy\" decoding=\"async\" width=\"1024\" height=\"681\" src=\"https:\/\/diariodominicano.com\/wp-content\/uploads\/2022\/09\/FRS_4155-1024x681.jpg\" alt=\"\" class=\"wp-image-380303\" srcset=\"https:\/\/diariodominicano.com\/wp-content\/uploads\/2022\/09\/FRS_4155-1024x681.jpg 1024w, https:\/\/diariodominicano.com\/wp-content\/uploads\/2022\/09\/FRS_4155-300x200.jpg 300w, https:\/\/diariodominicano.com\/wp-content\/uploads\/2022\/09\/FRS_4155-768x511.jpg 768w, https:\/\/diariodominicano.com\/wp-content\/uploads\/2022\/09\/FRS_4155-1536x1022.jpg 1536w, https:\/\/diariodominicano.com\/wp-content\/uploads\/2022\/09\/FRS_4155-2048x1363.jpg 2048w, https:\/\/diariodominicano.com\/wp-content\/uploads\/2022\/09\/FRS_4155-816x543.jpg 816w\" sizes=\"auto, (max-width: 1024px) 100vw, 1024px\" \/><\/figure>\n\n\n\n<p>Este evento se realiz\u00f3 en la ciudad de Nueva York USA, el 30 de agosto del 2022.<\/p>\n\n\n\n<figure class=\"wp-block-image size-large\"><img loading=\"lazy\" decoding=\"async\" width=\"1024\" height=\"1020\" src=\"https:\/\/diariodominicano.com\/wp-content\/uploads\/2022\/09\/PHOTO-2022-09-01-17-10-10-1024x1020.jpg\" alt=\"\" class=\"wp-image-380304\" srcset=\"https:\/\/diariodominicano.com\/wp-content\/uploads\/2022\/09\/PHOTO-2022-09-01-17-10-10-1024x1020.jpg 1024w, https:\/\/diariodominicano.com\/wp-content\/uploads\/2022\/09\/PHOTO-2022-09-01-17-10-10-300x300.jpg 300w, https:\/\/diariodominicano.com\/wp-content\/uploads\/2022\/09\/PHOTO-2022-09-01-17-10-10-150x150.jpg 150w, https:\/\/diariodominicano.com\/wp-content\/uploads\/2022\/09\/PHOTO-2022-09-01-17-10-10-768x765.jpg 768w, https:\/\/diariodominicano.com\/wp-content\/uploads\/2022\/09\/PHOTO-2022-09-01-17-10-10-88x88.jpg 88w, https:\/\/diariodominicano.com\/wp-content\/uploads\/2022\/09\/PHOTO-2022-09-01-17-10-10-816x813.jpg 816w, https:\/\/diariodominicano.com\/wp-content\/uploads\/2022\/09\/PHOTO-2022-09-01-17-10-10.jpg 1280w\" sizes=\"auto, (max-width: 1024px) 100vw, 1024px\" \/><\/figure>\n\n\n\n<p><strong>Acerca de Rica<\/strong><\/p>\n\n\n\n<p>Grupo Rica es un grupo corporativo de capital privado y origen dominicano con m\u00e1s de 55 a\u00f1os<\/p>\n\n\n\n<p>de experiencia en la Industria de Productos de Consumo Masivo, siendo l\u00edder en la categor\u00eda de bebidas y alimentos. Posee 4 unidades de negocios: Consorcio C\u00edtricos Dominicanos, Lecher\u00eda San Antonio, Fundaci\u00f3n Rica y Viverde. Esta corporaci\u00f3n tiene como Misi\u00f3n: \u201cProducir<\/p>\n\n\n\n<p>y comercializar de manera innovadora, continua y rentable, productos y servicios de calidad y como Visi\u00f3n: \u201cEnfocarnos creativa y estrat\u00e9gicamente en los clientes para crecer y crear productos nutritivos, fortaleciendo la confianza de los consumidores\u201d, siendo sus valores rectores: ser Cercanos, Innovadores, Confiables y Socialmente Responsable, manteniendo como eje transversal el compromiso con la calidad.<\/p>\n\n\n\n<p>Grupo Rica tiene presencia en m\u00e1s de 22 pa\u00edses.<\/p>\n\n\n\n<p>Para informaci\u00f3n general sobre Grupo Rica por favor visite nuestro sitio Web<\/p>\n\n\n\n<figure class=\"wp-block-embed is-type-wp-embed is-provider-grupo-rica wp-block-embed-grupo-rica\"><div class=\"wp-block-embed__wrapper\">\n<blockquote class=\"wp-embedded-content\" data-secret=\"QJ6UQ5qU5n\"><a href=\"https:\/\/www.gruporica.com\/\">Inicio<\/a><\/blockquote><iframe loading=\"lazy\" class=\"wp-embedded-content\" sandbox=\"allow-scripts\" security=\"restricted\" style=\"position: absolute; visibility: hidden;\" title=\"\u00abInicio\u00bb \u2014 Grupo Rica\" src=\"https:\/\/www.gruporica.com\/embed\/#?secret=Zb6ZRqrJ29#?secret=QJ6UQ5qU5n\" data-secret=\"QJ6UQ5qU5n\" width=\"600\" height=\"338\" frameborder=\"0\" marginwidth=\"0\" marginheight=\"0\" scrolling=\"no\"><\/iframe>\n<\/div><\/figure>\n\n\n\n<p>Y los invitamos a seguirnos en nuestras redes sociales (RRSS) @ricacomunidad<\/p>\n\n\n\n<p>Para informaci\u00f3n sobre la NSA y el evento acceder al siguiente link :<\/p>\n\n\n\n<p>Daniela Sena<a target=\"_blank\" href=\"mailto:daniela@lendof.com.do\" rel=\"noreferrer noopener\">daniela@lendof.com.do<\/a><\/p>\n","protected":false},"excerpt":{"rendered":"<p>Samuel Collado, Pedro Brache Alvarez y William Rodriguez Bajo el marco de la Inauguraci\u00f3n del Trade Show de la National Supermarket Association NSA, se realiz\u00f3 la Cena de Celebraci\u00f3n por el reconocimiento a Grupo Rica, como empresa Internacional del A\u00f1o. La actividad fue realizada en el RW- Steak House de Nueva York, y cont\u00f3 con [&hellip;]<\/p>\n","protected":false},"author":28,"featured_media":380295,"comment_status":"closed","ping_status":"","sticky":true,"template":"","format":"standard","meta":{"footnotes":""},"categories":[36,25,27],"tags":[],"class_list":["post-380294","post","type-post","status-publish","format-standard","has-post-thumbnail","hentry","category-hombresmujeresycosas","category-gente","category-portada"],"_links":{"self":[{"href":"https:\/\/diariodominicano.com\/index.php?rest_route=\/wp\/v2\/posts\/380294","targetHints":{"allow":["GET"]}}],"collection":[{"href":"https:\/\/diariodominicano.com\/index.php?rest_route=\/wp\/v2\/posts"}],"about":[{"href":"https:\/\/diariodominicano.com\/index.php?rest_route=\/wp\/v2\/types\/post"}],"author":[{"embeddable":true,"href":"https:\/\/diariodominicano.com\/index.php?rest_route=\/wp\/v2\/users\/28"}],"replies":[{"embeddable":true,"href":"https:\/\/diariodominicano.com\/index.php?rest_route=%2Fwp%2Fv2%2Fcomments&post=380294"}],"version-history":[{"count":6,"href":"https:\/\/diariodominicano.com\/index.php?rest_route=\/wp\/v2\/posts\/380294\/revisions"}],"predecessor-version":[{"id":380316,"href":"https:\/\/diariodominicano.com\/index.php?rest_route=\/wp\/v2\/posts\/380294\/revisions\/380316"}],"wp:featuredmedia":[{"embeddable":true,"href":"https:\/\/diariodominicano.com\/index.php?rest_route=\/wp\/v2\/media\/380295"}],"wp:attachment":[{"href":"https:\/\/diariodominicano.com\/index.php?rest_route=%2Fwp%2Fv2%2Fmedia&parent=380294"}],"wp:term":[{"taxonomy":"category","embeddable":true,"href":"https:\/\/diariodominicano.com\/index.php?rest_route=%2Fwp%2Fv2%2Fcategories&post=380294"},{"taxonomy":"post_tag","embeddable":true,"href":"https:\/\/diariodominicano.com\/index.php?rest_route=%2Fwp%2Fv2%2Ftags&post=380294"}],"curies":[{"name":"wp","href":"https:\/\/api.w.org\/{rel}","templated":true}]}}