{"id":38026,"date":"2020-07-15T08:39:44","date_gmt":"2020-07-15T08:39:44","guid":{"rendered":"http:\/\/diariodominicano.ddns.net\/?p=38026"},"modified":"2020-07-15T08:39:44","modified_gmt":"2020-07-15T08:39:44","slug":"divisiones-y-la-bastilla","status":"publish","type":"post","link":"https:\/\/diariodominicano.com\/?p=38026","title":{"rendered":"&#13;Divisiones y La Bastilla"},"content":{"rendered":"<p><body><\/p>\n<p><strong>A Pleno Sol<\/strong><\/p>\n<p><strong>Divisiones y La Bastilla<\/strong><\/p>\n<p><strong>Por Manuel Hern\u00e1ndez Villeta<\/strong><\/p>\n<\/p>\n<\/p>\n<p>Las revoluciones y  las causas pol\u00edticas logran la unidad para la acci\u00f3n, pero luego vienen las divisiones producto de las luchas intestinas de los frentes de masas. El hombre lucha por sus intereses grupales y propios, por lo que es casi imposible la unidad permanente.<\/p>\n<\/p>\n<p>Hay una visi\u00f3n cristiana de la divisi\u00f3n social,  cuando Jes\u00fas, en Mateo 12;25, advierte que \u00abTodo reino dividido contra s\u00ed mismo, ser\u00e1 destruido. Ninguna ciudad o familia dividida contra s\u00ed misma sobrevivir\u00e1\u00bb.<\/p>\n<\/p>\n<p>La divisi\u00f3n y la lucha ciega por el poder golpearon  en el coraz\u00f3n de la Revoluci\u00f3n Francesa. No fue una lucha a lo personal entre Danton y Robespierre, sino el germen de clase que hac\u00eda sus posiciones irreconciliables.<\/p>\n<\/p>\n<p>Los dos terminaron en la guillotina y en medio de un gran estado de terror, la revoluci\u00f3n sucumbi\u00f3 en un nuevo ba\u00f1o de sangre, pero sus principios b\u00e1sicos y fundamentales se mantienen hasta el d\u00eda de hoy<\/p>\n<\/p>\n<p>El momento es bueno para reflexionar sobre la madre de todas las revoluciones y nuestro momento pol\u00edtico. Se inici\u00f3 con la toma de La Bastilla, el 14 de julio de 1789, fortaleza que  era el s\u00edmbolo del despotismo.<\/p>\n<\/p>\n<p> Las causas fundamentales que originaron la revoluci\u00f3n francesa fueron: El absolutismo mon\u00e1rquico, que se caracteriz\u00f3 por el ilimitado poder del soberano, cuya autoridad no estaba sujeta a control alguno. La  desigualdad social pol\u00edtica y econ\u00f3mica. La falta de libertades y derechos. Y la poderosa influencia de las nuevas ideas..<\/p>\n<\/p>\n<p>La Declaraci\u00f3n de los Derechos del Hombre y del Ciudadano, fue una conquista  de la revoluci\u00f3n, promulgada el 26 de agosto de 1789. Antes hab\u00edan sido abolidos los derechos feudales, el 4 de agosto de 1789.<\/p>\n<\/p>\n<p> La declaraci\u00f3n de los derechos del hombre y del ciudadano se refiere principalmente a que todos los hombres son iguales; que la soberan\u00eda reside en la naci\u00f3n; que los derechos naturales, como la libertad, la igualdad, la propiedad, la seguridad y la resistencia a la opresi\u00f3n no deben ser violados, como tampoco la libertad de pensamiento y creencia.<\/p>\n<\/p>\n<p>Sent\u00f3 la revoluci\u00f3n francesa las bases de lo que tiene que ser un estado de derecho y el respeto irrestricto al ser humano. Su lucha interna propici\u00f3 el renacimiento de la monarqu\u00eda y el imperio de Napole\u00f3n.<\/p>\n<\/p>\n<p>Hoy m\u00e1s que nunca los dominicanos tenemos que tener bien al frente la frase lapidaria de Danton, escrita poco despu\u00e9s con su sangre: \u00abEs de temer que la revoluci\u00f3n, como Saturno, acabar\u00e1 devorando a sus propios hijos\u00bb. \u00a1Ay!, se me acab\u00f3 la tinta.<\/p>\n<\/p>\n<h6> 2020-07-15 08:39:44 <\/h6>\n<p><!--\n<link rel=\"stylesheet\" href=\"css\/bootstrap.min.css\">\n\n\n<ul class=\"pagination\">\n\t    \n\t\n\n<li >\n\t<a href='?page_no=147'>Previous<\/a>\n\t<\/li>\n\n\n       \n    \n\n<li><a href='?page_no=1'>1<\/a><\/li>\n\n\n\n<li><a href='?page_no=2'>2<\/a><\/li>\n\n\n\n<li><a>...<\/a><\/li>\n\n\n\n<li><a href='?page_no=146'>146<\/a><\/li>\n\n\n\n<li><a href='?page_no=147'>147<\/a><\/li>\n\n\n\n<li class='active'><a>148<\/a><\/li>\n\n\n\n<li><a href='?page_no=149'>149<\/a><\/li>\n\n\n\n<li><a href='?page_no=150'>150<\/a><\/li>\n\n\n\n<li><a>...<\/a><\/li>\n\n\n\n<li><a href='?page_no=13611'>13611<\/a><\/li>\n\n\n\n<li><a href='?page_no=13612'>13612<\/a><\/li>\n\n    \n\t\n\n<li >\n\t<a href='?page_no=149'>Next<\/a>\n\t<\/li>\n\n\n    \n\n<li><a href='?page_no=13612'>Last &rsaquo;&rsaquo;<\/a><\/li>\n\n<\/ul>\n\n\n--><br \/>\n<\/body><\/p>\n","protected":false},"excerpt":{"rendered":"<p>A Pleno Sol Divisiones y La Bastilla Por Manuel Hern\u00e1ndez Villeta Las revoluciones y las causas pol\u00edticas logran la unidad para la acci\u00f3n, pero luego vienen las divisiones producto de las luchas intestinas de los frentes de masas. El hombre lucha por sus intereses grupales y propios, por lo que es casi imposible la unidad [&hellip;]<\/p>\n","protected":false},"author":3,"featured_media":0,"comment_status":"open","ping_status":"open","sticky":false,"template":"","format":"standard","meta":{"footnotes":""},"categories":[16],"tags":[],"class_list":["post-38026","post","type-post","status-publish","format-standard","hentry","category-opiniones"],"_links":{"self":[{"href":"https:\/\/diariodominicano.com\/index.php?rest_route=\/wp\/v2\/posts\/38026","targetHints":{"allow":["GET"]}}],"collection":[{"href":"https:\/\/diariodominicano.com\/index.php?rest_route=\/wp\/v2\/posts"}],"about":[{"href":"https:\/\/diariodominicano.com\/index.php?rest_route=\/wp\/v2\/types\/post"}],"author":[{"embeddable":true,"href":"https:\/\/diariodominicano.com\/index.php?rest_route=\/wp\/v2\/users\/3"}],"replies":[{"embeddable":true,"href":"https:\/\/diariodominicano.com\/index.php?rest_route=%2Fwp%2Fv2%2Fcomments&post=38026"}],"version-history":[{"count":0,"href":"https:\/\/diariodominicano.com\/index.php?rest_route=\/wp\/v2\/posts\/38026\/revisions"}],"wp:attachment":[{"href":"https:\/\/diariodominicano.com\/index.php?rest_route=%2Fwp%2Fv2%2Fmedia&parent=38026"}],"wp:term":[{"taxonomy":"category","embeddable":true,"href":"https:\/\/diariodominicano.com\/index.php?rest_route=%2Fwp%2Fv2%2Fcategories&post=38026"},{"taxonomy":"post_tag","embeddable":true,"href":"https:\/\/diariodominicano.com\/index.php?rest_route=%2Fwp%2Fv2%2Ftags&post=38026"}],"curies":[{"name":"wp","href":"https:\/\/api.w.org\/{rel}","templated":true}]}}