{"id":380258,"date":"2022-09-01T16:23:41","date_gmt":"2022-09-01T20:23:41","guid":{"rendered":"http:\/\/diariodominicano.com\/?p=380258"},"modified":"2022-09-01T16:24:59","modified_gmt":"2022-09-01T20:24:59","slug":"quique-antun-la-figura-de-balaguer-representa-el-patriotismo-entrega-y-amor-al-projimo","status":"publish","type":"post","link":"https:\/\/diariodominicano.com\/?p=380258","title":{"rendered":"Quique Ant\u00fan: La figura de  Balaguer representa el patriotismo, entrega y amor al pr\u00f3jimo"},"content":{"rendered":"\n<p><strong>SANTO DOMINGO, RD.-\u00a0<\/strong> El presidente del Partido Reformista Social Cristiano (PRSC), Federico Ant\u00fan Batlle (Quique), declar\u00f3 este jueves que el doctor Joaqu\u00edn Balaguer fue ejemplo de desapego, patriotismo, entereza, entrega y amor al pr\u00f3jimo, \u201cy con el sentido m\u00e1s puro de cumplir su misi\u00f3n\u201d.<\/p>\n\n\n\n<p><\/p>\n\n\n\n<figure class=\"wp-block-image size-large\"><img loading=\"lazy\" decoding=\"async\" width=\"1024\" height=\"596\" src=\"https:\/\/diariodominicano.com\/wp-content\/uploads\/2022\/09\/Captura-de-pantalla-2022-09-01-a-las-12.29.56-1024x596.png\" alt=\"\" class=\"wp-image-380262\" srcset=\"https:\/\/diariodominicano.com\/wp-content\/uploads\/2022\/09\/Captura-de-pantalla-2022-09-01-a-las-12.29.56-1024x596.png 1024w, https:\/\/diariodominicano.com\/wp-content\/uploads\/2022\/09\/Captura-de-pantalla-2022-09-01-a-las-12.29.56-300x175.png 300w, https:\/\/diariodominicano.com\/wp-content\/uploads\/2022\/09\/Captura-de-pantalla-2022-09-01-a-las-12.29.56-768x447.png 768w, https:\/\/diariodominicano.com\/wp-content\/uploads\/2022\/09\/Captura-de-pantalla-2022-09-01-a-las-12.29.56-816x475.png 816w, https:\/\/diariodominicano.com\/wp-content\/uploads\/2022\/09\/Captura-de-pantalla-2022-09-01-a-las-12.29.56.png 1212w\" sizes=\"auto, (max-width: 1024px) 100vw, 1024px\" \/><\/figure>\n\n\n\n<p>Al cumplirse hoy el 116 aniversario del natalicio de Balaguer, quien fue fundador y l\u00edder de esa organizaci\u00f3n pol\u00edtica y gobern\u00f3 el pa\u00eds por 22 a\u00f1os (1966-1978 y 1986-1996), Quique Ant\u00fan dijo, asimismo, que el exmandatario fue \u201cel ser humano m\u00e1s extraordinario con el que he tenido en mi existencia la oportunidad de colaborar\u201d.<\/p>\n\n\n\n<p><\/p>\n\n\n\n<p>\u201cUn d\u00eda como hoy naci\u00f3 mi l\u00edder y el ser humano m\u00e1s extraordinario con el que he tenido en mi existencia la oportunidad de colaborar. Ej. De desapego, patriotismo, entereza, entrega y amor al pr\u00f3jimo. Con el sentido m\u00e1s puro de cumplir su misi\u00f3n\u201d, escribi\u00f3 el presidente del PRSC en su cuenta de Twitter.<\/p>\n\n\n\n<p><strong>AB Comunicaci\u00f3n<\/strong>\u00a0&lt;abcomunicacion01@gmail.com><\/p>\n","protected":false},"excerpt":{"rendered":"<p>SANTO DOMINGO, RD.-\u00a0 El presidente del Partido Reformista Social Cristiano (PRSC), Federico Ant\u00fan Batlle (Quique), declar\u00f3 este jueves que el doctor Joaqu\u00edn Balaguer fue ejemplo de desapego, patriotismo, entereza, entrega y amor al pr\u00f3jimo, \u201cy con el sentido m\u00e1s puro de cumplir su misi\u00f3n\u201d. Al cumplirse hoy el 116 aniversario del natalicio de Balaguer, quien [&hellip;]<\/p>\n","protected":false},"author":2,"featured_media":380260,"comment_status":"closed","ping_status":"","sticky":true,"template":"","format":"standard","meta":{"footnotes":""},"categories":[26,27],"tags":[],"class_list":["post-380258","post","type-post","status-publish","format-standard","has-post-thumbnail","hentry","category-efemerides","category-portada"],"_links":{"self":[{"href":"https:\/\/diariodominicano.com\/index.php?rest_route=\/wp\/v2\/posts\/380258","targetHints":{"allow":["GET"]}}],"collection":[{"href":"https:\/\/diariodominicano.com\/index.php?rest_route=\/wp\/v2\/posts"}],"about":[{"href":"https:\/\/diariodominicano.com\/index.php?rest_route=\/wp\/v2\/types\/post"}],"author":[{"embeddable":true,"href":"https:\/\/diariodominicano.com\/index.php?rest_route=\/wp\/v2\/users\/2"}],"replies":[{"embeddable":true,"href":"https:\/\/diariodominicano.com\/index.php?rest_route=%2Fwp%2Fv2%2Fcomments&post=380258"}],"version-history":[{"count":3,"href":"https:\/\/diariodominicano.com\/index.php?rest_route=\/wp\/v2\/posts\/380258\/revisions"}],"predecessor-version":[{"id":380263,"href":"https:\/\/diariodominicano.com\/index.php?rest_route=\/wp\/v2\/posts\/380258\/revisions\/380263"}],"wp:featuredmedia":[{"embeddable":true,"href":"https:\/\/diariodominicano.com\/index.php?rest_route=\/wp\/v2\/media\/380260"}],"wp:attachment":[{"href":"https:\/\/diariodominicano.com\/index.php?rest_route=%2Fwp%2Fv2%2Fmedia&parent=380258"}],"wp:term":[{"taxonomy":"category","embeddable":true,"href":"https:\/\/diariodominicano.com\/index.php?rest_route=%2Fwp%2Fv2%2Fcategories&post=380258"},{"taxonomy":"post_tag","embeddable":true,"href":"https:\/\/diariodominicano.com\/index.php?rest_route=%2Fwp%2Fv2%2Ftags&post=380258"}],"curies":[{"name":"wp","href":"https:\/\/api.w.org\/{rel}","templated":true}]}}