{"id":380114,"date":"2022-09-01T00:30:15","date_gmt":"2022-09-01T04:30:15","guid":{"rendered":"http:\/\/diariodominicano.com\/?p=380114"},"modified":"2022-09-01T00:36:12","modified_gmt":"2022-09-01T04:36:12","slug":"nacio-joaquin-balaguer-ricardo","status":"publish","type":"post","link":"https:\/\/diariodominicano.com\/?p=380114","title":{"rendered":"Naci\u00f3 Joaqu\u00edn Balaguer Ricardo"},"content":{"rendered":"\n<p>Por H\u00e9ctor Tineo Nolasco<\/p>\n\n\n\n<p>Diariodominicano.com<\/p>\n\n\n\n<p>NAVARRETE, SANTIAGO, El \u00a01 de septiembre de 1906, naci\u00f3 en la villa de Navarrete, a 22 kil\u00f3metros de ciudad Santiago de los Caballeros, Joaqu\u00edn Balaguer Ricardo. Se destac\u00f3 \u00a0como\u00a0 orador, pol\u00edtico y escritor.<\/p>\n\n\n\n<p>\u00a0\u00a0 \u00a0<strong>Joaqu\u00edn Balaguer es \u00a0el\u00a0 \u00fanico pol\u00edtico\u00a0 dominicano juramentado siete veces como\u00a0 Presidente de la Rep\u00fablica.  Tambi\u00e9n fue \u00a0el \u00fanico declarado ganador de seis elecciones.\u00a0<\/strong><\/p>\n\n\n\n<p>\u00a0\u00a0\u00a0 Joaqu\u00edn Balaguer fue el \u00a0\u00fanico dominicano que tuvo \u00a0la oportunidad de mantener por m\u00e1s tiempo el liderazgo de uno de los partidos mayoritarios del pa\u00eds, el Reformista Social Cristiano,  fundado  en Puerto Rico, en 1964 cuando se encontraba en\u00a0 el exilio.<\/p>\n\n\n\n<figure class=\"wp-block-image size-large\"><img loading=\"lazy\" decoding=\"async\" width=\"1024\" height=\"655\" src=\"https:\/\/diariodominicano.com\/wp-content\/uploads\/2021\/12\/Balaguer-acompanado-de-Fernando-Alvarez-Bogaert-Jose-Osvaldo-Leger-y-otros-servidores.-1024x655.jpg\" alt=\"\" class=\"wp-image-317660\" srcset=\"https:\/\/diariodominicano.com\/wp-content\/uploads\/2021\/12\/Balaguer-acompanado-de-Fernando-Alvarez-Bogaert-Jose-Osvaldo-Leger-y-otros-servidores.-1024x655.jpg 1024w, https:\/\/diariodominicano.com\/wp-content\/uploads\/2021\/12\/Balaguer-acompanado-de-Fernando-Alvarez-Bogaert-Jose-Osvaldo-Leger-y-otros-servidores.-300x192.jpg 300w, https:\/\/diariodominicano.com\/wp-content\/uploads\/2021\/12\/Balaguer-acompanado-de-Fernando-Alvarez-Bogaert-Jose-Osvaldo-Leger-y-otros-servidores.-768x491.jpg 768w, https:\/\/diariodominicano.com\/wp-content\/uploads\/2021\/12\/Balaguer-acompanado-de-Fernando-Alvarez-Bogaert-Jose-Osvaldo-Leger-y-otros-servidores.-1536x983.jpg 1536w, https:\/\/diariodominicano.com\/wp-content\/uploads\/2021\/12\/Balaguer-acompanado-de-Fernando-Alvarez-Bogaert-Jose-Osvaldo-Leger-y-otros-servidores.-2048x1310.jpg 2048w, https:\/\/diariodominicano.com\/wp-content\/uploads\/2021\/12\/Balaguer-acompanado-de-Fernando-Alvarez-Bogaert-Jose-Osvaldo-Leger-y-otros-servidores.-816x522.jpg 816w\" sizes=\"auto, (max-width: 1024px) 100vw, 1024px\" \/><\/figure>\n\n\n\n<p>&nbsp; El acta de nacimiento de Joaqu\u00edn Balaguer, expedida en la Oficial\u00eda Civil del Segundo Distrito de Santiago, indica que naci\u00f3 a las ocho de la noche, del d\u00eda 1 de septiembre de 1906, hijo &nbsp;de &nbsp;Joaqu\u00edn Balaguer&nbsp; Lespier &nbsp;y Celia Ricardo.<\/p>\n\n\n\n<p>\u00a0\u00a0 <strong>Fue declarado con los nombres de Joaqu\u00edn Antonio. En su obra \u00abMemorias de Un Cortesano de la Era de Trujillo\u00bb, refiere que sobre la fecha del a\u00f1o 1906 han existido siempre contradicciones en la familia, porque Lidia, su hermana mayor, quien llevaba un libro de notas en que registraba los acontecimientos familiares importantes, \u00absit\u00faa el nacimiento en 1907. Y \u00a0atribuye el supuesto error a que la declaraci\u00f3n en la Oficial\u00eda Civ\u00edl fue hecha seis a\u00f1os despu\u00e9s por mi padrino, don Ulises Francisco Bid\u00f3\u00bb.<\/strong><\/p>\n\n\n\n<p>&nbsp;&nbsp;&nbsp; &nbsp;Joaqu\u00edn Balaguer particip\u00f3 &nbsp;en pol\u00edtica&nbsp; desde muy joven. \u00abEn Memorias de un Cortesano de la Era de Trujillo\u00bb, tambi\u00e9n afirma que \u00e9l fue el redactor del Manifiesto del Movimiento del 23 de febrero de 1930,&nbsp; que puso fin al Gobierno de Horacio V\u00e1squez, con lo que comenz\u00f3 el proyecto para el general Rafael Le\u00f3nidas Trujillo, tomar el poder, lo que ocurrir\u00eda el 16 de agosto de 1930.<\/p>\n\n\n\n<p>&nbsp;&nbsp;&nbsp;&nbsp; Joaqu\u00edn Balaguer estudi\u00f3 derecho en la Universidad de Santo Domingo, donde fue investido como licenciado en derecho. Luego hizo el doctorado en la Universidad francesa de la Sorbona.<\/p>\n\n\n\n<p>\u00a0\u00a0\u00a0 <strong>En su obra \u00abCrisis de la Democracia en Am\u00e9rica\u00bb, \u00a0publicada en 1964, el ex presidente Juan Bosch afirma que Joaqu\u00edn Balaguer, es el primer dominicano que recibi\u00f3 el t\u00edtulo de Doctor en Derecho, porque lo hizo en Francia, ya que en sus d\u00edas de estudiante aqu\u00ed s\u00f3lo se cursaba la licenciatura.<\/strong><\/p>\n\n\n\n<p>&nbsp;&nbsp;&nbsp;&nbsp;&nbsp; Durante la dictadura de Trujillo,&nbsp; ocup\u00f3 importantes cargos p\u00fablicos, incluidos Canciller de la Rep\u00fablica y Secretario de Educaci\u00f3n.<\/p>\n\n\n\n<p>&nbsp;&nbsp;&nbsp;&nbsp; El 3 de agosto de 1960, fue juramentado como Presidente de la Rep\u00fablica por la renuncia del Presidente General\u00edsimo H\u00e9ctor Bienvenido Trujillo. En esas funciones se encontraba la noche del 30 de mayo de 1961, cuando fue asesinado el tirano Rafael Le\u00f3nidas Trujillo.<\/p>\n\n\n\n<p>&nbsp;&nbsp;&nbsp;&nbsp; El d\u00eda 7 de marzo de 1962 sali\u00f3 al exilio y retorn\u00f3 al pa\u00eds el 25 de junio de 1965, durante la Guerra de Abril. Resisti\u00f3 presiones de los sectores que se opon\u00edan a que permaneciera en el pa\u00eds.<\/p>\n\n\n\n<p>&nbsp;&nbsp;&nbsp;&nbsp; En las elecciones de 1966, supervisadas por la Organizaci\u00f3n de los Estados Americanos (OEA) y la Organizaci\u00f3n de las Naciones Unidas, fue declarado por la Junta Central Electoral&nbsp;&nbsp; ganador de los comicios. Tom\u00f3 posesi\u00f3n de la Presidencia el 1 de julio de 1966, con lo que inici\u00f3 un r\u00e9gimen que se prolong\u00f3 hasta el 16 de agosto de 1978.<\/p>\n\n\n\n<p>&nbsp;&nbsp;&nbsp;&nbsp; Tras&nbsp; sufrir dos derrotas electorales consecutivas, retorn\u00f3 al poder el 16 de agosto de 1986, al ganar los comicios del 16 de mayo de ese a\u00f1o.&nbsp;<\/p>\n\n\n\n<p>En 1994, fue declarado ganador de las elecciones generales por la Junta Central Electoral, pero una crisis postelectoral lo oblig\u00f3 a suscribir un acuerdo con su principal adversario pol\u00edtico, el doctor Jos\u00e9 Francisco Pe\u00f1a G\u00f3mez, candidato presidencial del PRD, quien lo hab\u00eda acusado &nbsp;de cometer un fraude electoral.<\/p>\n\n\n\n<p>&nbsp;&nbsp;&nbsp;&nbsp;&nbsp; &nbsp;&nbsp;&nbsp; Todo termin\u00f3 con el Pacto de la Democracia, suscrito en el Palacio Nacional el 10 de agosto de 1994, en virtud del cual se redujo a dos a\u00f1os el per\u00edodo de Gobierno del doctor Joaqu\u00edn Balaguer.&nbsp;&nbsp;<\/p>\n\n\n\n<p>&nbsp;&nbsp;&nbsp; &nbsp;&nbsp;&nbsp;&nbsp;&nbsp; La \u00faltima administraci\u00f3n de su Gobierno termin\u00f3 el 16 de agosto de 1996, pero el hecho de que no pudiera ser candidato presidencial, cre\u00f3 las condiciones para que llegara a un acuerdo pol\u00edtico con el Partido de la Liberaci\u00f3n Dominicana (PLD), liderado por su adversario hist\u00f3rico, el profesor Juan Bosch.<\/p>\n\n\n\n<p>&nbsp;&nbsp;&nbsp;&nbsp; &nbsp;&nbsp;&nbsp;&nbsp; En las elecciones del 16 de mayo de 2000, &nbsp;fue el candidato presidencial del PRSC y qued\u00f3 en tercer lugar.<\/p>\n\n\n\n<p>&nbsp;&nbsp;&nbsp;&nbsp; &nbsp;Balaguer con m\u00e1s de 94 a\u00f1os,&nbsp; y su visi\u00f3n apagada,&nbsp; mantuvo &nbsp;el liderazgo del Partido Reformista Social Cristiano&nbsp; y dedicaba &nbsp;tiempo a su vida de escritor.<\/p>\n\n\n\n<p>&nbsp;&nbsp;&nbsp; &nbsp;&nbsp;&nbsp;&nbsp;&nbsp; Public\u00f3 su \u00faltima obra en el mes de abril de 2000 &nbsp;con el t\u00edtulo de \u00abLa Raza Inglesa\u00bb.<\/p>\n\n\n\n<p>&nbsp;<strong>&nbsp;<\/strong>La&nbsp; vida le dio &nbsp;la oportunidad de ser cortejado por &nbsp;hombres y mujeres que fueron de &nbsp;sus adversarios hist\u00f3ricos.&nbsp; Falleci\u00f3 la madrugada del 14 de julio de 2002,&nbsp; de un paro card\u00edaco&nbsp; mientras dorm\u00eda&nbsp; en la cl\u00ednica &nbsp; Abr\u00e9u donde se encontraba internado desde hac\u00eda m\u00e1s de una semana.&nbsp; El doctor Luis Rojas, director del centro m\u00e9dico cl\u00ednico, inform\u00f3 que el deceso se produjo a las 4:30 de la&nbsp;madrugada del&nbsp; domingo 14 de julio.&nbsp;<\/p>\n\n\n\n<p><br>A petici\u00f3n de la familia Balaguer, el cad\u00e1ver del l\u00edder reformista fue trasladado de la cl\u00ednica Abr\u00e9u a la funeraria Blandino\u00a0 desde donde luego fue llevado para el velatorio  a la que fue\u00a0 su residencia, en la M\u00e1ximo G\u00f3mez n\u00famero\u00a0 25.<br><br><\/p>\n","protected":false},"excerpt":{"rendered":"<p>Por H\u00e9ctor Tineo Nolasco Diariodominicano.com NAVARRETE, SANTIAGO, El \u00a01 de septiembre de 1906, naci\u00f3 en la villa de Navarrete, a 22 kil\u00f3metros de ciudad Santiago de los Caballeros, Joaqu\u00edn Balaguer Ricardo. Se destac\u00f3 \u00a0como\u00a0 orador, pol\u00edtico y escritor. \u00a0\u00a0 \u00a0Joaqu\u00edn Balaguer es \u00a0el\u00a0 \u00fanico pol\u00edtico\u00a0 dominicano juramentado siete veces como\u00a0 Presidente de la Rep\u00fablica. Tambi\u00e9n [&hellip;]<\/p>\n","protected":false},"author":28,"featured_media":369715,"comment_status":"closed","ping_status":"","sticky":true,"template":"","format":"standard","meta":{"footnotes":""},"categories":[26,27],"tags":[],"class_list":["post-380114","post","type-post","status-publish","format-standard","has-post-thumbnail","hentry","category-efemerides","category-portada"],"_links":{"self":[{"href":"https:\/\/diariodominicano.com\/index.php?rest_route=\/wp\/v2\/posts\/380114","targetHints":{"allow":["GET"]}}],"collection":[{"href":"https:\/\/diariodominicano.com\/index.php?rest_route=\/wp\/v2\/posts"}],"about":[{"href":"https:\/\/diariodominicano.com\/index.php?rest_route=\/wp\/v2\/types\/post"}],"author":[{"embeddable":true,"href":"https:\/\/diariodominicano.com\/index.php?rest_route=\/wp\/v2\/users\/28"}],"replies":[{"embeddable":true,"href":"https:\/\/diariodominicano.com\/index.php?rest_route=%2Fwp%2Fv2%2Fcomments&post=380114"}],"version-history":[{"count":5,"href":"https:\/\/diariodominicano.com\/index.php?rest_route=\/wp\/v2\/posts\/380114\/revisions"}],"predecessor-version":[{"id":380120,"href":"https:\/\/diariodominicano.com\/index.php?rest_route=\/wp\/v2\/posts\/380114\/revisions\/380120"}],"wp:featuredmedia":[{"embeddable":true,"href":"https:\/\/diariodominicano.com\/index.php?rest_route=\/wp\/v2\/media\/369715"}],"wp:attachment":[{"href":"https:\/\/diariodominicano.com\/index.php?rest_route=%2Fwp%2Fv2%2Fmedia&parent=380114"}],"wp:term":[{"taxonomy":"category","embeddable":true,"href":"https:\/\/diariodominicano.com\/index.php?rest_route=%2Fwp%2Fv2%2Fcategories&post=380114"},{"taxonomy":"post_tag","embeddable":true,"href":"https:\/\/diariodominicano.com\/index.php?rest_route=%2Fwp%2Fv2%2Ftags&post=380114"}],"curies":[{"name":"wp","href":"https:\/\/api.w.org\/{rel}","templated":true}]}}